{"id":24683,"date":"2024-05-20T20:02:53","date_gmt":"2024-05-20T17:02:53","guid":{"rendered":"https:\/\/www.fener.org\/?p=24683"},"modified":"2024-05-20T20:02:57","modified_gmt":"2024-05-20T17:02:57","slug":"atletlerimiz-u23-akdeniz-sampiyonasini-3-birincilik-5-ikincilik-1-ucunculukle-tamamladi","status":"publish","type":"post","link":"https:\/\/www.fener.org\/index.php\/2024\/05\/20\/atletlerimiz-u23-akdeniz-sampiyonasini-3-birincilik-5-ikincilik-1-ucunculukle-tamamladi\/","title":{"rendered":"Atletlerimiz, U23 Akdeniz \u015eampiyonas\u0131\u2019n\u0131 3 birincilik, 5 ikincilik, 1 \u00fc\u00e7\u00fcnc\u00fcl\u00fckle tamamlad\u0131"},"content":{"rendered":"\n<p>M\u0131s\u0131r\u2019\u0131n \u0130skenderiye \u015fehrinde 18-19 May\u0131s tarihlerinde d\u00fczenlenen U23 Akdeniz \u015eampiyonas\u0131\u2019nda milli forma alt\u0131nda m\u00fccadele eden Fenerbah\u00e7e Atletizm \u015eubemiz sporcular\u0131 ba\u015far\u0131l\u0131 sonu\u00e7lara imza att\u0131.<\/p>\n\n\n\n<p>Sporcular\u0131m\u0131z iki g\u00fcn s\u00fcren yar\u0131\u015flar sonunda 3 birincilik, 5 ikincilik, 1 de \u00fc\u00e7\u00fcnc\u00fcl\u00fck elde etti. 33 ki\u015filik milli tak\u0131m kafilesinin 11\u2019ini olu\u015fturan atletlerimizin ald\u0131\u011f\u0131 dereceler \u015fu \u015fekilde:<\/p>\n\n\n\n<p>Esra T\u00fcrkmen &#8211; Cirit Atma 1.<br>P\u0131nar Akyol -G\u00fclle Atma 1.<br>\u00d6mer Faruk Bozda\u011f &#8211; 800 metre 1.<br>Elif llgaz &#8211; 100 metre engel 2.<br>Rahime Yi\u011fit &#8211; S\u0131r\u0131kla Y\u00fcksek Atlama 2.<br>H\u00fcseyin Mutlu Korkmaz -100 metre 2.<br>Ali Peker &#8211; G\u00fclle Atma 2.<br>\u0130brahim Karateker &#8211; 3000 metre engel 2.<br>Erdem Tilki &#8211; S\u0131r\u0131kla Y\u00fcksek Atlama 3.<\/p>\n","protected":false},"excerpt":{"rendered":"<p>M\u0131s\u0131r\u2019\u0131n \u0130skenderiye \u015fehrinde 18-19 May\u0131s tarihlerinde d\u00fczenlenen U23 Akdeniz \u015eampiyonas\u0131\u2019nda milli forma alt\u0131nda m\u00fccadele eden Fenerbah\u00e7e Atletizm \u015eubemiz sporcular\u0131 ba\u015far\u0131l\u0131 sonu\u00e7lara imza att\u0131. Sporcular\u0131m\u0131z iki g\u00fcn s\u00fcren yar\u0131\u015flar sonunda 3 birincilik, 5 ikincilik, 1 de \u00fc\u00e7\u00fcnc\u00fcl\u00fck elde etti. 33 ki\u015filik milli tak\u0131m kafilesinin 11\u2019ini olu\u015fturan atletlerimizin ald\u0131\u011f\u0131 dereceler \u015fu \u015fekilde: Esra T\u00fcrkmen &#8211; Cirit Atma [&hellip;]<\/p>\n","protected":false},"author":1,"featured_media":1279,"comment_status":"closed","ping_status":"closed","sticky":false,"template":"","format":"standard","meta":{"jnews-multi-image_gallery":[],"jnews_single_post":{"subtitle":"","format":"standard","video":"","gallery":"","source_name":"","source_url":"","via_name":"","via_url":"","override_template":"0","override":[{"template":"1","single_blog_custom":"","parallax":"1","fullscreen":"1","layout":"right-sidebar","sidebar":"mysidebar","second_sidebar":"default-sidebar","sticky_sidebar":"1","share_position":"float","share_float_style":"share-normal","show_share_counter":"1","show_view_counter":"1","show_featured":"1","show_post_meta":"1","show_post_author":"0","show_post_author_image":"1","show_post_date":"1","post_date_format":"default","post_date_format_custom":"Y\/m\/d","show_post_category":"0","show_post_reading_time":"0","post_reading_time_wpm":"300","show_zoom_button":"0","zoom_button_out_step":"2","zoom_button_in_step":"3","show_post_tag":"0","show_prev_next_post":"1","show_popup_post":"0","number_popup_post":"3","show_author_box":"0","show_post_related":"0","show_inline_post_related":"0"}],"override_image_size":"0","image_override":[{"single_post_thumbnail_size":"crop-500","single_post_gallery_size":"crop-500"}],"trending_post":"0","trending_post_position":"meta","trending_post_label":"Trending","sponsored_post":"0","sponsored_post_label":"Sponsored by","sponsored_post_name":"","sponsored_post_url":"","sponsored_post_logo_enable":"0","sponsored_post_logo":"","sponsored_post_desc":"","disable_ad":"0"},"jnews_primary_category":{"id":"13","hide":""},"jnews_social_meta":{"fb_title":"","fb_description":"","fb_image":"","twitter_title":"","twitter_description":"","twitter_image":""},"jnews_override_counter":{"override_view_counter":"0","view_counter_number":"0","override_share_counter":"0","share_counter_number":"0","override_like_counter":"0","like_counter_number":"0","override_dislike_counter":"0","dislike_counter_number":"0"},"footnotes":""},"categories":[13,2],"tags":[32,23],"class_list":["post-24683","post","type-post","status-publish","format-standard","has-post-thumbnail","hentry","category-atletizm","category-haberler","tag-atletizm","tag-fenerbahce"],"amp_enabled":true,"_links":{"self":[{"href":"https:\/\/www.fener.org\/index.php\/wp-json\/wp\/v2\/posts\/24683","targetHints":{"allow":["GET"]}}],"collection":[{"href":"https:\/\/www.fener.org\/index.php\/wp-json\/wp\/v2\/posts"}],"about":[{"href":"https:\/\/www.fener.org\/index.php\/wp-json\/wp\/v2\/types\/post"}],"author":[{"embeddable":true,"href":"https:\/\/www.fener.org\/index.php\/wp-json\/wp\/v2\/users\/1"}],"replies":[{"embeddable":true,"href":"https:\/\/www.fener.org\/index.php\/wp-json\/wp\/v2\/comments?post=24683"}],"version-history":[{"count":1,"href":"https:\/\/www.fener.org\/index.php\/wp-json\/wp\/v2\/posts\/24683\/revisions"}],"predecessor-version":[{"id":24684,"href":"https:\/\/www.fener.org\/index.php\/wp-json\/wp\/v2\/posts\/24683\/revisions\/24684"}],"wp:featuredmedia":[{"embeddable":true,"href":"https:\/\/www.fener.org\/index.php\/wp-json\/wp\/v2\/media\/1279"}],"wp:attachment":[{"href":"https:\/\/www.fener.org\/index.php\/wp-json\/wp\/v2\/media?parent=24683"}],"wp:term":[{"taxonomy":"category","embeddable":true,"href":"https:\/\/www.fener.org\/index.php\/wp-json\/wp\/v2\/categories?post=24683"},{"taxonomy":"post_tag","embeddable":true,"href":"https:\/\/www.fener.org\/index.php\/wp-json\/wp\/v2\/tags?post=24683"}],"curies":[{"name":"wp","href":"https:\/\/api.w.org\/{rel}","templated":true}]}}