{"id":24657,"date":"2024-05-18T20:13:45","date_gmt":"2024-05-18T17:13:45","guid":{"rendered":"https:\/\/www.fener.org\/?p=24657"},"modified":"2024-05-18T20:13:50","modified_gmt":"2024-05-18T17:13:50","slug":"atletlerimizden-ispanyada-uc-altin-madalya","status":"publish","type":"post","link":"https:\/\/www.fener.org\/index.php\/2024\/05\/18\/atletlerimizden-ispanyada-uc-altin-madalya\/","title":{"rendered":"Atletlerimizden \u0130spanya&#8217;da \u00fc\u00e7 alt\u0131n madalya"},"content":{"rendered":"\n<p>17 May\u0131s 2024 tarihinde \u0130spanya\u2019n\u0131n Andujar \u015fehrinde yap\u0131lan Meeting Ja\u00e9n Para\u00edso Interior yar\u0131\u015fmas\u0131nda piste \u00e7\u0131kan Fenerbah\u00e7eli milli sporcular\u0131m\u0131z ba\u015far\u0131l\u0131 sonu\u00e7lar alarak k\u00fcrs\u00fcye \u00e7\u0131kt\u0131lar.<\/p>\n\n\n\n<p>Disk atmada piste \u00e7\u0131kan atletimiz \u00d6zlem Becerek, 59.25 (SB) atarak k\u00fcrs\u00fcde ilk s\u0131ray\u0131 ald\u0131. \u00c7eki\u00e7 atmada ise zirveye \u00e7\u0131kan atletimiz \u00d6zkan Baltac\u0131, 74.20\u2019lik derecesiyle 1. oldu. Y\u00fcksek atlamada piste \u00e7\u0131kan atletimiz Alperen Acet ise 2.24 derecesiyle k\u00fcrs\u00fcn\u00fcn ilk basama\u011f\u0131nda yer alan bir di\u011fer atletimiz oldu.<\/p>\n","protected":false},"excerpt":{"rendered":"<p>17 May\u0131s 2024 tarihinde \u0130spanya\u2019n\u0131n Andujar \u015fehrinde yap\u0131lan Meeting Ja\u00e9n Para\u00edso Interior yar\u0131\u015fmas\u0131nda piste \u00e7\u0131kan Fenerbah\u00e7eli milli sporcular\u0131m\u0131z ba\u015far\u0131l\u0131 sonu\u00e7lar alarak k\u00fcrs\u00fcye \u00e7\u0131kt\u0131lar. Disk atmada piste \u00e7\u0131kan atletimiz \u00d6zlem Becerek, 59.25 (SB) atarak k\u00fcrs\u00fcde ilk s\u0131ray\u0131 ald\u0131. \u00c7eki\u00e7 atmada ise zirveye \u00e7\u0131kan atletimiz \u00d6zkan Baltac\u0131, 74.20\u2019lik derecesiyle 1. oldu. Y\u00fcksek atlamada piste \u00e7\u0131kan atletimiz Alperen [&hellip;]<\/p>\n","protected":false},"author":1,"featured_media":1279,"comment_status":"closed","ping_status":"closed","sticky":false,"template":"","format":"standard","meta":{"jnews-multi-image_gallery":[],"jnews_single_post":{"subtitle":"","format":"standard","video":"","gallery":"","source_name":"","source_url":"","via_name":"","via_url":"","override_template":"0","override":[{"template":"1","single_blog_custom":"","parallax":"1","fullscreen":"1","layout":"right-sidebar","sidebar":"mysidebar","second_sidebar":"default-sidebar","sticky_sidebar":"1","share_position":"float","share_float_style":"share-normal","show_share_counter":"1","show_view_counter":"1","show_featured":"1","show_post_meta":"1","show_post_author":"0","show_post_author_image":"1","show_post_date":"1","post_date_format":"default","post_date_format_custom":"Y\/m\/d","show_post_category":"0","show_post_reading_time":"0","post_reading_time_wpm":"300","show_zoom_button":"0","zoom_button_out_step":"2","zoom_button_in_step":"3","show_post_tag":"0","show_prev_next_post":"1","show_popup_post":"0","number_popup_post":"3","show_author_box":"0","show_post_related":"0","show_inline_post_related":"0"}],"override_image_size":"0","image_override":[{"single_post_thumbnail_size":"crop-500","single_post_gallery_size":"crop-500"}],"trending_post":"0","trending_post_position":"meta","trending_post_label":"Trending","sponsored_post":"0","sponsored_post_label":"Sponsored by","sponsored_post_name":"","sponsored_post_url":"","sponsored_post_logo_enable":"0","sponsored_post_logo":"","sponsored_post_desc":"","disable_ad":"0"},"jnews_primary_category":{"id":"13","hide":""},"jnews_social_meta":{"fb_title":"","fb_description":"","fb_image":"","twitter_title":"","twitter_description":"","twitter_image":""},"jnews_override_counter":{"override_view_counter":"0","view_counter_number":"0","override_share_counter":"0","share_counter_number":"0","override_like_counter":"0","like_counter_number":"0","override_dislike_counter":"0","dislike_counter_number":"0"},"footnotes":""},"categories":[13,2],"tags":[32,23],"class_list":["post-24657","post","type-post","status-publish","format-standard","has-post-thumbnail","hentry","category-atletizm","category-haberler","tag-atletizm","tag-fenerbahce"],"amp_enabled":true,"_links":{"self":[{"href":"https:\/\/www.fener.org\/index.php\/wp-json\/wp\/v2\/posts\/24657","targetHints":{"allow":["GET"]}}],"collection":[{"href":"https:\/\/www.fener.org\/index.php\/wp-json\/wp\/v2\/posts"}],"about":[{"href":"https:\/\/www.fener.org\/index.php\/wp-json\/wp\/v2\/types\/post"}],"author":[{"embeddable":true,"href":"https:\/\/www.fener.org\/index.php\/wp-json\/wp\/v2\/users\/1"}],"replies":[{"embeddable":true,"href":"https:\/\/www.fener.org\/index.php\/wp-json\/wp\/v2\/comments?post=24657"}],"version-history":[{"count":1,"href":"https:\/\/www.fener.org\/index.php\/wp-json\/wp\/v2\/posts\/24657\/revisions"}],"predecessor-version":[{"id":24658,"href":"https:\/\/www.fener.org\/index.php\/wp-json\/wp\/v2\/posts\/24657\/revisions\/24658"}],"wp:featuredmedia":[{"embeddable":true,"href":"https:\/\/www.fener.org\/index.php\/wp-json\/wp\/v2\/media\/1279"}],"wp:attachment":[{"href":"https:\/\/www.fener.org\/index.php\/wp-json\/wp\/v2\/media?parent=24657"}],"wp:term":[{"taxonomy":"category","embeddable":true,"href":"https:\/\/www.fener.org\/index.php\/wp-json\/wp\/v2\/categories?post=24657"},{"taxonomy":"post_tag","embeddable":true,"href":"https:\/\/www.fener.org\/index.php\/wp-json\/wp\/v2\/tags?post=24657"}],"curies":[{"name":"wp","href":"https:\/\/api.w.org\/{rel}","templated":true}]}}