{"id":24558,"date":"2024-04-29T20:03:50","date_gmt":"2024-04-29T17:03:50","guid":{"rendered":"https:\/\/www.fener.org\/?p=24558"},"modified":"2024-04-30T07:38:32","modified_gmt":"2024-04-30T04:38:32","slug":"olimpik-boksorumuz-samet-gumus-avrupa-sampiyonasinda-altin-madalya-kazandi","status":"publish","type":"post","link":"https:\/\/www.fener.org\/index.php\/2024\/04\/29\/olimpik-boksorumuz-samet-gumus-avrupa-sampiyonasinda-altin-madalya-kazandi\/","title":{"rendered":"Olimpik boks\u00f6r\u00fcm\u00fcz Samet G\u00fcm\u00fc\u015f, Avrupa \u015eampiyonas\u0131&#8217;nda alt\u0131n madalya kazand\u0131"},"content":{"rendered":"\n<p>S\u0131rbistan\u2019\u0131n ev sahipli\u011finde d\u00fczenlenen B\u00fcy\u00fckler Avrupa Boks \u015eampiyonas\u0131 finalinde ringe \u00e7\u0131kan Fenerbah\u00e7eli Olimpik boks\u00f6r\u00fcm\u00fcz Samet G\u00fcm\u00fc\u015f, b\u00fcy\u00fckler kategorisinde kat\u0131ld\u0131\u011f\u0131 ilk Avrupa \u015eampiyonas\u0131&#8217;nda alt\u0131n madalyan\u0131n sahibi oldu. G\u00fcm\u00fc\u015f, bu seviyede erkeklerde 13 y\u0131l aran\u0131n ard\u0131ndan ilk alt\u0131n madalyay\u0131 kazanan boks\u00f6r olarak tarihe ge\u00e7ti.<\/p>\n\n\n\n<p>Belgrad\u2019da bulunan Aleksandar Nikoli\u0107 Hall\u2019de yap\u0131lan final m\u00fcsabakalar\u0131nda 51 kilodaki Macar rakibi Atila Bernarth\u2019\u0131 4-1 ma\u011flup eden Fenerbah\u00e7eli milli sporcu Samet G\u00fcm\u00fc\u015f, k\u00fcrs\u00fcn\u00fcn ilk basama\u011f\u0131na \u00e7\u0131kma ba\u015far\u0131s\u0131 g\u00f6sterdi.<\/p>\n\n\n\n<p>2022 Avrupa U22 \u015eampiyonas\u0131\u2019nda alt\u0131n, 2022 Akdeniz Oyunlar\u0131\u2019nda bronz, 2023 Avrupa Oyunlar\u0131\u2019nda g\u00fcm\u00fc\u015f madalya kazanan Samet G\u00fcm\u00fc\u015f, 2024 Avrupa Oyunlar\u0131\u2019nda da alt\u0131n madalyaya uzanarak \u00f6nemli bir ba\u015far\u0131ya imza att\u0131.<\/p>\n\n\n\n<p>Olimpik boks\u00f6rlerimiz Buse Naz \u00c7ak\u0131ro\u011flu ve Busenaz S\u00fcrmeneli\u2019nin ard\u0131ndan Samet G\u00fcm\u00fc\u015f de alt\u0131n madalya kazanan bir di\u011fer sporcumuz oldu.<\/p>\n","protected":false},"excerpt":{"rendered":"<p>S\u0131rbistan\u2019\u0131n ev sahipli\u011finde d\u00fczenlenen B\u00fcy\u00fckler Avrupa Boks \u015eampiyonas\u0131 finalinde ringe \u00e7\u0131kan Fenerbah\u00e7eli Olimpik boks\u00f6r\u00fcm\u00fcz Samet G\u00fcm\u00fc\u015f, b\u00fcy\u00fckler kategorisinde kat\u0131ld\u0131\u011f\u0131 ilk Avrupa \u015eampiyonas\u0131&#8217;nda alt\u0131n madalyan\u0131n sahibi oldu. G\u00fcm\u00fc\u015f, bu seviyede erkeklerde 13 y\u0131l aran\u0131n ard\u0131ndan ilk alt\u0131n madalyay\u0131 kazanan boks\u00f6r olarak tarihe ge\u00e7ti. Belgrad\u2019da bulunan Aleksandar Nikoli\u0107 Hall\u2019de yap\u0131lan final m\u00fcsabakalar\u0131nda 51 kilodaki Macar rakibi Atila [&hellip;]<\/p>\n","protected":false},"author":1,"featured_media":24559,"comment_status":"closed","ping_status":"closed","sticky":false,"template":"","format":"standard","meta":{"jnews-multi-image_gallery":[],"jnews_single_post":{"subtitle":"Olimpik boks\u00f6r\u00fcm\u00fcz Samet G\u00fcm\u00fc\u015f, b\u00fcy\u00fckler kategorisinde kat\u0131ld\u0131\u011f\u0131 ilk Avrupa \u015eampiyonas\u0131'nda alt\u0131n madalyan\u0131n sahibi oldu.","format":"standard","video":"","gallery":"","source_name":"","source_url":"","via_name":"","via_url":"","override_template":"0","override":[{"template":"1","single_blog_custom":"","parallax":"1","fullscreen":"1","layout":"right-sidebar","sidebar":"mysidebar","second_sidebar":"default-sidebar","sticky_sidebar":"1","share_position":"float","share_float_style":"share-normal","show_share_counter":"1","show_view_counter":"1","show_featured":"1","show_post_meta":"1","show_post_author":"0","show_post_author_image":"1","show_post_date":"1","post_date_format":"default","post_date_format_custom":"Y\/m\/d","show_post_category":"0","show_post_reading_time":"0","post_reading_time_wpm":"300","show_zoom_button":"0","zoom_button_out_step":"2","zoom_button_in_step":"3","show_post_tag":"0","show_prev_next_post":"1","show_popup_post":"0","number_popup_post":"3","show_author_box":"0","show_post_related":"0","show_inline_post_related":"0"}],"override_image_size":"0","image_override":[{"single_post_thumbnail_size":"crop-500","single_post_gallery_size":"crop-500"}],"trending_post":"0","trending_post_position":"meta","trending_post_label":"Trending","sponsored_post":"0","sponsored_post_label":"Sponsored by","sponsored_post_name":"","sponsored_post_url":"","sponsored_post_logo_enable":"0","sponsored_post_logo":"","sponsored_post_desc":"","disable_ad":"0"},"jnews_primary_category":{"id":"15","hide":""},"jnews_social_meta":{"fb_title":"","fb_description":"","fb_image":"","twitter_title":"","twitter_description":"","twitter_image":""},"jnews_override_counter":{"override_view_counter":"0","view_counter_number":"0","override_share_counter":"0","share_counter_number":"0","override_like_counter":"0","like_counter_number":"0","override_dislike_counter":"0","dislike_counter_number":"0"},"footnotes":""},"categories":[15,2],"tags":[34,23],"class_list":["post-24558","post","type-post","status-publish","format-standard","has-post-thumbnail","hentry","category-boks","category-haberler","tag-boks","tag-fenerbahce"],"amp_enabled":true,"_links":{"self":[{"href":"https:\/\/www.fener.org\/index.php\/wp-json\/wp\/v2\/posts\/24558","targetHints":{"allow":["GET"]}}],"collection":[{"href":"https:\/\/www.fener.org\/index.php\/wp-json\/wp\/v2\/posts"}],"about":[{"href":"https:\/\/www.fener.org\/index.php\/wp-json\/wp\/v2\/types\/post"}],"author":[{"embeddable":true,"href":"https:\/\/www.fener.org\/index.php\/wp-json\/wp\/v2\/users\/1"}],"replies":[{"embeddable":true,"href":"https:\/\/www.fener.org\/index.php\/wp-json\/wp\/v2\/comments?post=24558"}],"version-history":[{"count":1,"href":"https:\/\/www.fener.org\/index.php\/wp-json\/wp\/v2\/posts\/24558\/revisions"}],"predecessor-version":[{"id":24560,"href":"https:\/\/www.fener.org\/index.php\/wp-json\/wp\/v2\/posts\/24558\/revisions\/24560"}],"wp:featuredmedia":[{"embeddable":true,"href":"https:\/\/www.fener.org\/index.php\/wp-json\/wp\/v2\/media\/24559"}],"wp:attachment":[{"href":"https:\/\/www.fener.org\/index.php\/wp-json\/wp\/v2\/media?parent=24558"}],"wp:term":[{"taxonomy":"category","embeddable":true,"href":"https:\/\/www.fener.org\/index.php\/wp-json\/wp\/v2\/categories?post=24558"},{"taxonomy":"post_tag","embeddable":true,"href":"https:\/\/www.fener.org\/index.php\/wp-json\/wp\/v2\/tags?post=24558"}],"curies":[{"name":"wp","href":"https:\/\/api.w.org\/{rel}","templated":true}]}}