{"id":24348,"date":"2024-04-13T00:18:56","date_gmt":"2024-04-12T21:18:56","guid":{"rendered":"https:\/\/www.fener.org\/?p=24348"},"modified":"2024-04-13T00:19:00","modified_gmt":"2024-04-12T21:19:00","slug":"sarunas-jasikevicius-isler-bizim-icin-acimizdan-yolunda-gitmedi","status":"publish","type":"post","link":"https:\/\/www.fener.org\/index.php\/2024\/04\/13\/sarunas-jasikevicius-isler-bizim-icin-acimizdan-yolunda-gitmedi\/","title":{"rendered":"Sarunas Jasikevicius: \u0130\u015fler bizim i\u00e7in a\u00e7\u0131m\u0131zdan yolunda gitmedi"},"content":{"rendered":"\n<p>Ba\u015fantren\u00f6r\u00fcm\u00fcz Sarunas Jasikevicius, EuroLeague son hafta m\u00fccadelesinde deplasmanda  Olympiacos ile oynanan ma\u00e7\u0131n ard\u0131ndan Fenerbah\u00e7e Televizyonu\u2019na yapt\u0131\u011f\u0131 a\u00e7\u0131klamada \u015funlar\u0131 s\u00f6yledi:<\/p>\n\n\n\n<blockquote class=\"wp-block-quote is-layout-flow wp-block-quote-is-layout-flow\">\n<p>&#8220;Play-off yolunda inan\u0131lmaz bir ma\u00e7 oldu. Hem atmosfer hem de yo\u011funluk a\u00e7\u0131s\u0131ndan. Genel anlamda oyunu kontrol etti\u011fimiz zamanlar oldu ama \u00e7ok iyi rakibe kar\u015f\u0131 oynad\u0131k. Geriye d\u00fc\u015ft\u00fc\u011f\u00fcm\u00fcz zamanlar oldu. \u00d6zellikle uzatma b\u00f6l\u00fcm\u00fcnde 5 say\u0131 \u00f6ndeyken, orada kontrol\u00fc kaybettik ve bu bize zarar verdi. Kontrol\u00fc tamamen ele almam\u0131z bir savunma \u00f6tedeydi ama i\u015fler bizim i\u00e7in a\u00e7\u0131m\u0131zdan yolunda gitmedi. Play-offlardan \u00f6nce b\u00f6yle ma\u00e7lara ihtiyac\u0131m\u0131z var. \u00c7e\u015fitlilik ve atmosfer a\u00e7\u0131s\u0131ndan \u00e7ok iyi oldu. Bu tip ma\u00e7larda detaylar \u00e7ok \u00f6nemli.<\/p>\n\n\n\n<p>Bireysellikten \u00e7ok oyuncular\u0131n nas\u0131l hissettikleri ve olduklar\u0131 \u00f6nemli. \u00c7ok k\u00f6t\u00fc bir hafta ge\u00e7irdik ama bug\u00fcn \u00e7ok iyiydik. \u00c7ok fazla ma\u00e7 oynad\u0131k. Evet, sezonu alt\u0131nc\u0131 s\u0131rada bitirdik. Duygulardan \u00f6te \u015fu an Monaco\u2019ya bakmam\u0131z gerekiyor. Rakibimiz Monaco oldu. EuroLeague\u2019in en iyi tak\u0131mlar\u0131ndan bir tanesi. \u00c7ok sa\u011flam bir proje ayn\u0131 ko\u00e7 ve oyuncularla devam ediyor.&#8221;<\/p>\n<\/blockquote>\n","protected":false},"excerpt":{"rendered":"<p>Ba\u015fantren\u00f6r\u00fcm\u00fcz Sarunas Jasikevicius, EuroLeague son hafta m\u00fccadelesinde deplasmanda Olympiacos ile oynanan ma\u00e7\u0131n ard\u0131ndan Fenerbah\u00e7e Televizyonu\u2019na yapt\u0131\u011f\u0131 a\u00e7\u0131klamada \u015funlar\u0131 s\u00f6yledi: &#8220;Play-off yolunda inan\u0131lmaz bir ma\u00e7 oldu. Hem atmosfer hem de yo\u011funluk a\u00e7\u0131s\u0131ndan. Genel anlamda oyunu kontrol etti\u011fimiz zamanlar oldu ama \u00e7ok iyi rakibe kar\u015f\u0131 oynad\u0131k. Geriye d\u00fc\u015ft\u00fc\u011f\u00fcm\u00fcz zamanlar oldu. \u00d6zellikle uzatma b\u00f6l\u00fcm\u00fcnde 5 say\u0131 \u00f6ndeyken, orada [&hellip;]<\/p>\n","protected":false},"author":1,"featured_media":22779,"comment_status":"closed","ping_status":"closed","sticky":false,"template":"","format":"standard","meta":{"jnews-multi-image_gallery":[],"jnews_single_post":{"subtitle":"Ba\u015fantren\u00f6r\u00fcm\u00fcz Sarunas Jasikevicius, deplasmanda Olympiacos\u2019a uzatma b\u00f6l\u00fcm\u00fc sonras\u0131nda 84-81 ma\u011flup oldu\u011fumuz ma\u00e7\u0131 Fenerbah\u00e7e Televizyonu\u2019na de\u011ferlendirdi.","format":"standard","video":"","gallery":"","source_name":"","source_url":"","via_name":"","via_url":"","override_template":"0","override":[{"template":"1","single_blog_custom":"","parallax":"1","fullscreen":"1","layout":"right-sidebar","sidebar":"mysidebar","second_sidebar":"default-sidebar","sticky_sidebar":"1","share_position":"float","share_float_style":"share-normal","show_share_counter":"1","show_view_counter":"1","show_featured":"1","show_post_meta":"1","show_post_author":"0","show_post_author_image":"1","show_post_date":"1","post_date_format":"default","post_date_format_custom":"Y\/m\/d","show_post_category":"0","show_post_reading_time":"0","post_reading_time_wpm":"300","show_zoom_button":"0","zoom_button_out_step":"2","zoom_button_in_step":"3","show_post_tag":"0","show_prev_next_post":"1","show_popup_post":"0","number_popup_post":"3","show_author_box":"0","show_post_related":"0","show_inline_post_related":"0"}],"override_image_size":"0","image_override":[{"single_post_thumbnail_size":"crop-500","single_post_gallery_size":"crop-500"}],"trending_post":"0","trending_post_position":"meta","trending_post_label":"Trending","sponsored_post":"0","sponsored_post_label":"Sponsored by","sponsored_post_name":"","sponsored_post_url":"","sponsored_post_logo_enable":"0","sponsored_post_logo":"","sponsored_post_desc":"","disable_ad":"0"},"jnews_primary_category":{"id":"5","hide":""},"jnews_social_meta":{"fb_title":"","fb_description":"","fb_image":"","twitter_title":"","twitter_description":"","twitter_image":""},"jnews_override_counter":{"override_view_counter":"0","view_counter_number":"0","override_share_counter":"0","share_counter_number":"0","override_like_counter":"0","like_counter_number":"0","override_dislike_counter":"0","dislike_counter_number":"0"},"footnotes":""},"categories":[5,6,2],"tags":[24,74,23],"class_list":["post-24348","post","type-post","status-publish","format-standard","has-post-thumbnail","hentry","category-basketbol","category-erkek-basketbol","category-haberler","tag-basketbol","tag-euroleague","tag-fenerbahce"],"amp_enabled":true,"_links":{"self":[{"href":"https:\/\/www.fener.org\/index.php\/wp-json\/wp\/v2\/posts\/24348","targetHints":{"allow":["GET"]}}],"collection":[{"href":"https:\/\/www.fener.org\/index.php\/wp-json\/wp\/v2\/posts"}],"about":[{"href":"https:\/\/www.fener.org\/index.php\/wp-json\/wp\/v2\/types\/post"}],"author":[{"embeddable":true,"href":"https:\/\/www.fener.org\/index.php\/wp-json\/wp\/v2\/users\/1"}],"replies":[{"embeddable":true,"href":"https:\/\/www.fener.org\/index.php\/wp-json\/wp\/v2\/comments?post=24348"}],"version-history":[{"count":1,"href":"https:\/\/www.fener.org\/index.php\/wp-json\/wp\/v2\/posts\/24348\/revisions"}],"predecessor-version":[{"id":24349,"href":"https:\/\/www.fener.org\/index.php\/wp-json\/wp\/v2\/posts\/24348\/revisions\/24349"}],"wp:featuredmedia":[{"embeddable":true,"href":"https:\/\/www.fener.org\/index.php\/wp-json\/wp\/v2\/media\/22779"}],"wp:attachment":[{"href":"https:\/\/www.fener.org\/index.php\/wp-json\/wp\/v2\/media?parent=24348"}],"wp:term":[{"taxonomy":"category","embeddable":true,"href":"https:\/\/www.fener.org\/index.php\/wp-json\/wp\/v2\/categories?post=24348"},{"taxonomy":"post_tag","embeddable":true,"href":"https:\/\/www.fener.org\/index.php\/wp-json\/wp\/v2\/tags?post=24348"}],"curies":[{"name":"wp","href":"https:\/\/api.w.org\/{rel}","templated":true}]}}