{"id":2425,"date":"2018-10-24T10:55:56","date_gmt":"2018-10-24T07:55:56","guid":{"rendered":"https:\/\/www.fener.org\/?p=2425"},"modified":"2018-10-24T10:55:56","modified_gmt":"2018-10-24T07:55:56","slug":"fenerbahcemiz-olympiakos-deplasmaninda","status":"publish","type":"post","link":"https:\/\/www.fener.org\/index.php\/2018\/10\/24\/fenerbahcemiz-olympiakos-deplasmaninda\/","title":{"rendered":"Fenerbah\u00e7emiz Olympiakos deplasman\u0131nda"},"content":{"rendered":"<p>Fenerbah\u00e7e Kad\u0131n Basketbol Tak\u0131m\u0131m\u0131z, Kad\u0131nlar Euroleague&#8217;de sezonun ilk hafta ma\u00e7\u0131nda Yunanistan temsilcisi Olympiakos deplasman\u0131nda m\u00fccadele edecek. Bug\u00fcn (24 Ekim \u00c7ar\u015famba g\u00fcn\u00fc) Tasos Kampouris Spor Salonu\u2019nda oynanacak ma\u00e7 saat 19.00\u2019da ba\u015flayacak.<\/p>\n<p>Ge\u00e7ti\u011fimiz sezon grubunu \u00fc\u00e7\u00fcnc\u00fc s\u0131rada bitiren ekibimiz, play-off turunda Macaristan&#8217;\u0131n Sopron tak\u0131m\u0131na elenmi\u015fti.<\/p>\n<p>Yunanistan Ligi&#8217;nde son \u00fc\u00e7 sezonu \u015fampiyon olarak tamamlayan Olympiakos ise tarihinde ilk kez Euroleague&#8217;de gruplara kald\u0131. \u00d6n elemede Polonya&#8217;n\u0131n Wisla CANPACK tak\u0131m\u0131yla kar\u015f\u0131la\u015fan Olympiakos, 63-63 sona eren ilk ma\u00e7\u0131n r\u00f6van\u015f\u0131nda, rakibini deplasmanda 47-46 yenerek tarihinde ilk kez gruplara kalmay\u0131 ba\u015fard\u0131.<\/p>\n","protected":false},"excerpt":{"rendered":"<p>Fenerbah\u00e7e Kad\u0131n Basketbol Tak\u0131m\u0131m\u0131z, Kad\u0131nlar Euroleague&#8217;de sezonun ilk hafta ma\u00e7\u0131nda Yunanistan temsilcisi Olympiakos deplasman\u0131nda m\u00fccadele edecek. Bug\u00fcn (24 Ekim \u00c7ar\u015famba g\u00fcn\u00fc) Tasos Kampouris Spor Salonu\u2019nda oynanacak ma\u00e7 saat 19.00\u2019da ba\u015flayacak. Ge\u00e7ti\u011fimiz sezon grubunu \u00fc\u00e7\u00fcnc\u00fc s\u0131rada bitiren ekibimiz, play-off turunda Macaristan&#8217;\u0131n Sopron tak\u0131m\u0131na elenmi\u015fti. Yunanistan Ligi&#8217;nde son \u00fc\u00e7 sezonu \u015fampiyon olarak tamamlayan Olympiakos ise tarihinde ilk [&hellip;]<\/p>\n","protected":false},"author":1,"featured_media":2426,"comment_status":"closed","ping_status":"closed","sticky":false,"template":"","format":"standard","meta":{"jnews-multi-image_gallery":[],"jnews_single_post":{"override_template":"0","override":[{"template":"1","single_blog_custom":"","parallax":"1","fullscreen":"0","layout":"right-sidebar","sidebar":"default-sidebar","second_sidebar":"default-sidebar","sticky_sidebar":"1","share_position":"top","share_float_style":"share-monocrhome","show_share_counter":"1","show_view_counter":"1","show_featured":"1","show_post_meta":"1","show_post_author":"1","show_post_author_image":"1","show_post_date":"1","post_date_format":"default","post_date_format_custom":"Y\/m\/d","show_post_category":"1","show_post_tag":"1","show_prev_next_post":"1","show_popup_post":"1","number_popup_post":"1","show_author_box":"0","show_post_related":"1","show_inline_post_related":"0"}],"override_image_size":"0","image_override":[{"single_post_thumbnail_size":"crop-500","single_post_gallery_size":"crop-500"}],"trending_post":"0","trending_post_position":"meta","trending_post_label":"Trending"},"jnews_primary_category":{"id":"5"},"jnews_social_meta":{"fb_title":"","fb_description":"","fb_image":"","twitter_title":"","twitter_description":"","twitter_image":""},"jnews_override_counter":{"override_view_counter":"0","view_counter_number":"0","override_share_counter":"0","share_counter_number":"0","override_like_counter":"0","like_counter_number":"0","override_dislike_counter":"0","dislike_counter_number":"0"},"footnotes":""},"categories":[5,2,7],"tags":[24,26],"class_list":["post-2425","post","type-post","status-publish","format-standard","has-post-thumbnail","hentry","category-basketbol","category-haberler","category-kadin-basketbol","tag-basketbol","tag-kadin-basketbol"],"amp_enabled":true,"_links":{"self":[{"href":"https:\/\/www.fener.org\/index.php\/wp-json\/wp\/v2\/posts\/2425","targetHints":{"allow":["GET"]}}],"collection":[{"href":"https:\/\/www.fener.org\/index.php\/wp-json\/wp\/v2\/posts"}],"about":[{"href":"https:\/\/www.fener.org\/index.php\/wp-json\/wp\/v2\/types\/post"}],"author":[{"embeddable":true,"href":"https:\/\/www.fener.org\/index.php\/wp-json\/wp\/v2\/users\/1"}],"replies":[{"embeddable":true,"href":"https:\/\/www.fener.org\/index.php\/wp-json\/wp\/v2\/comments?post=2425"}],"version-history":[{"count":1,"href":"https:\/\/www.fener.org\/index.php\/wp-json\/wp\/v2\/posts\/2425\/revisions"}],"predecessor-version":[{"id":2427,"href":"https:\/\/www.fener.org\/index.php\/wp-json\/wp\/v2\/posts\/2425\/revisions\/2427"}],"wp:featuredmedia":[{"embeddable":true,"href":"https:\/\/www.fener.org\/index.php\/wp-json\/wp\/v2\/media\/2426"}],"wp:attachment":[{"href":"https:\/\/www.fener.org\/index.php\/wp-json\/wp\/v2\/media?parent=2425"}],"wp:term":[{"taxonomy":"category","embeddable":true,"href":"https:\/\/www.fener.org\/index.php\/wp-json\/wp\/v2\/categories?post=2425"},{"taxonomy":"post_tag","embeddable":true,"href":"https:\/\/www.fener.org\/index.php\/wp-json\/wp\/v2\/tags?post=2425"}],"curies":[{"name":"wp","href":"https:\/\/api.w.org\/{rel}","templated":true}]}}