{"id":24,"date":"2018-08-10T23:34:30","date_gmt":"2018-08-10T20:34:30","guid":{"rendered":"https:\/\/www.fener.org\/?p=24"},"modified":"2018-09-03T16:17:42","modified_gmt":"2018-09-03T13:17:42","slug":"bursaspor-maci-hazirliklari-tamamlandi","status":"publish","type":"post","link":"https:\/\/www.fener.org\/index.php\/2018\/08\/10\/bursaspor-maci-hazirliklari-tamamlandi\/","title":{"rendered":"Bursaspor ma\u00e7\u0131 haz\u0131rl\u0131klar\u0131 tamamland\u0131"},"content":{"rendered":"<p>Fenerbah\u00e7emiz, 2018-2019 Spor Toto S\u00fcper Lig Lefter K\u00fc\u00e7\u00fckandonyadis Sezonu\u2019nun ilk haftas\u0131nda, kendi sahas\u0131nda Bursaspor ile oynayaca\u011f\u0131 ma\u00e7\u0131n haz\u0131rl\u0131klar\u0131n\u0131, Fenerbah\u00e7e Can Bartu Tesisleri\u2019nde bug\u00fcn sabah saatlerinde yapt\u0131\u011f\u0131 antrenmanla tamamlad\u0131.<\/p>\n<p>Teknik Direkt\u00f6r\u00fcm\u00fcz Phillip Cocu y\u00f6netimindeki antrenman saat 10.30\u2019da ba\u015flad\u0131. Ko\u015fu, \u0131s\u0131nma ve koordinasyon hareketleriyle start\u0131 verilen antrenman, 5\u2019e 2 top kapma ve pas \u00e7al\u0131\u015fmalar\u0131n\u0131n ard\u0131ndan, dar alanda yap\u0131lan taktiksel \u00e7al\u0131\u015fmalarla noktaland\u0131. Fenerbah\u00e7emiz bu antrenmanla Bursaspor ma\u00e7\u0131 haz\u0131rl\u0131klar\u0131n\u0131 tamamlad\u0131.<\/p>\n","protected":false},"excerpt":{"rendered":"<p>Fenerbah\u00e7emiz, 2018-2019 Spor Toto S\u00fcper Lig Lefter K\u00fc\u00e7\u00fckandonyadis Sezonu\u2019nun ilk haftas\u0131nda, kendi sahas\u0131nda Bursaspor ile oynayaca\u011f\u0131 ma\u00e7\u0131n haz\u0131rl\u0131klar\u0131n\u0131, Fenerbah\u00e7e Can Bartu Tesisleri\u2019nde bug\u00fcn sabah saatlerinde yapt\u0131\u011f\u0131 antrenmanla tamamlad\u0131. Teknik Direkt\u00f6r\u00fcm\u00fcz Phillip Cocu y\u00f6netimindeki antrenman saat 10.30\u2019da ba\u015flad\u0131. Ko\u015fu, \u0131s\u0131nma ve koordinasyon hareketleriyle start\u0131 verilen antrenman, 5\u2019e 2 top kapma ve pas \u00e7al\u0131\u015fmalar\u0131n\u0131n ard\u0131ndan, dar alanda [&hellip;]<\/p>\n","protected":false},"author":1,"featured_media":25,"comment_status":"open","ping_status":"open","sticky":false,"template":"","format":"standard","meta":{"jnews-multi-image_gallery":[],"jnews_single_post":{"override_template":"0","override":[{"template":"1","parallax":"1","fullscreen":"0","layout":"right-sidebar","sidebar":"default-sidebar","second_sidebar":"default-sidebar","sticky_sidebar":"1","share_position":"top","share_float_style":"share-monocrhome","show_share_counter":"1","show_view_counter":"1","show_featured":"1","show_post_meta":"1","show_post_author":"1","show_post_author_image":"1","show_post_date":"1","post_date_format":"default","post_date_format_custom":"Y\/m\/d","show_post_category":"1","show_post_tag":"1","show_prev_next_post":"1","show_popup_post":"1","number_popup_post":"1","show_author_box":"0","show_post_related":"1","show_inline_post_related":"0"}],"override_image_size":"0","image_override":[{"single_post_thumbnail_size":"crop-500","single_post_gallery_size":"crop-500"}]},"jnews_primary_category":{"id":"4"},"jnews_social_meta":[],"jnews_override_counter":[],"footnotes":""},"categories":[4,2,47],"tags":[],"class_list":["post-24","post","type-post","status-publish","format-standard","has-post-thumbnail","hentry","category-futbol","category-haberler","category-profesyonel-a-futbol-takimi"],"amp_enabled":true,"_links":{"self":[{"href":"https:\/\/www.fener.org\/index.php\/wp-json\/wp\/v2\/posts\/24","targetHints":{"allow":["GET"]}}],"collection":[{"href":"https:\/\/www.fener.org\/index.php\/wp-json\/wp\/v2\/posts"}],"about":[{"href":"https:\/\/www.fener.org\/index.php\/wp-json\/wp\/v2\/types\/post"}],"author":[{"embeddable":true,"href":"https:\/\/www.fener.org\/index.php\/wp-json\/wp\/v2\/users\/1"}],"replies":[{"embeddable":true,"href":"https:\/\/www.fener.org\/index.php\/wp-json\/wp\/v2\/comments?post=24"}],"version-history":[{"count":1,"href":"https:\/\/www.fener.org\/index.php\/wp-json\/wp\/v2\/posts\/24\/revisions"}],"predecessor-version":[{"id":26,"href":"https:\/\/www.fener.org\/index.php\/wp-json\/wp\/v2\/posts\/24\/revisions\/26"}],"wp:featuredmedia":[{"embeddable":true,"href":"https:\/\/www.fener.org\/index.php\/wp-json\/wp\/v2\/media\/25"}],"wp:attachment":[{"href":"https:\/\/www.fener.org\/index.php\/wp-json\/wp\/v2\/media?parent=24"}],"wp:term":[{"taxonomy":"category","embeddable":true,"href":"https:\/\/www.fener.org\/index.php\/wp-json\/wp\/v2\/categories?post=24"},{"taxonomy":"post_tag","embeddable":true,"href":"https:\/\/www.fener.org\/index.php\/wp-json\/wp\/v2\/tags?post=24"}],"curies":[{"name":"wp","href":"https:\/\/api.w.org\/{rel}","templated":true}]}}