{"id":23899,"date":"2024-03-07T12:59:07","date_gmt":"2024-03-07T09:59:07","guid":{"rendered":"https:\/\/www.fener.org\/?p=23899"},"modified":"2024-03-07T12:59:11","modified_gmt":"2024-03-07T09:59:11","slug":"fenerbahce-pendikspor-macinin-hakemleri-aciklandi","status":"publish","type":"post","link":"https:\/\/www.fener.org\/index.php\/2024\/03\/07\/fenerbahce-pendikspor-macinin-hakemleri-aciklandi\/","title":{"rendered":"Fenerbah\u00e7e &#8211; Pendikspor ma\u00e7\u0131n\u0131n hakemleri a\u00e7\u0131kland\u0131"},"content":{"rendered":"\n<p>Trendyol S\u00fcper Lig\u2019de 29. hafta m\u00fcsabakalar\u0131n\u0131 y\u00f6netecek hakemler a\u00e7\u0131kland\u0131. Buna g\u00f6re 10 Mart Pazar g\u00fcn\u00fc \u00dclker Stadyumu Fenerbah\u00e7e \u015e\u00fckr\u00fc Saraco\u011flu Spor Kompleksi\u2019nde oynanacak Fenerbah\u00e7e-Silta\u015f Yap\u0131 Pendikspor ma\u00e7\u0131nda Kadir Sa\u011flam d\u00fcd\u00fck \u00e7alacak. Sa\u011flam\u2019\u0131n yard\u0131mc\u0131l\u0131klar\u0131n\u0131 Mustafa S\u00f6nmez ve Canda\u015f Elbil yapacak. Kar\u015f\u0131la\u015fman\u0131n d\u00f6rd\u00fcnc\u00fc hakemi ise Burak Pakkan.<\/p>\n","protected":false},"excerpt":{"rendered":"<p>Trendyol S\u00fcper Lig\u2019de 29. hafta m\u00fcsabakalar\u0131n\u0131 y\u00f6netecek hakemler a\u00e7\u0131kland\u0131. Buna g\u00f6re 10 Mart Pazar g\u00fcn\u00fc \u00dclker Stadyumu Fenerbah\u00e7e \u015e\u00fckr\u00fc Saraco\u011flu Spor Kompleksi\u2019nde oynanacak Fenerbah\u00e7e-Silta\u015f Yap\u0131 Pendikspor ma\u00e7\u0131nda Kadir Sa\u011flam d\u00fcd\u00fck \u00e7alacak. Sa\u011flam\u2019\u0131n yard\u0131mc\u0131l\u0131klar\u0131n\u0131 Mustafa S\u00f6nmez ve Canda\u015f Elbil yapacak. Kar\u015f\u0131la\u015fman\u0131n d\u00f6rd\u00fcnc\u00fc hakemi ise Burak Pakkan.<\/p>\n","protected":false},"author":1,"featured_media":19533,"comment_status":"closed","ping_status":"closed","sticky":false,"template":"","format":"standard","meta":{"jnews-multi-image_gallery":[],"jnews_single_post":{"subtitle":"Fenerbah\u00e7emiz ile Silta\u015f Yap\u0131 Pendikspor aras\u0131nda oynanacak ma\u00e7\u0131 hakem Kadir Sa\u011flam y\u00f6netecek.","format":"standard","video":"","gallery":"","source_name":"","source_url":"","via_name":"","via_url":"","override_template":"0","override":[{"template":"1","single_blog_custom":"","parallax":"1","fullscreen":"1","layout":"right-sidebar","sidebar":"mysidebar","second_sidebar":"default-sidebar","sticky_sidebar":"1","share_position":"float","share_float_style":"share-normal","show_share_counter":"1","show_view_counter":"1","show_featured":"1","show_post_meta":"1","show_post_author":"0","show_post_author_image":"1","show_post_date":"1","post_date_format":"default","post_date_format_custom":"Y\/m\/d","show_post_category":"0","show_post_reading_time":"0","post_reading_time_wpm":"300","show_zoom_button":"0","zoom_button_out_step":"2","zoom_button_in_step":"3","show_post_tag":"0","show_prev_next_post":"1","show_popup_post":"0","number_popup_post":"3","show_author_box":"0","show_post_related":"0","show_inline_post_related":"0"}],"override_image_size":"0","image_override":[{"single_post_thumbnail_size":"crop-500","single_post_gallery_size":"crop-500"}],"trending_post":"0","trending_post_position":"meta","trending_post_label":"Trending","sponsored_post":"0","sponsored_post_label":"Sponsored by","sponsored_post_name":"","sponsored_post_url":"","sponsored_post_logo_enable":"0","sponsored_post_logo":"","sponsored_post_desc":"","disable_ad":"0"},"jnews_primary_category":{"id":"4","hide":""},"jnews_social_meta":{"fb_title":"","fb_description":"","fb_image":"","twitter_title":"","twitter_description":"","twitter_image":""},"jnews_override_counter":{"override_view_counter":"0","view_counter_number":"0","override_share_counter":"0","share_counter_number":"0","override_like_counter":"0","like_counter_number":"0","override_dislike_counter":"0","dislike_counter_number":"0"},"footnotes":""},"categories":[4,2,47],"tags":[23,54],"class_list":["post-23899","post","type-post","status-publish","format-standard","has-post-thumbnail","hentry","category-futbol","category-haberler","category-profesyonel-a-futbol-takimi","tag-fenerbahce","tag-futbol"],"amp_enabled":true,"_links":{"self":[{"href":"https:\/\/www.fener.org\/index.php\/wp-json\/wp\/v2\/posts\/23899","targetHints":{"allow":["GET"]}}],"collection":[{"href":"https:\/\/www.fener.org\/index.php\/wp-json\/wp\/v2\/posts"}],"about":[{"href":"https:\/\/www.fener.org\/index.php\/wp-json\/wp\/v2\/types\/post"}],"author":[{"embeddable":true,"href":"https:\/\/www.fener.org\/index.php\/wp-json\/wp\/v2\/users\/1"}],"replies":[{"embeddable":true,"href":"https:\/\/www.fener.org\/index.php\/wp-json\/wp\/v2\/comments?post=23899"}],"version-history":[{"count":1,"href":"https:\/\/www.fener.org\/index.php\/wp-json\/wp\/v2\/posts\/23899\/revisions"}],"predecessor-version":[{"id":23900,"href":"https:\/\/www.fener.org\/index.php\/wp-json\/wp\/v2\/posts\/23899\/revisions\/23900"}],"wp:featuredmedia":[{"embeddable":true,"href":"https:\/\/www.fener.org\/index.php\/wp-json\/wp\/v2\/media\/19533"}],"wp:attachment":[{"href":"https:\/\/www.fener.org\/index.php\/wp-json\/wp\/v2\/media?parent=23899"}],"wp:term":[{"taxonomy":"category","embeddable":true,"href":"https:\/\/www.fener.org\/index.php\/wp-json\/wp\/v2\/categories?post=23899"},{"taxonomy":"post_tag","embeddable":true,"href":"https:\/\/www.fener.org\/index.php\/wp-json\/wp\/v2\/tags?post=23899"}],"curies":[{"name":"wp","href":"https:\/\/api.w.org\/{rel}","templated":true}]}}