{"id":23788,"date":"2024-02-27T22:29:51","date_gmt":"2024-02-27T19:29:51","guid":{"rendered":"https:\/\/www.fener.org\/?p=23788"},"modified":"2024-02-27T22:29:57","modified_gmt":"2024-02-27T19:29:57","slug":"samya-hassani-fenerbahce-petrol-ofisinde","status":"publish","type":"post","link":"https:\/\/www.fener.org\/index.php\/2024\/02\/27\/samya-hassani-fenerbahce-petrol-ofisinde\/","title":{"rendered":"Samya Hassani Fenerbah\u00e7e Petrol Ofisi&#8217;nde"},"content":{"rendered":"\n<p>Fenerbah\u00e7e Petrol Ofisi Kad\u0131n Futbol Tak\u0131m\u0131m\u0131z, Hollanda Kad\u0131nlar Eredivisie Ligi tak\u0131mlar\u0131ndan SC Telstar formas\u0131 giyen Samya Hassani\u2019yi renklerine ba\u011flad\u0131.<\/p>\n\n\n\n<p>Fas mill\u00ee tak\u0131m\u0131 formas\u0131 da giyen Hollanda as\u0131ll\u0131 24 ya\u015f\u0131ndaki kanat oyuncusu, 2024-2025 sezonu sonuna kadar Fenerbah\u00e7emizin formas\u0131n\u0131 giyecek.<\/p>\n\n\n\n<p>Kul\u00fcb\u00fcm\u00fczden yap\u0131lan a\u00e7\u0131klamada \u015fu ifadeler yer ald\u0131:<\/p>\n\n\n\n<blockquote class=\"wp-block-quote is-layout-flow wp-block-quote-is-layout-flow\">\n<p>Fenerbah\u00e7e Petrol Ofisi Kad\u0131n Futbol Tak\u0131m\u0131m\u0131z, Hollanda Kad\u0131nlar Eredivisie Ligi tak\u0131mlar\u0131ndan SC Telstar formas\u0131 giyen Samya Hassani\u2019yi kadrosuna katt\u0131.<br>\u00a0<br>Fas mill\u00ee tak\u0131m\u0131 formas\u0131 da giyen Hollanda as\u0131ll\u0131 24 ya\u015f\u0131ndaki kanat oyuncusu, 2024-2025 sezonu sonuna kadar Fenerbah\u00e7emizin formas\u0131n\u0131 giyecek.<br>\u00a0<br>Oyuncumuza \u2018Kul\u00fcb\u00fcm\u00fcze Ho\u015f Geldin\u2019 diyor; \u00e7ubuklu formam\u0131zla nice ba\u015far\u0131lar diliyoruz.<br>\u00a0<br><strong>Fenerbah\u00e7e Spor Kul\u00fcb\u00fc<\/strong><\/p>\n<\/blockquote>\n","protected":false},"excerpt":{"rendered":"<p>Fenerbah\u00e7e Petrol Ofisi Kad\u0131n Futbol Tak\u0131m\u0131m\u0131z, Hollanda Kad\u0131nlar Eredivisie Ligi tak\u0131mlar\u0131ndan SC Telstar formas\u0131 giyen Samya Hassani\u2019yi renklerine ba\u011flad\u0131. Fas mill\u00ee tak\u0131m\u0131 formas\u0131 da giyen Hollanda as\u0131ll\u0131 24 ya\u015f\u0131ndaki kanat oyuncusu, 2024-2025 sezonu sonuna kadar Fenerbah\u00e7emizin formas\u0131n\u0131 giyecek. Kul\u00fcb\u00fcm\u00fczden yap\u0131lan a\u00e7\u0131klamada \u015fu ifadeler yer ald\u0131: Fenerbah\u00e7e Petrol Ofisi Kad\u0131n Futbol Tak\u0131m\u0131m\u0131z, Hollanda Kad\u0131nlar Eredivisie Ligi [&hellip;]<\/p>\n","protected":false},"author":1,"featured_media":23789,"comment_status":"closed","ping_status":"closed","sticky":false,"template":"","format":"standard","meta":{"jnews-multi-image_gallery":[],"jnews_single_post":{"subtitle":"Fenerbah\u00e7e Kad\u0131n Futbol Tak\u0131m\u0131m\u0131z, Hollanda as\u0131ll\u0131 kanat oyuncusu Samya Hassani\u2019yi kadrosuna katt\u0131\u011f\u0131n\u0131 a\u00e7\u0131klad\u0131.","format":"standard","video":"","gallery":"","source_name":"","source_url":"","via_name":"","via_url":"","override_template":"0","override":[{"template":"1","single_blog_custom":"","parallax":"1","fullscreen":"1","layout":"right-sidebar","sidebar":"mysidebar","second_sidebar":"default-sidebar","sticky_sidebar":"1","share_position":"float","share_float_style":"share-normal","show_share_counter":"1","show_view_counter":"1","show_featured":"1","show_post_meta":"1","show_post_author":"0","show_post_author_image":"1","show_post_date":"1","post_date_format":"default","post_date_format_custom":"Y\/m\/d","show_post_category":"0","show_post_reading_time":"0","post_reading_time_wpm":"300","show_zoom_button":"0","zoom_button_out_step":"2","zoom_button_in_step":"3","show_post_tag":"0","show_prev_next_post":"1","show_popup_post":"0","number_popup_post":"3","show_author_box":"0","show_post_related":"0","show_inline_post_related":"0"}],"override_image_size":"0","image_override":[{"single_post_thumbnail_size":"crop-500","single_post_gallery_size":"crop-500"}],"trending_post":"0","trending_post_position":"meta","trending_post_label":"Trending","sponsored_post":"0","sponsored_post_label":"Sponsored by","sponsored_post_name":"","sponsored_post_url":"","sponsored_post_logo_enable":"0","sponsored_post_logo":"","sponsored_post_desc":"","disable_ad":"0"},"jnews_primary_category":{"id":"4","hide":""},"jnews_social_meta":{"fb_title":"","fb_description":"","fb_image":"","twitter_title":"","twitter_description":"","twitter_image":""},"jnews_override_counter":{"override_view_counter":"0","view_counter_number":"0","override_share_counter":"0","share_counter_number":"0","override_like_counter":"0","like_counter_number":"0","override_dislike_counter":"0","dislike_counter_number":"0"},"footnotes":""},"categories":[4,2,191],"tags":[23,192],"class_list":["post-23788","post","type-post","status-publish","format-standard","has-post-thumbnail","hentry","category-futbol","category-haberler","category-kadin-futbol","tag-fenerbahce","tag-kadinfutbol"],"amp_enabled":true,"_links":{"self":[{"href":"https:\/\/www.fener.org\/index.php\/wp-json\/wp\/v2\/posts\/23788","targetHints":{"allow":["GET"]}}],"collection":[{"href":"https:\/\/www.fener.org\/index.php\/wp-json\/wp\/v2\/posts"}],"about":[{"href":"https:\/\/www.fener.org\/index.php\/wp-json\/wp\/v2\/types\/post"}],"author":[{"embeddable":true,"href":"https:\/\/www.fener.org\/index.php\/wp-json\/wp\/v2\/users\/1"}],"replies":[{"embeddable":true,"href":"https:\/\/www.fener.org\/index.php\/wp-json\/wp\/v2\/comments?post=23788"}],"version-history":[{"count":1,"href":"https:\/\/www.fener.org\/index.php\/wp-json\/wp\/v2\/posts\/23788\/revisions"}],"predecessor-version":[{"id":23790,"href":"https:\/\/www.fener.org\/index.php\/wp-json\/wp\/v2\/posts\/23788\/revisions\/23790"}],"wp:featuredmedia":[{"embeddable":true,"href":"https:\/\/www.fener.org\/index.php\/wp-json\/wp\/v2\/media\/23789"}],"wp:attachment":[{"href":"https:\/\/www.fener.org\/index.php\/wp-json\/wp\/v2\/media?parent=23788"}],"wp:term":[{"taxonomy":"category","embeddable":true,"href":"https:\/\/www.fener.org\/index.php\/wp-json\/wp\/v2\/categories?post=23788"},{"taxonomy":"post_tag","embeddable":true,"href":"https:\/\/www.fener.org\/index.php\/wp-json\/wp\/v2\/tags?post=23788"}],"curies":[{"name":"wp","href":"https:\/\/api.w.org\/{rel}","templated":true}]}}