{"id":23543,"date":"2024-02-11T08:53:47","date_gmt":"2024-02-11T05:53:47","guid":{"rendered":"https:\/\/www.fener.org\/?p=23543"},"modified":"2024-02-11T08:53:51","modified_gmt":"2024-02-11T05:53:51","slug":"atletlerimizden-buyukler-balkan-salon-sampiyonasinda-5-madalya","status":"publish","type":"post","link":"https:\/\/www.fener.org\/index.php\/2024\/02\/11\/atletlerimizden-buyukler-balkan-salon-sampiyonasinda-5-madalya\/","title":{"rendered":"Atletlerimizden B\u00fcy\u00fckler Balkan Salon \u015eampiyonas\u0131\u2019nda 5 madalya"},"content":{"rendered":"\n<ol class=\"wp-block-list\" start=\"28\">\n<li>B\u00fcy\u00fckler Balkan Salon \u015eampiyonas\u0131, \u0130stanbul&#8217;da Atak\u00f6y Kapal\u0131 Atletizm Salonu\u2019nda yap\u0131ld\u0131.<\/li>\n<\/ol>\n\n\n\n<p>Milli formayla madalya m\u00fccadelesi veren atletlerimiz \u00fclkemize 2 alt\u0131n, 3 de g\u00fcm\u00fc\u015f madalya kazand\u0131rd\u0131. Yar\u0131\u015flar\u0131 Amat\u00f6r \u015eubeler Koordinat\u00f6r\u00fcm\u00fcz Fikret \u00c7etinkaya, \u015eube Sorumlumuz \u0130hsan \u00d6zden ile Teknik Menajerimiz Hakan Beceren de izledi.<\/p>\n\n\n\n<p>Erkekler 800 metrede piste \u00e7\u0131kan \u00d6mer Faruk Bozda\u011f yar\u0131\u015f\u0131n\u0131 zirvede tamamlad\u0131 ve Bal\u015fkan \u015eampiyonu oldu. Erkekler 800 metrede Salih Teks\u00f6z, kad\u0131nlar 3 ad\u0131m atlamada Gizem Akg\u00f6z ve 1500 metrede Burcu Subatan g\u00fcm\u00fc\u015f madalyan\u0131n sahibi oldular.<\/p>\n\n\n\n<p>\u00d6te yandan \u0130lyas \u00c7anak\u00e7\u0131\u2019n\u0131n da yer ald\u0131\u011f\u0131 4&#215;400 metre bayrak tak\u0131m\u0131 da Balkan \u015eampiyonlu\u011fu elde etti.<\/p>\n","protected":false},"excerpt":{"rendered":"<p>Milli formayla madalya m\u00fccadelesi veren atletlerimiz \u00fclkemize 2 alt\u0131n, 3 de g\u00fcm\u00fc\u015f madalya kazand\u0131rd\u0131. Yar\u0131\u015flar\u0131 Amat\u00f6r \u015eubeler Koordinat\u00f6r\u00fcm\u00fcz Fikret \u00c7etinkaya, \u015eube Sorumlumuz \u0130hsan \u00d6zden ile Teknik Menajerimiz Hakan Beceren de izledi. Erkekler 800 metrede piste \u00e7\u0131kan \u00d6mer Faruk Bozda\u011f yar\u0131\u015f\u0131n\u0131 zirvede tamamlad\u0131 ve Bal\u015fkan \u015eampiyonu oldu. Erkekler 800 metrede Salih Teks\u00f6z, kad\u0131nlar 3 ad\u0131m atlamada [&hellip;]<\/p>\n","protected":false},"author":1,"featured_media":1279,"comment_status":"closed","ping_status":"closed","sticky":false,"template":"","format":"standard","meta":{"jnews-multi-image_gallery":[],"jnews_single_post":{"subtitle":"","format":"standard","video":"","gallery":"","source_name":"","source_url":"","via_name":"","via_url":"","override_template":"0","override":[{"template":"1","single_blog_custom":"","parallax":"1","fullscreen":"1","layout":"right-sidebar","sidebar":"mysidebar","second_sidebar":"default-sidebar","sticky_sidebar":"1","share_position":"float","share_float_style":"share-normal","show_share_counter":"1","show_view_counter":"1","show_featured":"1","show_post_meta":"1","show_post_author":"0","show_post_author_image":"1","show_post_date":"1","post_date_format":"default","post_date_format_custom":"Y\/m\/d","show_post_category":"0","show_post_reading_time":"0","post_reading_time_wpm":"300","show_zoom_button":"0","zoom_button_out_step":"2","zoom_button_in_step":"3","show_post_tag":"0","show_prev_next_post":"1","show_popup_post":"0","number_popup_post":"3","show_author_box":"0","show_post_related":"0","show_inline_post_related":"0"}],"override_image_size":"0","image_override":[{"single_post_thumbnail_size":"crop-500","single_post_gallery_size":"crop-500"}],"trending_post":"0","trending_post_position":"meta","trending_post_label":"Trending","sponsored_post":"0","sponsored_post_label":"Sponsored by","sponsored_post_name":"","sponsored_post_url":"","sponsored_post_logo_enable":"0","sponsored_post_logo":"","sponsored_post_desc":"","disable_ad":"0"},"jnews_primary_category":{"id":"13","hide":""},"jnews_social_meta":{"fb_title":"","fb_description":"","fb_image":"","twitter_title":"","twitter_description":"","twitter_image":""},"jnews_override_counter":{"override_view_counter":"0","view_counter_number":"0","override_share_counter":"0","share_counter_number":"0","override_like_counter":"0","like_counter_number":"0","override_dislike_counter":"0","dislike_counter_number":"0"},"footnotes":""},"categories":[13,2],"tags":[32,23],"class_list":["post-23543","post","type-post","status-publish","format-standard","has-post-thumbnail","hentry","category-atletizm","category-haberler","tag-atletizm","tag-fenerbahce"],"amp_enabled":true,"_links":{"self":[{"href":"https:\/\/www.fener.org\/index.php\/wp-json\/wp\/v2\/posts\/23543","targetHints":{"allow":["GET"]}}],"collection":[{"href":"https:\/\/www.fener.org\/index.php\/wp-json\/wp\/v2\/posts"}],"about":[{"href":"https:\/\/www.fener.org\/index.php\/wp-json\/wp\/v2\/types\/post"}],"author":[{"embeddable":true,"href":"https:\/\/www.fener.org\/index.php\/wp-json\/wp\/v2\/users\/1"}],"replies":[{"embeddable":true,"href":"https:\/\/www.fener.org\/index.php\/wp-json\/wp\/v2\/comments?post=23543"}],"version-history":[{"count":1,"href":"https:\/\/www.fener.org\/index.php\/wp-json\/wp\/v2\/posts\/23543\/revisions"}],"predecessor-version":[{"id":23544,"href":"https:\/\/www.fener.org\/index.php\/wp-json\/wp\/v2\/posts\/23543\/revisions\/23544"}],"wp:featuredmedia":[{"embeddable":true,"href":"https:\/\/www.fener.org\/index.php\/wp-json\/wp\/v2\/media\/1279"}],"wp:attachment":[{"href":"https:\/\/www.fener.org\/index.php\/wp-json\/wp\/v2\/media?parent=23543"}],"wp:term":[{"taxonomy":"category","embeddable":true,"href":"https:\/\/www.fener.org\/index.php\/wp-json\/wp\/v2\/categories?post=23543"},{"taxonomy":"post_tag","embeddable":true,"href":"https:\/\/www.fener.org\/index.php\/wp-json\/wp\/v2\/tags?post=23543"}],"curies":[{"name":"wp","href":"https:\/\/api.w.org\/{rel}","templated":true}]}}