{"id":23483,"date":"2024-02-05T19:57:53","date_gmt":"2024-02-05T16:57:53","guid":{"rendered":"https:\/\/www.fener.org\/?p=23483"},"modified":"2024-02-05T19:57:56","modified_gmt":"2024-02-05T16:57:56","slug":"atletlerimiz-balkan-u20-salon-atletizm-sampiyonasinda-9-madalya-kazandi","status":"publish","type":"post","link":"https:\/\/www.fener.org\/index.php\/2024\/02\/05\/atletlerimiz-balkan-u20-salon-atletizm-sampiyonasinda-9-madalya-kazandi\/","title":{"rendered":"Atletlerimiz, Balkan U20 Salon Atletizm \u015eampiyonas\u0131\u2019nda 9 madalya kazand\u0131"},"content":{"rendered":"\n<p>\u00dclkemizi Balkan 20 Ya\u015f Alt\u0131 Salon Atletizm \u015eampiyonas\u0131&#8217;nda temsil eden 23 sporcunun 16\u2019s\u0131n\u0131 olu\u015fturan atletlerimiz, \u015fampiyonay\u0131 9 madalyayla tamamlarken, 1 de T\u00fcrkiye rekoru k\u0131rd\u0131.<\/p>\n\n\n\n<p>4 \u015eubat Pazar g\u00fcn\u00fc yap\u0131lan yar\u0131\u015flarda kad\u0131nlar s\u0131r\u0131kla y\u00fcksek atlamada Rahime Yi\u011fit 4.16 metrelik derecesiyle zirvede yer ald\u0131 ve T\u00fcrkiye rekoru k\u0131rd\u0131.<\/p>\n\n\n\n<p>4&#215;400 metrede de atletlerimiz Mustafa \u00c7inpolat, Eren Keser ve \u00d6mer Faruk Esen\u2019in yer ald\u0131\u011f\u0131 4&#215;400 metre tak\u0131m\u0131 yar\u0131\u015f\u0131 birinci bitirdi.<\/p>\n\n\n\n<p>3000 metre kad\u0131nlarda Edibe Ya\u011f\u0131z, 400 metre erkeklerde Mustafa \u00c7inpolat ile erkekler g\u00fclle atmada Ali Peker g\u00fcm\u00fc\u015f madalya kazan\u0131rken; erkekler 3000 metrede Ali Tun\u00e7, y\u00fcksek atlamada Yasir Kuduban, 3 ad\u0131m atlamada Emre \u00c7olak ile 60 metrede H\u00fcseyin Mutlu Korkmaz k\u00fcrs\u00fcn\u00fcn \u00fc\u00e7\u00fcnc\u00fc basama\u011f\u0131na \u00e7\u0131kt\u0131.<\/p>\n","protected":false},"excerpt":{"rendered":"<p>\u00dclkemizi Balkan 20 Ya\u015f Alt\u0131 Salon Atletizm \u015eampiyonas\u0131&#8217;nda temsil eden 23 sporcunun 16\u2019s\u0131n\u0131 olu\u015fturan atletlerimiz, \u015fampiyonay\u0131 9 madalyayla tamamlarken, 1 de T\u00fcrkiye rekoru k\u0131rd\u0131. 4 \u015eubat Pazar g\u00fcn\u00fc yap\u0131lan yar\u0131\u015flarda kad\u0131nlar s\u0131r\u0131kla y\u00fcksek atlamada Rahime Yi\u011fit 4.16 metrelik derecesiyle zirvede yer ald\u0131 ve T\u00fcrkiye rekoru k\u0131rd\u0131. 4&#215;400 metrede de atletlerimiz Mustafa \u00c7inpolat, Eren Keser ve [&hellip;]<\/p>\n","protected":false},"author":1,"featured_media":1279,"comment_status":"closed","ping_status":"closed","sticky":false,"template":"","format":"standard","meta":{"jnews-multi-image_gallery":[],"jnews_single_post":{"subtitle":"Balkan 20 Ya\u015f Alt\u0131 Salon Atletizm \u015eampiyonas\u0131, S\u0131rbistan\u2019\u0131n ba\u015fkenti Belgrad\u2019da yap\u0131ld\u0131.","format":"standard","video":"","gallery":"","source_name":"","source_url":"","via_name":"","via_url":"","override_template":"0","override":[{"template":"1","single_blog_custom":"","parallax":"1","fullscreen":"1","layout":"right-sidebar","sidebar":"mysidebar","second_sidebar":"default-sidebar","sticky_sidebar":"1","share_position":"float","share_float_style":"share-normal","show_share_counter":"1","show_view_counter":"1","show_featured":"1","show_post_meta":"1","show_post_author":"0","show_post_author_image":"1","show_post_date":"1","post_date_format":"default","post_date_format_custom":"Y\/m\/d","show_post_category":"0","show_post_reading_time":"0","post_reading_time_wpm":"300","show_zoom_button":"0","zoom_button_out_step":"2","zoom_button_in_step":"3","show_post_tag":"0","show_prev_next_post":"1","show_popup_post":"0","number_popup_post":"3","show_author_box":"0","show_post_related":"0","show_inline_post_related":"0"}],"override_image_size":"0","image_override":[{"single_post_thumbnail_size":"crop-500","single_post_gallery_size":"crop-500"}],"trending_post":"0","trending_post_position":"meta","trending_post_label":"Trending","sponsored_post":"0","sponsored_post_label":"Sponsored by","sponsored_post_name":"","sponsored_post_url":"","sponsored_post_logo_enable":"0","sponsored_post_logo":"","sponsored_post_desc":"","disable_ad":"0"},"jnews_primary_category":{"id":"13","hide":""},"jnews_social_meta":{"fb_title":"","fb_description":"","fb_image":"","twitter_title":"","twitter_description":"","twitter_image":""},"jnews_override_counter":{"override_view_counter":"0","view_counter_number":"0","override_share_counter":"0","share_counter_number":"0","override_like_counter":"0","like_counter_number":"0","override_dislike_counter":"0","dislike_counter_number":"0"},"footnotes":""},"categories":[13,2],"tags":[32,23],"class_list":["post-23483","post","type-post","status-publish","format-standard","has-post-thumbnail","hentry","category-atletizm","category-haberler","tag-atletizm","tag-fenerbahce"],"amp_enabled":true,"_links":{"self":[{"href":"https:\/\/www.fener.org\/index.php\/wp-json\/wp\/v2\/posts\/23483","targetHints":{"allow":["GET"]}}],"collection":[{"href":"https:\/\/www.fener.org\/index.php\/wp-json\/wp\/v2\/posts"}],"about":[{"href":"https:\/\/www.fener.org\/index.php\/wp-json\/wp\/v2\/types\/post"}],"author":[{"embeddable":true,"href":"https:\/\/www.fener.org\/index.php\/wp-json\/wp\/v2\/users\/1"}],"replies":[{"embeddable":true,"href":"https:\/\/www.fener.org\/index.php\/wp-json\/wp\/v2\/comments?post=23483"}],"version-history":[{"count":1,"href":"https:\/\/www.fener.org\/index.php\/wp-json\/wp\/v2\/posts\/23483\/revisions"}],"predecessor-version":[{"id":23484,"href":"https:\/\/www.fener.org\/index.php\/wp-json\/wp\/v2\/posts\/23483\/revisions\/23484"}],"wp:featuredmedia":[{"embeddable":true,"href":"https:\/\/www.fener.org\/index.php\/wp-json\/wp\/v2\/media\/1279"}],"wp:attachment":[{"href":"https:\/\/www.fener.org\/index.php\/wp-json\/wp\/v2\/media?parent=23483"}],"wp:term":[{"taxonomy":"category","embeddable":true,"href":"https:\/\/www.fener.org\/index.php\/wp-json\/wp\/v2\/categories?post=23483"},{"taxonomy":"post_tag","embeddable":true,"href":"https:\/\/www.fener.org\/index.php\/wp-json\/wp\/v2\/tags?post=23483"}],"curies":[{"name":"wp","href":"https:\/\/api.w.org\/{rel}","templated":true}]}}