{"id":23481,"date":"2024-02-05T19:55:37","date_gmt":"2024-02-05T16:55:37","guid":{"rendered":"https:\/\/www.fener.org\/?p=23481"},"modified":"2024-02-05T19:55:45","modified_gmt":"2024-02-05T16:55:45","slug":"genc-atletlerimizden-turkiye-u16-salon-sampiyonasinda-28-madalya","status":"publish","type":"post","link":"https:\/\/www.fener.org\/index.php\/2024\/02\/05\/genc-atletlerimizden-turkiye-u16-salon-sampiyonasinda-28-madalya\/","title":{"rendered":"Gen\u00e7 atletlerimizden T\u00fcrkiye U16 Salon \u015eampiyonas\u0131\u2019nda 28 madalya"},"content":{"rendered":"\n<p>Turkcell T\u00fcrkiye U16 Salon \u015eampiyonas\u0131\u2019nda piste \u00e7\u0131kan atletlerimiz; 15\u2019i alt\u0131n, 7\u2019si g\u00fcm\u00fc\u015f, 6\u2019s\u0131 da bronz olmak \u00fczere 28 madalya kazand\u0131.<\/p>\n\n\n\n<p>T\u00fcrkiye U16 Salon \u015eampiyonas\u0131 661\u2019i k\u0131z, 636\u2019s\u0131 erkek olmak \u00fczere toplamda 1297 sporcunun kat\u0131l\u0131m\u0131yla Bursa Osmangazi Atletizm Salonu\u2019nda d\u00fczenlendi. Yar\u0131\u015flar\u0131 \u015eube Sorumlumuz \u0130hsan \u00d6zden ile Teknik Menajerimiz Hakan Beceren de izledi.<\/p>\n\n\n\n<p>2010 do\u011fumlu k\u0131zlarda 60 metrede G\u00fclsu Beril \u0130nce, 300 metrede Elif Bayar, 800 ve 1500 metrelerde Aysel Olga Demir, 3 ad\u0131m atlamada Azra D\u0131\u015fbudak, 200 metrede Elif Bayar, s\u0131r\u0131kla y\u00fcksek atlamada Hatice Nur \u00dcnl\u00fcbal ile 2010 do\u011fumlu erkeklerde y\u00fcksek atlamada Ata Ahmeto\u011flu, yar\u0131\u015flar\u0131n\u0131 zirvede tamamlayarak alt\u0131n madalyan\u0131n sahibi oldular. 2010 do\u011fumlu G\u00fclsu Beril \u0130nce ise 200 metrede yar\u0131\u015f\u0131n\u0131 ikinci s\u0131rada tamamlad\u0131 ve g\u00fcm\u00fc\u015f madalya kazand\u0131.<\/p>\n\n\n\n<p>2009 do\u011fumlu erkeklerde, 800 ve 600 metrelerde Doruk Saldaml\u0131, 1500 metrede Ya\u011f\u0131z Pala, 3 ad\u0131m atlamada Emir Ali Cengiz O\u011fuz alt\u0131n madalya kazan\u0131rken; 60 ve 200 metrelerde Adem Y\u0131ld\u0131r\u0131m, 1500 metrede Baran Can Demez, 60 metre engellide Emir Ali Cengiz O\u011fuz, 3 ad\u0131m atlamada Ramazan Efe \u00c7elik, y\u00fcksek atlamada da Ya\u015far D\u00f6kme ikinci oldu ve g\u00fcm\u00fc\u015f madalyan\u0131n sahibi oldu. 800 ve 1500 metrelerde Semih Sefa Armut\u00e7u, uzun atlamada Ya\u015far D\u00f6kme ile g\u00fclle atmada Yusuf Altekin k\u00fcrs\u00fcn\u00fcn \u00fc\u00e7\u00fcnc\u00fc basama\u011f\u0131na \u00e7\u0131kan atletlerimiz oldular.<\/p>\n\n\n\n<p>2009 do\u011fumlu k\u0131zlarda 800 ve 600 metrelerde Elif Beyza K\u00f6k\u00e7\u00fco\u011flu ile 1500 metrede Medine Nur Top\u00e7u alt\u0131n madalyan\u0131n sahibi oldu. 200 metrede Sudenaz Bayar ile 60 metre engellide Tu\u011fba Yan\u0131lmaz ise bronz madalyan\u0131n sahibi oldular.<\/p>\n","protected":false},"excerpt":{"rendered":"<p>Turkcell T\u00fcrkiye U16 Salon \u015eampiyonas\u0131\u2019nda piste \u00e7\u0131kan atletlerimiz; 15\u2019i alt\u0131n, 7\u2019si g\u00fcm\u00fc\u015f, 6\u2019s\u0131 da bronz olmak \u00fczere 28 madalya kazand\u0131. T\u00fcrkiye U16 Salon \u015eampiyonas\u0131 661\u2019i k\u0131z, 636\u2019s\u0131 erkek olmak \u00fczere toplamda 1297 sporcunun kat\u0131l\u0131m\u0131yla Bursa Osmangazi Atletizm Salonu\u2019nda d\u00fczenlendi. Yar\u0131\u015flar\u0131 \u015eube Sorumlumuz \u0130hsan \u00d6zden ile Teknik Menajerimiz Hakan Beceren de izledi. 2010 do\u011fumlu k\u0131zlarda 60 [&hellip;]<\/p>\n","protected":false},"author":1,"featured_media":1279,"comment_status":"closed","ping_status":"closed","sticky":false,"template":"","format":"standard","meta":{"jnews-multi-image_gallery":[],"jnews_single_post":{"subtitle":"","format":"standard","video":"","gallery":"","source_name":"","source_url":"","via_name":"","via_url":"","override_template":"0","override":[{"template":"1","single_blog_custom":"","parallax":"1","fullscreen":"1","layout":"right-sidebar","sidebar":"mysidebar","second_sidebar":"default-sidebar","sticky_sidebar":"1","share_position":"float","share_float_style":"share-normal","show_share_counter":"1","show_view_counter":"1","show_featured":"1","show_post_meta":"1","show_post_author":"0","show_post_author_image":"1","show_post_date":"1","post_date_format":"default","post_date_format_custom":"Y\/m\/d","show_post_category":"0","show_post_reading_time":"0","post_reading_time_wpm":"300","show_zoom_button":"0","zoom_button_out_step":"2","zoom_button_in_step":"3","show_post_tag":"0","show_prev_next_post":"1","show_popup_post":"0","number_popup_post":"3","show_author_box":"0","show_post_related":"0","show_inline_post_related":"0"}],"override_image_size":"0","image_override":[{"single_post_thumbnail_size":"crop-500","single_post_gallery_size":"crop-500"}],"trending_post":"0","trending_post_position":"meta","trending_post_label":"Trending","sponsored_post":"0","sponsored_post_label":"Sponsored by","sponsored_post_name":"","sponsored_post_url":"","sponsored_post_logo_enable":"0","sponsored_post_logo":"","sponsored_post_desc":"","disable_ad":"0"},"jnews_primary_category":{"id":"13","hide":""},"jnews_social_meta":{"fb_title":"","fb_description":"","fb_image":"","twitter_title":"","twitter_description":"","twitter_image":""},"jnews_override_counter":{"override_view_counter":"0","view_counter_number":"0","override_share_counter":"0","share_counter_number":"0","override_like_counter":"0","like_counter_number":"0","override_dislike_counter":"0","dislike_counter_number":"0"},"footnotes":""},"categories":[13,2],"tags":[32,23],"class_list":["post-23481","post","type-post","status-publish","format-standard","has-post-thumbnail","hentry","category-atletizm","category-haberler","tag-atletizm","tag-fenerbahce"],"amp_enabled":true,"_links":{"self":[{"href":"https:\/\/www.fener.org\/index.php\/wp-json\/wp\/v2\/posts\/23481","targetHints":{"allow":["GET"]}}],"collection":[{"href":"https:\/\/www.fener.org\/index.php\/wp-json\/wp\/v2\/posts"}],"about":[{"href":"https:\/\/www.fener.org\/index.php\/wp-json\/wp\/v2\/types\/post"}],"author":[{"embeddable":true,"href":"https:\/\/www.fener.org\/index.php\/wp-json\/wp\/v2\/users\/1"}],"replies":[{"embeddable":true,"href":"https:\/\/www.fener.org\/index.php\/wp-json\/wp\/v2\/comments?post=23481"}],"version-history":[{"count":1,"href":"https:\/\/www.fener.org\/index.php\/wp-json\/wp\/v2\/posts\/23481\/revisions"}],"predecessor-version":[{"id":23482,"href":"https:\/\/www.fener.org\/index.php\/wp-json\/wp\/v2\/posts\/23481\/revisions\/23482"}],"wp:featuredmedia":[{"embeddable":true,"href":"https:\/\/www.fener.org\/index.php\/wp-json\/wp\/v2\/media\/1279"}],"wp:attachment":[{"href":"https:\/\/www.fener.org\/index.php\/wp-json\/wp\/v2\/media?parent=23481"}],"wp:term":[{"taxonomy":"category","embeddable":true,"href":"https:\/\/www.fener.org\/index.php\/wp-json\/wp\/v2\/categories?post=23481"},{"taxonomy":"post_tag","embeddable":true,"href":"https:\/\/www.fener.org\/index.php\/wp-json\/wp\/v2\/tags?post=23481"}],"curies":[{"name":"wp","href":"https:\/\/api.w.org\/{rel}","templated":true}]}}