{"id":23424,"date":"2024-02-02T20:16:06","date_gmt":"2024-02-02T17:16:06","guid":{"rendered":"https:\/\/www.fener.org\/?p=23424"},"modified":"2024-02-02T20:16:06","modified_gmt":"2024-02-02T17:16:06","slug":"valerie-garnier-galibiyet-onemliydi","status":"publish","type":"post","link":"https:\/\/www.fener.org\/index.php\/2024\/02\/02\/valerie-garnier-galibiyet-onemliydi\/","title":{"rendered":"Valerie Garnier: Galibiyet \u00f6nemliydi"},"content":{"rendered":"\n<p>Fenerbah\u00e7e Kad\u0131n Basketbol Tak\u0131m\u0131m\u0131z\u0131n Ba\u015fantren\u00f6r\u00fc Valerie Garnier, Tak\u0131m\u0131m\u0131z\u0131n Nesibe Ayd\u0131n\u2019\u0131 87-69 ma\u011flup etti\u011fi ma\u00e7\u0131n ard\u0131ndan Fenerbah\u00e7e Televizyonu\u2019na yapt\u0131\u011f\u0131 a\u00e7\u0131klamalada \u015funlar\u0131 s\u00f6yledi:<\/p>\n\n\n\n<p>\u201cLige verilecek milli ara sonras\u0131 tekrar iyi bir \u015fekilde d\u00f6nmek i\u00e7in bug\u00fcn galibiyet \u00f6nemliydi. Baz\u0131 oyuncular\u0131m\u0131z milli tak\u0131ma kat\u0131lacak, baz\u0131 oyuncular\u0131m\u0131z\u0131n dinlenme \u015fans\u0131 olacak. Bir tebess\u00fcmle gidiyor olmalar\u0131 da bizim ho\u015fumuza gidiyor.\u201d<\/p>\n","protected":false},"excerpt":{"rendered":"<p>Fenerbah\u00e7e Kad\u0131n Basketbol Tak\u0131m\u0131m\u0131z\u0131n Ba\u015fantren\u00f6r\u00fc Valerie Garnier, Tak\u0131m\u0131m\u0131z\u0131n Nesibe Ayd\u0131n\u2019\u0131 87-69 ma\u011flup etti\u011fi ma\u00e7\u0131n ard\u0131ndan Fenerbah\u00e7e Televizyonu\u2019na yapt\u0131\u011f\u0131 a\u00e7\u0131klamalada \u015funlar\u0131 s\u00f6yledi: \u201cLige verilecek milli ara sonras\u0131 tekrar iyi bir \u015fekilde d\u00f6nmek i\u00e7in bug\u00fcn galibiyet \u00f6nemliydi. Baz\u0131 oyuncular\u0131m\u0131z milli tak\u0131ma kat\u0131lacak, baz\u0131 oyuncular\u0131m\u0131z\u0131n dinlenme \u015fans\u0131 olacak. Bir tebess\u00fcmle gidiyor olmalar\u0131 da bizim ho\u015fumuza gidiyor.\u201d<\/p>\n","protected":false},"author":1,"featured_media":23425,"comment_status":"closed","ping_status":"closed","sticky":false,"template":"","format":"standard","meta":{"jnews-multi-image_gallery":[],"jnews_single_post":{"subtitle":"Ba\u015fantren\u00f6r\u00fcm\u00fcz Valerie Garnier, Nesibe Ayd\u0131n kar\u015f\u0131s\u0131nda al\u0131nan galibiyetin ard\u0131ndan de\u011ferlendirmelerde bulundu.","format":"standard","video":"","gallery":"","source_name":"","source_url":"","via_name":"","via_url":"","override_template":"0","override":[{"template":"1","single_blog_custom":"","parallax":"1","fullscreen":"1","layout":"right-sidebar","sidebar":"mysidebar","second_sidebar":"default-sidebar","sticky_sidebar":"1","share_position":"float","share_float_style":"share-normal","show_share_counter":"1","show_view_counter":"1","show_featured":"1","show_post_meta":"1","show_post_author":"0","show_post_author_image":"1","show_post_date":"1","post_date_format":"default","post_date_format_custom":"Y\/m\/d","show_post_category":"0","show_post_reading_time":"0","post_reading_time_wpm":"300","show_zoom_button":"0","zoom_button_out_step":"2","zoom_button_in_step":"3","show_post_tag":"0","show_prev_next_post":"1","show_popup_post":"0","number_popup_post":"3","show_author_box":"0","show_post_related":"0","show_inline_post_related":"0"}],"override_image_size":"0","image_override":[{"single_post_thumbnail_size":"crop-500","single_post_gallery_size":"crop-500"}],"trending_post":"0","trending_post_position":"meta","trending_post_label":"Trending","sponsored_post":"0","sponsored_post_label":"Sponsored by","sponsored_post_name":"","sponsored_post_url":"","sponsored_post_logo_enable":"0","sponsored_post_logo":"","sponsored_post_desc":"","disable_ad":"0"},"jnews_primary_category":{"id":"5","hide":""},"jnews_social_meta":{"fb_title":"","fb_description":"","fb_image":"","twitter_title":"","twitter_description":"","twitter_image":""},"jnews_override_counter":{"override_view_counter":"0","view_counter_number":"0","override_share_counter":"0","share_counter_number":"0","override_like_counter":"0","like_counter_number":"0","override_dislike_counter":"0","dislike_counter_number":"0"},"footnotes":""},"categories":[5,2,7],"tags":[24,23],"class_list":["post-23424","post","type-post","status-publish","format-standard","has-post-thumbnail","hentry","category-basketbol","category-haberler","category-kadin-basketbol","tag-basketbol","tag-fenerbahce"],"amp_enabled":true,"_links":{"self":[{"href":"https:\/\/www.fener.org\/index.php\/wp-json\/wp\/v2\/posts\/23424","targetHints":{"allow":["GET"]}}],"collection":[{"href":"https:\/\/www.fener.org\/index.php\/wp-json\/wp\/v2\/posts"}],"about":[{"href":"https:\/\/www.fener.org\/index.php\/wp-json\/wp\/v2\/types\/post"}],"author":[{"embeddable":true,"href":"https:\/\/www.fener.org\/index.php\/wp-json\/wp\/v2\/users\/1"}],"replies":[{"embeddable":true,"href":"https:\/\/www.fener.org\/index.php\/wp-json\/wp\/v2\/comments?post=23424"}],"version-history":[{"count":2,"href":"https:\/\/www.fener.org\/index.php\/wp-json\/wp\/v2\/posts\/23424\/revisions"}],"predecessor-version":[{"id":23427,"href":"https:\/\/www.fener.org\/index.php\/wp-json\/wp\/v2\/posts\/23424\/revisions\/23427"}],"wp:featuredmedia":[{"embeddable":true,"href":"https:\/\/www.fener.org\/index.php\/wp-json\/wp\/v2\/media\/23425"}],"wp:attachment":[{"href":"https:\/\/www.fener.org\/index.php\/wp-json\/wp\/v2\/media?parent=23424"}],"wp:term":[{"taxonomy":"category","embeddable":true,"href":"https:\/\/www.fener.org\/index.php\/wp-json\/wp\/v2\/categories?post=23424"},{"taxonomy":"post_tag","embeddable":true,"href":"https:\/\/www.fener.org\/index.php\/wp-json\/wp\/v2\/tags?post=23424"}],"curies":[{"name":"wp","href":"https:\/\/api.w.org\/{rel}","templated":true}]}}