{"id":23398,"date":"2024-01-31T22:02:52","date_gmt":"2024-01-31T19:02:52","guid":{"rendered":"https:\/\/www.fener.org\/?p=23398"},"modified":"2024-01-31T22:02:56","modified_gmt":"2024-01-31T19:02:56","slug":"yigit-yalcin-citaktan-olimpiyat-kotasi","status":"publish","type":"post","link":"https:\/\/www.fener.org\/index.php\/2024\/01\/31\/yigit-yalcin-citaktan-olimpiyat-kotasi\/","title":{"rendered":"Yi\u011fit Yal\u00e7\u0131n \u00c7\u0131tak&#8217;tan Olimpiyat kotas\u0131"},"content":{"rendered":"\n<p>Fenerbah\u00e7e Do\u011fu\u015f Yelken \u015eubemizin \u00e7at\u0131s\u0131 alt\u0131nda kota m\u00fccadelesi veren ba\u015far\u0131l\u0131 sporcumuz Yi\u011fit Yal\u00e7\u0131n \u00c7\u0131tak, Paris 2024 Olimpiyat Oyunlar\u0131 i\u00e7in Fenerbah\u00e7emize yelkende ilk kota kazand\u0131ran isim oldu.<\/p>\n\n\n\n<p>Avustralya, Adelaide&#8217;de 24 &#8211; 31 Ocak tarihleri aras\u0131nda ger\u00e7ekle\u015fen ILCA 7 D\u00fcnya \u015eampiyonas\u0131 ILCA 7 Alt\u0131n Grup kategorisinde 51 sporcunun m\u00fccadele etti\u011fi \u015fampiyonada 28. s\u0131rada yar\u0131\u015f\u0131 tamamlayan milli yelkencimiz Yi\u011fit Yal\u00e7\u0131n \u00c7\u0131tak, Paris 2024 Olimpiyat Oyunlar\u0131 i\u00e7in kota kazanmay\u0131 ba\u015fard\u0131.<\/p>\n\n\n\n<p>Fenerbah\u00e7e Do\u011fu\u015f Yelken \u015eubemizin milli sporcusu Yi\u011fit Yal\u00e7\u0131n \u00c7\u0131tak, Fenerbah\u00e7emize 2024 Paris \u00f6ncesinde boksta Buse Naz \u00c7ak\u0131ro\u011flu, Hatice Akba\u015f ve Samet G\u00fcm\u00fc\u015f; y\u00fczmede Kuzey Tun\u00e7elli, atletizmde de Ersu \u015ea\u015fma\u2019n\u0131n ard\u0131ndan alt\u0131nc\u0131 olimpiyat kotas\u0131n\u0131 getirdi.<\/p>\n","protected":false},"excerpt":{"rendered":"<p>Fenerbah\u00e7e Do\u011fu\u015f Yelken \u015eubemizin \u00e7at\u0131s\u0131 alt\u0131nda kota m\u00fccadelesi veren ba\u015far\u0131l\u0131 sporcumuz Yi\u011fit Yal\u00e7\u0131n \u00c7\u0131tak, Paris 2024 Olimpiyat Oyunlar\u0131 i\u00e7in Fenerbah\u00e7emize yelkende ilk kota kazand\u0131ran isim oldu. Avustralya, Adelaide&#8217;de 24 &#8211; 31 Ocak tarihleri aras\u0131nda ger\u00e7ekle\u015fen ILCA 7 D\u00fcnya \u015eampiyonas\u0131 ILCA 7 Alt\u0131n Grup kategorisinde 51 sporcunun m\u00fccadele etti\u011fi \u015fampiyonada 28. s\u0131rada yar\u0131\u015f\u0131 tamamlayan milli yelkencimiz [&hellip;]<\/p>\n","protected":false},"author":1,"featured_media":1286,"comment_status":"closed","ping_status":"closed","sticky":false,"template":"","format":"standard","meta":{"jnews-multi-image_gallery":[],"jnews_single_post":{"subtitle":"","format":"standard","video":"","gallery":"","source_name":"","source_url":"","via_name":"","via_url":"","override_template":"0","override":[{"template":"1","single_blog_custom":"","parallax":"1","fullscreen":"1","layout":"right-sidebar","sidebar":"mysidebar","second_sidebar":"default-sidebar","sticky_sidebar":"1","share_position":"float","share_float_style":"share-normal","show_share_counter":"1","show_view_counter":"1","show_featured":"1","show_post_meta":"1","show_post_author":"0","show_post_author_image":"1","show_post_date":"1","post_date_format":"default","post_date_format_custom":"Y\/m\/d","show_post_category":"0","show_post_reading_time":"0","post_reading_time_wpm":"300","show_zoom_button":"0","zoom_button_out_step":"2","zoom_button_in_step":"3","show_post_tag":"0","show_prev_next_post":"1","show_popup_post":"0","number_popup_post":"3","show_author_box":"0","show_post_related":"0","show_inline_post_related":"0"}],"override_image_size":"0","image_override":[{"single_post_thumbnail_size":"crop-500","single_post_gallery_size":"crop-500"}],"trending_post":"0","trending_post_position":"meta","trending_post_label":"Trending","sponsored_post":"0","sponsored_post_label":"Sponsored by","sponsored_post_name":"","sponsored_post_url":"","sponsored_post_logo_enable":"0","sponsored_post_logo":"","sponsored_post_desc":"","disable_ad":"0"},"jnews_primary_category":{"id":"12","hide":""},"jnews_social_meta":{"fb_title":"","fb_description":"","fb_image":"","twitter_title":"","twitter_description":"","twitter_image":""},"jnews_override_counter":{"override_view_counter":"0","view_counter_number":"0","override_share_counter":"0","share_counter_number":"0","override_like_counter":"0","like_counter_number":"0","override_dislike_counter":"0","dislike_counter_number":"0"},"footnotes":""},"categories":[2,12],"tags":[23,31],"class_list":["post-23398","post","type-post","status-publish","format-standard","has-post-thumbnail","hentry","category-haberler","category-yelken","tag-fenerbahce","tag-yelken"],"amp_enabled":true,"_links":{"self":[{"href":"https:\/\/www.fener.org\/index.php\/wp-json\/wp\/v2\/posts\/23398","targetHints":{"allow":["GET"]}}],"collection":[{"href":"https:\/\/www.fener.org\/index.php\/wp-json\/wp\/v2\/posts"}],"about":[{"href":"https:\/\/www.fener.org\/index.php\/wp-json\/wp\/v2\/types\/post"}],"author":[{"embeddable":true,"href":"https:\/\/www.fener.org\/index.php\/wp-json\/wp\/v2\/users\/1"}],"replies":[{"embeddable":true,"href":"https:\/\/www.fener.org\/index.php\/wp-json\/wp\/v2\/comments?post=23398"}],"version-history":[{"count":1,"href":"https:\/\/www.fener.org\/index.php\/wp-json\/wp\/v2\/posts\/23398\/revisions"}],"predecessor-version":[{"id":23399,"href":"https:\/\/www.fener.org\/index.php\/wp-json\/wp\/v2\/posts\/23398\/revisions\/23399"}],"wp:featuredmedia":[{"embeddable":true,"href":"https:\/\/www.fener.org\/index.php\/wp-json\/wp\/v2\/media\/1286"}],"wp:attachment":[{"href":"https:\/\/www.fener.org\/index.php\/wp-json\/wp\/v2\/media?parent=23398"}],"wp:term":[{"taxonomy":"category","embeddable":true,"href":"https:\/\/www.fener.org\/index.php\/wp-json\/wp\/v2\/categories?post=23398"},{"taxonomy":"post_tag","embeddable":true,"href":"https:\/\/www.fener.org\/index.php\/wp-json\/wp\/v2\/tags?post=23398"}],"curies":[{"name":"wp","href":"https:\/\/api.w.org\/{rel}","templated":true}]}}