{"id":2338,"date":"2018-10-20T17:57:13","date_gmt":"2018-10-20T14:57:13","guid":{"rendered":"https:\/\/www.fener.org\/?p=2338"},"modified":"2018-10-20T17:57:35","modified_gmt":"2018-10-20T14:57:35","slug":"u16-fenerbahce-80-78-galatasaray","status":"publish","type":"post","link":"https:\/\/www.fener.org\/index.php\/2018\/10\/20\/u16-fenerbahce-80-78-galatasaray\/","title":{"rendered":"U16: Fenerbah\u00e7e 80-78 Galatasaray"},"content":{"rendered":"<p>Fenerbah\u00e7e U16 Erkek Basketbol Tak\u0131m\u0131m\u0131z, \u0130stanbul U16 A Ligi  ma\u00e7\u0131nda Galatasaray ile kar\u015f\u0131la\u015ft\u0131\u011f\u0131 m\u00fccadeleyi uzatma b\u00f6l\u00fcmlerinde kazand\u0131. Ekibimiz, Cafera\u011fa Spor Salonu\u2019nda oynanan m\u00fccadeleyi bir uzatma b\u00f6l\u00fcm\u00fc sonunda 80-78 kazand\u0131.<\/p>\n<p>\u0130lk \u00e7eyrekte daha \u00fcst\u00fcn oynayan konuk ekip \u00e7eyre\u011fi 21-17 \u00f6nde kapatt\u0131.<\/p>\n<p>\u0130kinci \u00e7eyrekte oyunu dengeleyen Fenerbah\u00e7emiz kar\u015f\u0131l\u0131kl\u0131 \u00e7eyre\u011fi \u00f6nde kapatsa da soyunma odas\u0131na 35-38&#8217;lik skorla gitti.<\/p>\n<p>\u0130kinci yar\u0131ya h\u0131zl\u0131 ba\u015flayan ekibimiz \u00fcst \u00fcste gelen basketlerle fark\u0131 kapatarak \u00e7eyre\u011fi 54-49 \u00f6nde kapatt\u0131.<\/p>\n<p>Son periyotta toparlanan konuk ekip fark\u0131 kapatarak skora denge getirdi ve ma\u00e7 68-68 berabere biterek uzatmaya gitti.<\/p>\n<p>Uzatma b\u00f6l\u00fcm\u00fcnde kar\u015f\u0131l\u0131kl\u0131 basketlerle devam eden m\u00fccadelede son g\u00fclen Fenerbah\u00e7emiz oldu ve 80-78&#8217;lik skorka ma\u00e7\u0131 kazand\u0131<\/p>\n<p>Fenerbah\u00e7e\u2019de Can Mert Piker 23 say\u0131 ve 6 ribaund, Kerem G\u00fcrses ise 21 say\u0131, 9 asist ve 5 ribaund ile y\u0131ld\u0131zla\u015ft\u0131.<\/p>\n<p><strong>\u00c7eyrek skorlar\u0131:<\/strong><\/p>\n<p><strong>1. \u00c7eyrek:<\/strong> 17-21 (Galatasaray)<br \/>\n<strong>2. \u00c7eyrek:<\/strong> 18-17 (Fenerbah\u00e7e)<br \/>\n<strong>3. \u00c7eyrek:<\/strong> 19-11 (Fenerbah\u00e7e)<br \/>\n<strong>4. \u00c7eyrek:<\/strong> 14-19 (Galatasaray)<br \/>\n<strong>Uzatma:<\/strong> 12-10 (Fenerbah\u00e7e)<\/p>\n","protected":false},"excerpt":{"rendered":"<p>Fenerbah\u00e7e U16 Erkek Basketbol Tak\u0131m\u0131m\u0131z, \u0130stanbul U16 A Ligi ma\u00e7\u0131nda Galatasaray ile kar\u015f\u0131la\u015ft\u0131\u011f\u0131 m\u00fccadeleyi uzatma b\u00f6l\u00fcmlerinde kazand\u0131. Ekibimiz, Cafera\u011fa Spor Salonu\u2019nda oynanan m\u00fccadeleyi bir uzatma b\u00f6l\u00fcm\u00fc sonunda 80-78 kazand\u0131. \u0130lk \u00e7eyrekte daha \u00fcst\u00fcn oynayan konuk ekip \u00e7eyre\u011fi 21-17 \u00f6nde kapatt\u0131. \u0130kinci \u00e7eyrekte oyunu dengeleyen Fenerbah\u00e7emiz kar\u015f\u0131l\u0131kl\u0131 \u00e7eyre\u011fi \u00f6nde kapatsa da soyunma odas\u0131na 35-38&#8217;lik skorla gitti. [&hellip;]<\/p>\n","protected":false},"author":1,"featured_media":1280,"comment_status":"closed","ping_status":"closed","sticky":false,"template":"","format":"standard","meta":{"jnews-multi-image_gallery":[],"jnews_single_post":{"override_template":"0","override":[{"template":"1","single_blog_custom":"","parallax":"1","fullscreen":"0","layout":"right-sidebar","sidebar":"default-sidebar","second_sidebar":"default-sidebar","sticky_sidebar":"1","share_position":"top","share_float_style":"share-monocrhome","show_share_counter":"1","show_view_counter":"1","show_featured":"1","show_post_meta":"1","show_post_author":"1","show_post_author_image":"1","show_post_date":"1","post_date_format":"default","post_date_format_custom":"Y\/m\/d","show_post_category":"1","show_post_tag":"1","show_prev_next_post":"1","show_popup_post":"1","number_popup_post":"1","show_author_box":"0","show_post_related":"1","show_inline_post_related":"0"}],"override_image_size":"0","image_override":[{"single_post_thumbnail_size":"crop-500","single_post_gallery_size":"crop-500"}],"trending_post":"0","trending_post_position":"meta","trending_post_label":"Trending"},"jnews_primary_category":{"id":"5"},"jnews_social_meta":{"fb_title":"","fb_description":"","fb_image":"","twitter_title":"","twitter_description":"","twitter_image":""},"jnews_override_counter":{"override_view_counter":"0","view_counter_number":"0","override_share_counter":"0","share_counter_number":"0","override_like_counter":"0","like_counter_number":"0","override_dislike_counter":"0","dislike_counter_number":"0"},"footnotes":""},"categories":[5,45,2],"tags":[24,52],"class_list":["post-2338","post","type-post","status-publish","format-standard","has-post-thumbnail","hentry","category-basketbol","category-erkek-basketbol-altyapi","category-haberler","tag-basketbol","tag-erkek-basketbol-altyapi"],"amp_enabled":true,"_links":{"self":[{"href":"https:\/\/www.fener.org\/index.php\/wp-json\/wp\/v2\/posts\/2338","targetHints":{"allow":["GET"]}}],"collection":[{"href":"https:\/\/www.fener.org\/index.php\/wp-json\/wp\/v2\/posts"}],"about":[{"href":"https:\/\/www.fener.org\/index.php\/wp-json\/wp\/v2\/types\/post"}],"author":[{"embeddable":true,"href":"https:\/\/www.fener.org\/index.php\/wp-json\/wp\/v2\/users\/1"}],"replies":[{"embeddable":true,"href":"https:\/\/www.fener.org\/index.php\/wp-json\/wp\/v2\/comments?post=2338"}],"version-history":[{"count":2,"href":"https:\/\/www.fener.org\/index.php\/wp-json\/wp\/v2\/posts\/2338\/revisions"}],"predecessor-version":[{"id":2340,"href":"https:\/\/www.fener.org\/index.php\/wp-json\/wp\/v2\/posts\/2338\/revisions\/2340"}],"wp:featuredmedia":[{"embeddable":true,"href":"https:\/\/www.fener.org\/index.php\/wp-json\/wp\/v2\/media\/1280"}],"wp:attachment":[{"href":"https:\/\/www.fener.org\/index.php\/wp-json\/wp\/v2\/media?parent=2338"}],"wp:term":[{"taxonomy":"category","embeddable":true,"href":"https:\/\/www.fener.org\/index.php\/wp-json\/wp\/v2\/categories?post=2338"},{"taxonomy":"post_tag","embeddable":true,"href":"https:\/\/www.fener.org\/index.php\/wp-json\/wp\/v2\/tags?post=2338"}],"curies":[{"name":"wp","href":"https:\/\/api.w.org\/{rel}","templated":true}]}}