{"id":23117,"date":"2024-01-14T17:50:00","date_gmt":"2024-01-14T14:50:00","guid":{"rendered":"https:\/\/www.fener.org\/?p=23117"},"modified":"2024-01-14T18:31:12","modified_gmt":"2024-01-14T15:31:12","slug":"u14-ve-u15-takimlarimizin-mac-sonuclari","status":"publish","type":"post","link":"https:\/\/www.fener.org\/index.php\/2024\/01\/14\/u14-ve-u15-takimlarimizin-mac-sonuclari\/","title":{"rendered":"U14 ve U15 Tak\u0131mlar\u0131m\u0131z\u0131n ma\u00e7 sonu\u00e7lar\u0131"},"content":{"rendered":"\n<p>14 Ya\u015f Alt\u0131 Futbol Tak\u0131m\u0131m\u0131z, Geli\u015fim Ligi 9. hafta ma\u00e7\u0131nda Pendikspor\u2019a konuk oldu. Pendik Belediyesi \u00c7aml\u0131k Stad\u0131\u2019nda oynanan ma\u00e7\u0131 4-2 kazanan U14 Ekibimiz, bu sonu\u00e7la puan\u0131n\u0131 16\u2019ya y\u00fckseltti ve zirve takibini s\u00fcrd\u00fcrd\u00fc. Gollerimizi Tarhan Sevi\u015f (2) Tu\u011frul Sel\u00e7uk Kapucu ve Ahmet Ayd\u0131n kaydetti. 15 Ya\u015f Alt\u0131 Futbol Tak\u0131m\u0131m\u0131z ise 9. hafta ma\u00e7\u0131nda deplasmanda Pendikspor ile 1-1 berabere kald\u0131. Bu sonu\u00e7la ikinci beraberli\u011fini alan Tak\u0131m\u0131m\u0131z, puan\u0131n\u0131 14\u2019e y\u00fckseltti. Gol\u00fcm\u00fcz\u00fc 23. dakikada Adnan Efe Fettaho\u011flu kaydetti.<\/p>\n","protected":false},"excerpt":{"rendered":"<p>14 Ya\u015f Alt\u0131 Futbol Tak\u0131m\u0131m\u0131z, Geli\u015fim Ligi 9. hafta ma\u00e7\u0131nda Pendikspor\u2019a konuk oldu. Pendik Belediyesi \u00c7aml\u0131k Stad\u0131\u2019nda oynanan ma\u00e7\u0131 4-2 kazanan U14 Ekibimiz, bu sonu\u00e7la puan\u0131n\u0131 16\u2019ya y\u00fckseltti ve zirve takibini s\u00fcrd\u00fcrd\u00fc. Gollerimizi Tarhan Sevi\u015f (2) Tu\u011frul Sel\u00e7uk Kapucu ve Ahmet Ayd\u0131n kaydetti. 15 Ya\u015f Alt\u0131 Futbol Tak\u0131m\u0131m\u0131z ise 9. hafta ma\u00e7\u0131nda deplasmanda Pendikspor ile [&hellip;]<\/p>\n","protected":false},"author":1,"featured_media":1278,"comment_status":"closed","ping_status":"closed","sticky":false,"template":"","format":"standard","meta":{"jnews-multi-image_gallery":[],"jnews_single_post":{"subtitle":"","format":"standard","video":"","gallery":"","source_name":"","source_url":"","via_name":"","via_url":"","override_template":"0","override":[{"template":"1","single_blog_custom":"","parallax":"1","fullscreen":"1","layout":"right-sidebar","sidebar":"mysidebar","second_sidebar":"default-sidebar","sticky_sidebar":"1","share_position":"float","share_float_style":"share-normal","show_share_counter":"1","show_view_counter":"1","show_featured":"1","show_post_meta":"1","show_post_author":"0","show_post_author_image":"1","show_post_date":"1","post_date_format":"default","post_date_format_custom":"Y\/m\/d","show_post_category":"0","show_post_reading_time":"0","post_reading_time_wpm":"300","show_zoom_button":"0","zoom_button_out_step":"2","zoom_button_in_step":"3","show_post_tag":"0","show_prev_next_post":"1","show_popup_post":"0","number_popup_post":"3","show_author_box":"0","show_post_related":"0","show_inline_post_related":"0"}],"override_image_size":"0","image_override":[{"single_post_thumbnail_size":"crop-500","single_post_gallery_size":"crop-500"}],"trending_post":"0","trending_post_position":"meta","trending_post_label":"Trending","sponsored_post":"0","sponsored_post_label":"Sponsored by","sponsored_post_name":"","sponsored_post_url":"","sponsored_post_logo_enable":"0","sponsored_post_logo":"","sponsored_post_desc":"","disable_ad":"0"},"jnews_primary_category":{"id":"4","hide":""},"jnews_social_meta":{"fb_title":"","fb_description":"","fb_image":"","twitter_title":"","twitter_description":"","twitter_image":""},"jnews_override_counter":{"override_view_counter":"0","view_counter_number":"0","override_share_counter":"0","share_counter_number":"0","override_like_counter":"0","like_counter_number":"0","override_dislike_counter":"0","dislike_counter_number":"0"},"footnotes":""},"categories":[4,17,2],"tags":[23,54],"class_list":["post-23117","post","type-post","status-publish","format-standard","has-post-thumbnail","hentry","category-futbol","category-futbol-altyapi","category-haberler","tag-fenerbahce","tag-futbol"],"amp_enabled":true,"_links":{"self":[{"href":"https:\/\/www.fener.org\/index.php\/wp-json\/wp\/v2\/posts\/23117","targetHints":{"allow":["GET"]}}],"collection":[{"href":"https:\/\/www.fener.org\/index.php\/wp-json\/wp\/v2\/posts"}],"about":[{"href":"https:\/\/www.fener.org\/index.php\/wp-json\/wp\/v2\/types\/post"}],"author":[{"embeddable":true,"href":"https:\/\/www.fener.org\/index.php\/wp-json\/wp\/v2\/users\/1"}],"replies":[{"embeddable":true,"href":"https:\/\/www.fener.org\/index.php\/wp-json\/wp\/v2\/comments?post=23117"}],"version-history":[{"count":1,"href":"https:\/\/www.fener.org\/index.php\/wp-json\/wp\/v2\/posts\/23117\/revisions"}],"predecessor-version":[{"id":23118,"href":"https:\/\/www.fener.org\/index.php\/wp-json\/wp\/v2\/posts\/23117\/revisions\/23118"}],"wp:featuredmedia":[{"embeddable":true,"href":"https:\/\/www.fener.org\/index.php\/wp-json\/wp\/v2\/media\/1278"}],"wp:attachment":[{"href":"https:\/\/www.fener.org\/index.php\/wp-json\/wp\/v2\/media?parent=23117"}],"wp:term":[{"taxonomy":"category","embeddable":true,"href":"https:\/\/www.fener.org\/index.php\/wp-json\/wp\/v2\/categories?post=23117"},{"taxonomy":"post_tag","embeddable":true,"href":"https:\/\/www.fener.org\/index.php\/wp-json\/wp\/v2\/tags?post=23117"}],"curies":[{"name":"wp","href":"https:\/\/api.w.org\/{rel}","templated":true}]}}