{"id":23111,"date":"2024-01-13T21:24:00","date_gmt":"2024-01-13T18:24:00","guid":{"rendered":"https:\/\/www.fener.org\/?p=23111"},"modified":"2024-01-14T09:24:34","modified_gmt":"2024-01-14T06:24:34","slug":"atletlerimiz-u20-salon-sampiyonasinin-ilk-gununu-rekorlarla-tamamladi","status":"publish","type":"post","link":"https:\/\/www.fener.org\/index.php\/2024\/01\/13\/atletlerimiz-u20-salon-sampiyonasinin-ilk-gununu-rekorlarla-tamamladi\/","title":{"rendered":"Atletlerimiz, U20 Salon \u015eampiyonas\u0131\u2019n\u0131n ilk g\u00fcn\u00fcn\u00fc rekorlarla tamamlad\u0131"},"content":{"rendered":"\n<p>Fenerbah\u00e7e Atletizm \u015eubemiz sporcular\u0131, \u0130stanbul Atak\u00f6y Kapal\u0131 Atletizm Salonu\u2019nun ev sahipli\u011finde yap\u0131lan U20 Salon T\u00fcrkiye \u015eampiyonas\u0131\u2019n\u0131n ilk g\u00fcn\u00fcnde pek \u00e7ok kategoride k\u00fcrs\u00fcn\u00fcn ilk basama\u011f\u0131nda yer ald\u0131.<\/p>\n\n\n\n<p>Atletlerimiz ilk g\u00fcn sonunda toplamda 8 birincilik elde ederken, milli atletimiz Rahime Yi\u011fit s\u0131r\u0131kla y\u00fcksek atlamadaki 4.15\u2019lik derecesiyle yeni T\u00fcrkiye rekorunun sahibi oldu.<\/p>\n\n\n\n<p>Atletizm \u015eube Sorumlumuz \u0130hsan \u00d6zden de sporcular\u0131m\u0131z\u0131 yaln\u0131z b\u0131rakmad\u0131.<\/p>\n\n\n\n<p>2024 y\u0131l\u0131 TAF faaliyet takviminde yer alan organizasyonda piste \u00e7\u0131kan atletlerimizden kad\u0131nlar 60 metrede Zeynep Kaya birinci(7.68), Saadet \u00d6zt\u00fcrk ikinci(7.73); 400 metrede Elif Ilgaz ikinci(57.81), Neslihan Tokta\u015f \u00fc\u00e7\u00fcnc\u00fc(59.39), \u0130lkim Alt\u0131nbudak be\u015finci(59.90); 1500 metrede Edibe Ya\u011f\u0131z birinci(4:25.08), Ceyda Melek P\u0131nar ikinci(4:36.40); 3 ad\u0131m atlamada Esmanur Birdel ikinci(12.18); s\u0131r\u0131kla y\u00fcksek atlamada Rahime Yi\u011fit birinci(4.15), Azra Aky\u00fcz ikinci, Sudenaz \u00dcnl\u00fcbal \u00fc\u00e7\u00fcnc\u00fc(3.40); g\u00fclle atmada ise Ahsen Cebeci ikinci(11.50) s\u0131rada yer ald\u0131.<\/p>\n\n\n\n<p>400 metrede yar\u0131\u015fan atletlerimiz Elif Ilgaz, Neslihan Tokta\u015f ve \u0130lkim Alt\u0131nbudak yar\u0131n yap\u0131lacak finallerde madalya i\u00e7in m\u00fccadele edecek.<\/p>\n\n\n\n<p>Erkeklerdeyse 60 metrede H\u00fcseyin Mutlu Korkmaz birinci(6.86); 400 metrede Mustafa Cinpolat birinci(49.90), \u00d6mer Faruk Esen ikinci(49.92), Eren Keser \u00fc\u00e7\u00fcnc\u00fc(50.14); 1500 metrede Yusuf Talha Toprak \u00fc\u00e7\u00fcnc\u00fc(3:59.15); uzun atlamada Yusuf \u015een\u00f6deyici birinci(6.98); y\u00fcksek atlamada Yasir Kuduban birinci(2.00); g\u00fclle atmada Ali Peker birincilik(19.92) ipini g\u00f6\u011f\u00fcsleyen atletlerimiz oldu.<\/p>\n\n\n\n<p>400 metrede isimlerini finale yazd\u0131ran Mustafa Cinpolat, \u00d6mer Faruk Esen ve Eren Keser yar\u0131n yap\u0131lacak final m\u00fcsabakalar\u0131nda madalya arayacak.<\/p>\n\n\n\n<p>U20 Salon T\u00fcrkiye \u015eampiyonas\u0131, 14 Ocak Pazar g\u00fcn\u00fc yap\u0131lacak m\u00fcsabakalarla tamamlanacak.<\/p>\n","protected":false},"excerpt":{"rendered":"<p>Fenerbah\u00e7e Atletizm \u015eubemiz sporcular\u0131, \u0130stanbul Atak\u00f6y Kapal\u0131 Atletizm Salonu\u2019nun ev sahipli\u011finde yap\u0131lan U20 Salon T\u00fcrkiye \u015eampiyonas\u0131\u2019n\u0131n ilk g\u00fcn\u00fcnde pek \u00e7ok kategoride k\u00fcrs\u00fcn\u00fcn ilk basama\u011f\u0131nda yer ald\u0131. Atletlerimiz ilk g\u00fcn sonunda toplamda 8 birincilik elde ederken, milli atletimiz Rahime Yi\u011fit s\u0131r\u0131kla y\u00fcksek atlamadaki 4.15\u2019lik derecesiyle yeni T\u00fcrkiye rekorunun sahibi oldu. Atletizm \u015eube Sorumlumuz \u0130hsan \u00d6zden de [&hellip;]<\/p>\n","protected":false},"author":1,"featured_media":23112,"comment_status":"closed","ping_status":"closed","sticky":false,"template":"","format":"standard","meta":{"jnews-multi-image_gallery":[],"jnews_single_post":{"subtitle":"","format":"standard","video":"","gallery":"","source_name":"","source_url":"","via_name":"","via_url":"","override_template":"0","override":[{"template":"1","single_blog_custom":"","parallax":"1","fullscreen":"1","layout":"right-sidebar","sidebar":"mysidebar","second_sidebar":"default-sidebar","sticky_sidebar":"1","share_position":"float","share_float_style":"share-normal","show_share_counter":"1","show_view_counter":"1","show_featured":"1","show_post_meta":"1","show_post_author":"0","show_post_author_image":"1","show_post_date":"1","post_date_format":"default","post_date_format_custom":"Y\/m\/d","show_post_category":"0","show_post_reading_time":"0","post_reading_time_wpm":"300","show_zoom_button":"0","zoom_button_out_step":"2","zoom_button_in_step":"3","show_post_tag":"0","show_prev_next_post":"1","show_popup_post":"0","number_popup_post":"3","show_author_box":"0","show_post_related":"0","show_inline_post_related":"0"}],"override_image_size":"0","image_override":[{"single_post_thumbnail_size":"crop-500","single_post_gallery_size":"crop-500"}],"trending_post":"0","trending_post_position":"meta","trending_post_label":"Trending","sponsored_post":"0","sponsored_post_label":"Sponsored by","sponsored_post_name":"","sponsored_post_url":"","sponsored_post_logo_enable":"0","sponsored_post_logo":"","sponsored_post_desc":"","disable_ad":"0"},"jnews_primary_category":{"id":"13","hide":""},"jnews_social_meta":{"fb_title":"","fb_description":"","fb_image":"","twitter_title":"","twitter_description":"","twitter_image":""},"jnews_override_counter":{"override_view_counter":"0","view_counter_number":"0","override_share_counter":"0","share_counter_number":"0","override_like_counter":"0","like_counter_number":"0","override_dislike_counter":"0","dislike_counter_number":"0"},"footnotes":""},"categories":[13,2],"tags":[32,23],"class_list":["post-23111","post","type-post","status-publish","format-standard","has-post-thumbnail","hentry","category-atletizm","category-haberler","tag-atletizm","tag-fenerbahce"],"amp_enabled":true,"_links":{"self":[{"href":"https:\/\/www.fener.org\/index.php\/wp-json\/wp\/v2\/posts\/23111","targetHints":{"allow":["GET"]}}],"collection":[{"href":"https:\/\/www.fener.org\/index.php\/wp-json\/wp\/v2\/posts"}],"about":[{"href":"https:\/\/www.fener.org\/index.php\/wp-json\/wp\/v2\/types\/post"}],"author":[{"embeddable":true,"href":"https:\/\/www.fener.org\/index.php\/wp-json\/wp\/v2\/users\/1"}],"replies":[{"embeddable":true,"href":"https:\/\/www.fener.org\/index.php\/wp-json\/wp\/v2\/comments?post=23111"}],"version-history":[{"count":1,"href":"https:\/\/www.fener.org\/index.php\/wp-json\/wp\/v2\/posts\/23111\/revisions"}],"predecessor-version":[{"id":23113,"href":"https:\/\/www.fener.org\/index.php\/wp-json\/wp\/v2\/posts\/23111\/revisions\/23113"}],"wp:featuredmedia":[{"embeddable":true,"href":"https:\/\/www.fener.org\/index.php\/wp-json\/wp\/v2\/media\/23112"}],"wp:attachment":[{"href":"https:\/\/www.fener.org\/index.php\/wp-json\/wp\/v2\/media?parent=23111"}],"wp:term":[{"taxonomy":"category","embeddable":true,"href":"https:\/\/www.fener.org\/index.php\/wp-json\/wp\/v2\/categories?post=23111"},{"taxonomy":"post_tag","embeddable":true,"href":"https:\/\/www.fener.org\/index.php\/wp-json\/wp\/v2\/tags?post=23111"}],"curies":[{"name":"wp","href":"https:\/\/api.w.org\/{rel}","templated":true}]}}