{"id":22820,"date":"2023-12-24T22:37:42","date_gmt":"2023-12-24T19:37:42","guid":{"rendered":"https:\/\/www.fener.org\/?p=22820"},"modified":"2023-12-24T22:37:42","modified_gmt":"2023-12-24T19:37:42","slug":"ismail-kartal-yolumuza-devam-ediyoruz-2","status":"publish","type":"post","link":"https:\/\/www.fener.org\/index.php\/2023\/12\/24\/ismail-kartal-yolumuza-devam-ediyoruz-2\/","title":{"rendered":"\u0130smail Kartal: Yolumuza devam ediyoruz"},"content":{"rendered":"\n<p>Teknik Direkt\u00f6r\u00fcm\u00fcz \u0130smail Kartal, S\u00fcper Lig&#8217;in 18. haftas\u0131nda Galatasaray ile oynad\u0131\u011f\u0131m\u0131z m\u00fccadelenin ard\u0131ndan yapt\u0131\u011f\u0131 a\u00e7\u0131klamalarda \u015funlar\u0131 s\u00f6yledi:<\/p>\n\n\n\n<blockquote class=\"wp-block-quote is-layout-flow wp-block-quote-is-layout-flow\">\n<p>\u201cKendi evimizde kazanmak i\u00e7in m\u00fccadele ettik. B\u00fct\u00fcn plan\u0131m\u0131z da kazanmak \u00fczerineydi. \u0130lk devre daha \u00e7ok ofansif oyuncuyla oynayarak erken bulaca\u011f\u0131m\u0131z bir golle ma\u00e7\u0131 lehimize \u00e7evirmeyi planlam\u0131\u015ft\u0131k. Ama ilk devre bakt\u0131k ki oyunun baz\u0131 b\u00f6l\u00fcmlerinde Galatasaray\u2019\u0131n etkinli\u011fini g\u00f6rd\u00fck, \u00f6zelikle orta sahada, orta alanda. \u0130kinci yar\u0131da hemen buraya m\u00fcdahale ettik. \u0130smail\u2019i oraya alarak, daha dinamizm katarak, rakibe \u00f6nde bask\u0131 yaparak, kazand\u0131\u011f\u0131m\u0131z toplarla rakibi oynatmayarak ve \u00fc\u00e7\u00fcnc\u00fc b\u00f6lgede hemen ge\u00e7i\u015flerle beraber gol bulmakt\u0131 amac\u0131m\u0131z. Rakibe daha bask\u0131l\u0131 oynad\u0131k, topu birazc\u0131k daha oynamaya \u00e7al\u0131\u015ft\u0131k, birazc\u0131k daha ilk yar\u0131ya oranla topun bizde kalmas\u0131n\u0131 sa\u011flayarak oynad\u0131k. Kanatlardan \u00f6zellikle iyi ataklar geli\u015ftirdik. Birka\u00e7 tane de pozisyonumuz vard\u0131. Her ne kadar bir iki tanesi y\u00fczde y\u00fcz gibi olsa da y\u00fczde y\u00fcz olmayan pozisyon veya gol olabilecek pozisyonlar\u0131m\u0131z vard\u0131. Do\u011fru tercihler yapabilseydik\u2026 Sonu\u00e7ta \u00e7ok iyi m\u00fccadele ettik, \u00f6zellikle de ikinci yar\u0131. Kazanmak i\u00e7in oyuncular\u0131m sahada m\u00fccadele ettiler. Sonu\u00e7ta iki tak\u0131m da bug\u00fcn iyi m\u00fccadele etti. Kazanamad\u0131k, kazanam\u0131yorsan kaybetmeyeceksin bu tip ma\u00e7lar\u0131. Sonu\u00e7ta bu ligin lideriyiz. Yolumuza devam ediyoruz.<\/p>\n\n\n\n<p>Bu bir lig ma\u00e7\u0131. Bu uzun bir maraton. Uzun soluklu bir maraton. Her iki tak\u0131m i\u00e7in de daha \u00f6n\u00fcm\u00fczde \u00e7ok ma\u00e7lar var. Ama S\u00fcper Kupa sadece bir tane ma\u00e7 olacak ve bitecek. O ma\u00e7taki stratejilerimiz tabii ki farkl\u0131 olacak. Fred\u2019in de aram\u0131za d\u00f6nmesinin tabii ki bizim i\u00e7in olumlu, pozitif bir etki yarataca\u011f\u0131n\u0131 biliyoruz. Orada tek ma\u00e7 \u00fczerine kurgumuz olacak.\u201d<\/p>\n<\/blockquote>\n","protected":false},"excerpt":{"rendered":"<p>Teknik Direkt\u00f6r\u00fcm\u00fcz \u0130smail Kartal, S\u00fcper Lig&#8217;in 18. haftas\u0131nda Galatasaray ile oynad\u0131\u011f\u0131m\u0131z m\u00fccadelenin ard\u0131ndan yapt\u0131\u011f\u0131 a\u00e7\u0131klamalarda \u015funlar\u0131 s\u00f6yledi: \u201cKendi evimizde kazanmak i\u00e7in m\u00fccadele ettik. B\u00fct\u00fcn plan\u0131m\u0131z da kazanmak \u00fczerineydi. \u0130lk devre daha \u00e7ok ofansif oyuncuyla oynayarak erken bulaca\u011f\u0131m\u0131z bir golle ma\u00e7\u0131 lehimize \u00e7evirmeyi planlam\u0131\u015ft\u0131k. Ama ilk devre bakt\u0131k ki oyunun baz\u0131 b\u00f6l\u00fcmlerinde Galatasaray\u2019\u0131n etkinli\u011fini g\u00f6rd\u00fck, \u00f6zelikle [&hellip;]<\/p>\n","protected":false},"author":1,"featured_media":22821,"comment_status":"closed","ping_status":"closed","sticky":false,"template":"","format":"standard","meta":{"jnews-multi-image_gallery":[],"jnews_single_post":{"subtitle":"Teknik Direkt\u00f6r\u00fcm\u00fcz \u0130smail Kartal, Galatasaray ma\u00e7\u0131n\u0131n ard\u0131ndan yay\u0131nc\u0131 kurulu\u015fa a\u00e7\u0131klamalar yapt\u0131.","format":"standard","video":"","gallery":"","source_name":"","source_url":"","via_name":"","via_url":"","override_template":"0","override":[{"template":"1","single_blog_custom":"","parallax":"1","fullscreen":"1","layout":"right-sidebar","sidebar":"mysidebar","second_sidebar":"default-sidebar","sticky_sidebar":"1","share_position":"float","share_float_style":"share-normal","show_share_counter":"1","show_view_counter":"1","show_featured":"1","show_post_meta":"1","show_post_author":"0","show_post_author_image":"1","show_post_date":"1","post_date_format":"default","post_date_format_custom":"Y\/m\/d","show_post_category":"0","show_post_reading_time":"0","post_reading_time_wpm":"300","show_zoom_button":"0","zoom_button_out_step":"2","zoom_button_in_step":"3","show_post_tag":"0","show_prev_next_post":"1","show_popup_post":"0","number_popup_post":"3","show_author_box":"0","show_post_related":"0","show_inline_post_related":"0"}],"override_image_size":"0","image_override":[{"single_post_thumbnail_size":"crop-500","single_post_gallery_size":"crop-500"}],"trending_post":"0","trending_post_position":"meta","trending_post_label":"Trending","sponsored_post":"0","sponsored_post_label":"Sponsored by","sponsored_post_name":"","sponsored_post_url":"","sponsored_post_logo_enable":"0","sponsored_post_logo":"","sponsored_post_desc":"","disable_ad":"0"},"jnews_primary_category":{"id":"4","hide":""},"jnews_social_meta":{"fb_title":"","fb_description":"","fb_image":"","twitter_title":"","twitter_description":"","twitter_image":""},"jnews_override_counter":{"override_view_counter":"0","view_counter_number":"0","override_share_counter":"0","share_counter_number":"0","override_like_counter":"0","like_counter_number":"0","override_dislike_counter":"0","dislike_counter_number":"0"},"footnotes":""},"categories":[4,2,47],"tags":[23,54],"class_list":["post-22820","post","type-post","status-publish","format-standard","has-post-thumbnail","hentry","category-futbol","category-haberler","category-profesyonel-a-futbol-takimi","tag-fenerbahce","tag-futbol"],"amp_enabled":true,"_links":{"self":[{"href":"https:\/\/www.fener.org\/index.php\/wp-json\/wp\/v2\/posts\/22820","targetHints":{"allow":["GET"]}}],"collection":[{"href":"https:\/\/www.fener.org\/index.php\/wp-json\/wp\/v2\/posts"}],"about":[{"href":"https:\/\/www.fener.org\/index.php\/wp-json\/wp\/v2\/types\/post"}],"author":[{"embeddable":true,"href":"https:\/\/www.fener.org\/index.php\/wp-json\/wp\/v2\/users\/1"}],"replies":[{"embeddable":true,"href":"https:\/\/www.fener.org\/index.php\/wp-json\/wp\/v2\/comments?post=22820"}],"version-history":[{"count":2,"href":"https:\/\/www.fener.org\/index.php\/wp-json\/wp\/v2\/posts\/22820\/revisions"}],"predecessor-version":[{"id":22823,"href":"https:\/\/www.fener.org\/index.php\/wp-json\/wp\/v2\/posts\/22820\/revisions\/22823"}],"wp:featuredmedia":[{"embeddable":true,"href":"https:\/\/www.fener.org\/index.php\/wp-json\/wp\/v2\/media\/22821"}],"wp:attachment":[{"href":"https:\/\/www.fener.org\/index.php\/wp-json\/wp\/v2\/media?parent=22820"}],"wp:term":[{"taxonomy":"category","embeddable":true,"href":"https:\/\/www.fener.org\/index.php\/wp-json\/wp\/v2\/categories?post=22820"},{"taxonomy":"post_tag","embeddable":true,"href":"https:\/\/www.fener.org\/index.php\/wp-json\/wp\/v2\/tags?post=22820"}],"curies":[{"name":"wp","href":"https:\/\/api.w.org\/{rel}","templated":true}]}}