{"id":22815,"date":"2023-12-24T21:10:30","date_gmt":"2023-12-24T18:10:30","guid":{"rendered":"https:\/\/www.fener.org\/?p=22815"},"modified":"2023-12-24T21:22:56","modified_gmt":"2023-12-24T18:22:56","slug":"fenerbahce-0-0-galatasaray","status":"publish","type":"post","link":"https:\/\/www.fener.org\/index.php\/2023\/12\/24\/fenerbahce-0-0-galatasaray\/","title":{"rendered":"Fenerbah\u00e7e 0\u20130 Galatasaray"},"content":{"rendered":"\n<p>Fenerbah\u00e7emiz, Trendyol S\u00fcper Lig&#8217;in 18. haftas\u0131nda Galatasaray&#8217;\u0131 a\u011f\u0131rlad\u0131. \u00dclker Stadyumu Fenerbah\u00e7e \u015e\u00fckr\u00fc Saraco\u011flu Spor Kompleksi\u2019nde oynanan ma\u00e7 gols\u00fcz e\u015fitlikle tamamland\u0131. Bu sonu\u00e7la puan\u0131n\u0131 44\u2019e \u00e7\u0131karan Tak\u0131m\u0131m\u0131z, liderli\u011fini s\u00fcrd\u00fcrd\u00fc.<\/p>\n\n\n<p><strong>Ma\u00e7tan dakikalar<\/strong><br \/><br \/>27. dakikada ceza sahas\u0131 yay\u0131nda topla bulu\u015fan Kerem Demirbay&#8217;\u0131n vuru\u015funda top \u00fcstten auta \u00e7\u0131kt\u0131.\u00a0<br \/>43. dakikada Kerem Demirbay&#8217;\u0131n ceza sahas\u0131 yay\u0131 gerisinden \u015futunda top az farkla auta \u00e7\u0131kt\u0131.<br \/>49. dakikada Ziyech&#8217;in sa\u011fdan ortas\u0131nda topu kontrol etmekte zorlanan Kerem Demirbay, penalt\u0131 noktas\u0131 gerisinden \u015fut \u00e7\u0131kard\u0131 ancak me\u015fin yuvarlak \u00fcstten auta gitti.<br \/>61. dakikada sa\u011f kanattan seri pasla\u015fmalarla gelen Fenerbah\u00e7emizde Sebastian Szymanski ceza sahas\u0131 yay\u0131n\u0131n sa\u011f\u0131ndan sol aya\u011f\u0131yla \u015fut \u00e7ekti. Me\u015fin yuvarlak az farkla uzak dire\u011fin yan\u0131ndan auta \u00e7\u0131kt\u0131.<br \/>70. dakikada Ziyech&#8217;in sa\u011f \u00e7aprazda ceza sahas\u0131 \u00f6n \u00e7izgisi \u00fczerinden \u015futunda top kalecimiz Livakovic&#8217;te kald\u0131.<br \/>71. dakikada ceza sahas\u0131 i\u00e7i sol \u00e7aprazda topla bulu\u015fan Joshua King&#8217;in plase vuru\u015funda me\u015fin yuvarlak uzak taraftan oyun alan\u0131n\u0131 terk etti.<br \/>M\u00fccadele gols\u00fcz e\u015fitlikle sona erdi.<\/p>","protected":false},"excerpt":{"rendered":"<p>Fenerbah\u00e7emiz, Trendyol S\u00fcper Lig&#8217;in 18. haftas\u0131nda Galatasaray&#8217;\u0131 a\u011f\u0131rlad\u0131. \u00dclker Stadyumu Fenerbah\u00e7e \u015e\u00fckr\u00fc Saraco\u011flu Spor Kompleksi\u2019nde oynanan ma\u00e7 gols\u00fcz e\u015fitlikle tamamland\u0131. Bu sonu\u00e7la puan\u0131n\u0131 44\u2019e \u00e7\u0131karan Tak\u0131m\u0131m\u0131z, liderli\u011fini s\u00fcrd\u00fcrd\u00fc. Ma\u00e7tan dakikalar 27. dakikada ceza sahas\u0131 yay\u0131nda topla bulu\u015fan Kerem Demirbay&#8217;\u0131n vuru\u015funda top \u00fcstten auta \u00e7\u0131kt\u0131.\u00a043. dakikada Kerem Demirbay&#8217;\u0131n ceza sahas\u0131 yay\u0131 gerisinden \u015futunda top az farkla [&hellip;]<\/p>\n","protected":false},"author":1,"featured_media":22816,"comment_status":"closed","ping_status":"closed","sticky":false,"template":"","format":"standard","meta":{"jnews-multi-image_gallery":[],"jnews_single_post":{"subtitle":"Fenerbah\u00e7e, S\u00fcper Lig'in 18. haftas\u0131nda sahad\u0131nda Galatasaray ile oynad\u0131\u011f\u0131 m\u00fccadeleden gols\u00fcz e\u015fitlikle ayr\u0131ld\u0131.","format":"standard","video":"","gallery":"","source_name":"","source_url":"","via_name":"","via_url":"","override_template":"0","override":[{"template":"1","single_blog_custom":"","parallax":"1","fullscreen":"1","layout":"right-sidebar","sidebar":"mysidebar","second_sidebar":"default-sidebar","sticky_sidebar":"1","share_position":"float","share_float_style":"share-normal","show_share_counter":"1","show_view_counter":"1","show_featured":"1","show_post_meta":"1","show_post_author":"0","show_post_author_image":"1","show_post_date":"1","post_date_format":"default","post_date_format_custom":"Y\/m\/d","show_post_category":"0","show_post_reading_time":"0","post_reading_time_wpm":"300","show_zoom_button":"0","zoom_button_out_step":"2","zoom_button_in_step":"3","show_post_tag":"0","show_prev_next_post":"1","show_popup_post":"0","number_popup_post":"3","show_author_box":"0","show_post_related":"0","show_inline_post_related":"0"}],"override_image_size":"0","image_override":[{"single_post_thumbnail_size":"crop-500","single_post_gallery_size":"crop-500"}],"trending_post":"0","trending_post_position":"meta","trending_post_label":"Trending","sponsored_post":"0","sponsored_post_label":"Sponsored by","sponsored_post_name":"","sponsored_post_url":"","sponsored_post_logo_enable":"0","sponsored_post_logo":"","sponsored_post_desc":"","disable_ad":"0"},"jnews_primary_category":{"id":"4","hide":""},"jnews_social_meta":{"fb_title":"","fb_description":"","fb_image":"","twitter_title":"","twitter_description":"","twitter_image":""},"jnews_override_counter":{"override_view_counter":"0","view_counter_number":"0","override_share_counter":"0","share_counter_number":"0","override_like_counter":"0","like_counter_number":"0","override_dislike_counter":"0","dislike_counter_number":"0"},"footnotes":""},"categories":[4,2,47],"tags":[23,54],"class_list":["post-22815","post","type-post","status-publish","format-standard","has-post-thumbnail","hentry","category-futbol","category-haberler","category-profesyonel-a-futbol-takimi","tag-fenerbahce","tag-futbol"],"amp_enabled":true,"_links":{"self":[{"href":"https:\/\/www.fener.org\/index.php\/wp-json\/wp\/v2\/posts\/22815","targetHints":{"allow":["GET"]}}],"collection":[{"href":"https:\/\/www.fener.org\/index.php\/wp-json\/wp\/v2\/posts"}],"about":[{"href":"https:\/\/www.fener.org\/index.php\/wp-json\/wp\/v2\/types\/post"}],"author":[{"embeddable":true,"href":"https:\/\/www.fener.org\/index.php\/wp-json\/wp\/v2\/users\/1"}],"replies":[{"embeddable":true,"href":"https:\/\/www.fener.org\/index.php\/wp-json\/wp\/v2\/comments?post=22815"}],"version-history":[{"count":2,"href":"https:\/\/www.fener.org\/index.php\/wp-json\/wp\/v2\/posts\/22815\/revisions"}],"predecessor-version":[{"id":22819,"href":"https:\/\/www.fener.org\/index.php\/wp-json\/wp\/v2\/posts\/22815\/revisions\/22819"}],"wp:featuredmedia":[{"embeddable":true,"href":"https:\/\/www.fener.org\/index.php\/wp-json\/wp\/v2\/media\/22816"}],"wp:attachment":[{"href":"https:\/\/www.fener.org\/index.php\/wp-json\/wp\/v2\/media?parent=22815"}],"wp:term":[{"taxonomy":"category","embeddable":true,"href":"https:\/\/www.fener.org\/index.php\/wp-json\/wp\/v2\/categories?post=22815"},{"taxonomy":"post_tag","embeddable":true,"href":"https:\/\/www.fener.org\/index.php\/wp-json\/wp\/v2\/tags?post=22815"}],"curies":[{"name":"wp","href":"https:\/\/api.w.org\/{rel}","templated":true}]}}