{"id":22803,"date":"2023-12-24T17:06:18","date_gmt":"2023-12-24T14:06:18","guid":{"rendered":"https:\/\/www.fener.org\/?p=22803"},"modified":"2023-12-24T17:06:25","modified_gmt":"2023-12-24T14:06:25","slug":"boksorlerimizden-buyuk-erkekler-turkiye-ferdi-boks-sampiyonasinda-10-madalya","status":"publish","type":"post","link":"https:\/\/www.fener.org\/index.php\/2023\/12\/24\/boksorlerimizden-buyuk-erkekler-turkiye-ferdi-boks-sampiyonasinda-10-madalya\/","title":{"rendered":"Boks\u00f6rlerimizden B\u00fcy\u00fck Erkekler T\u00fcrkiye Ferdi Boks \u015eampiyonas\u0131\u2019nda 10 madalya"},"content":{"rendered":"\n<p>Fenerbah\u00e7e Boks \u015eubemizin sporcular\u0131, B\u00fcy\u00fck Erkekler T\u00fcrkiye Ferdi Boks \u015eampiyonas\u0131\u2019n\u0131 3\u2019\u00fc alt\u0131n, 5\u2019i g\u00fcm\u00fc\u015f 2\u2019si de bronz olmak \u00fczere toplamda 10 madalyayla tamamlad\u0131.<\/p>\n\n\n\n<p>T\u00fcrkiye Boks Federasyonu 2023 Faaliyet Takvimi i\u00e7inde yer alan Mustafa Bilir B\u00fcy\u00fck Erkekler T\u00fcrkiye Ferdi Boks \u015eampiyonas\u0131 56 ilden 309 sporcunun kat\u0131l\u0131m\u0131yla 17-23 Aral\u0131k tarihleri aras\u0131nda Samsun&#8217;da d\u00fczenlendi.<\/p>\n\n\n\n<p>Amat\u00f6r \u015eubeler Koordinat\u00f6r\u00fcm\u00fcz Fikret \u00c7etinkaya ile Boks \u015eube Sorumlumuz Selahattin Atasever de \u015fampiyonay\u0131 yerinde takip etti. \u015eampiyonaya 14 boks\u00f6rle kat\u0131l\u0131m sa\u011flayan Boks \u015eubemiz, 10 madalya kazand\u0131.<\/p>\n\n\n\n<p>Boks\u00f6rlerimizden 57 kg Batuhan \u00c7ift\u00e7i, 48 kg Metehan Ad\u0131g\u00fczel ve 63,5 kg Mizan Aykol alt\u0131n madalyan\u0131n sahibi olurken; 57 kg Zelimhan S\u00fcleymanov, 71 kg Necat Ekici, 75 kg Vedat Ka\u00e7ar, 86 kg Emrah Ya\u015far ve 92 kg M\u00fccahit \u0130lyas da g\u00fcm\u00fc\u015f madalya kazand\u0131. 86 kg Burak Aks\u0131n ve +92 kg U\u011fur Aydemir ise turnuvay\u0131 bronz madalya ile tamamlad\u0131lar.<\/p>\n","protected":false},"excerpt":{"rendered":"<p>Fenerbah\u00e7e Boks \u015eubemizin sporcular\u0131, B\u00fcy\u00fck Erkekler T\u00fcrkiye Ferdi Boks \u015eampiyonas\u0131\u2019n\u0131 3\u2019\u00fc alt\u0131n, 5\u2019i g\u00fcm\u00fc\u015f 2\u2019si de bronz olmak \u00fczere toplamda 10 madalyayla tamamlad\u0131. T\u00fcrkiye Boks Federasyonu 2023 Faaliyet Takvimi i\u00e7inde yer alan Mustafa Bilir B\u00fcy\u00fck Erkekler T\u00fcrkiye Ferdi Boks \u015eampiyonas\u0131 56 ilden 309 sporcunun kat\u0131l\u0131m\u0131yla 17-23 Aral\u0131k tarihleri aras\u0131nda Samsun&#8217;da d\u00fczenlendi. Amat\u00f6r \u015eubeler Koordinat\u00f6r\u00fcm\u00fcz Fikret [&hellip;]<\/p>\n","protected":false},"author":1,"featured_media":22804,"comment_status":"closed","ping_status":"closed","sticky":false,"template":"","format":"standard","meta":{"jnews-multi-image_gallery":[],"jnews_single_post":{"subtitle":"Boks\u00f6rlerimiz, B\u00fcy\u00fck Erkekler T\u00fcrkiye Ferdi Boks \u015eampiyonas\u0131\u2019nda 10 madalya kazand\u0131.","format":"standard","video":"","gallery":"","source_name":"","source_url":"","via_name":"","via_url":"","override_template":"0","override":[{"template":"1","single_blog_custom":"","parallax":"1","fullscreen":"1","layout":"right-sidebar","sidebar":"mysidebar","second_sidebar":"default-sidebar","sticky_sidebar":"1","share_position":"float","share_float_style":"share-normal","show_share_counter":"1","show_view_counter":"1","show_featured":"1","show_post_meta":"1","show_post_author":"0","show_post_author_image":"1","show_post_date":"1","post_date_format":"default","post_date_format_custom":"Y\/m\/d","show_post_category":"0","show_post_reading_time":"0","post_reading_time_wpm":"300","show_zoom_button":"0","zoom_button_out_step":"2","zoom_button_in_step":"3","show_post_tag":"0","show_prev_next_post":"1","show_popup_post":"0","number_popup_post":"3","show_author_box":"0","show_post_related":"0","show_inline_post_related":"0"}],"override_image_size":"0","image_override":[{"single_post_thumbnail_size":"crop-500","single_post_gallery_size":"crop-500"}],"trending_post":"0","trending_post_position":"meta","trending_post_label":"Trending","sponsored_post":"0","sponsored_post_label":"Sponsored by","sponsored_post_name":"","sponsored_post_url":"","sponsored_post_logo_enable":"0","sponsored_post_logo":"","sponsored_post_desc":"","disable_ad":"0"},"jnews_primary_category":{"id":"15","hide":""},"jnews_social_meta":{"fb_title":"","fb_description":"","fb_image":"","twitter_title":"","twitter_description":"","twitter_image":""},"jnews_override_counter":{"override_view_counter":"0","view_counter_number":"0","override_share_counter":"0","share_counter_number":"0","override_like_counter":"0","like_counter_number":"0","override_dislike_counter":"0","dislike_counter_number":"0"},"footnotes":""},"categories":[15,2],"tags":[34,23],"class_list":["post-22803","post","type-post","status-publish","format-standard","has-post-thumbnail","hentry","category-boks","category-haberler","tag-boks","tag-fenerbahce"],"amp_enabled":true,"_links":{"self":[{"href":"https:\/\/www.fener.org\/index.php\/wp-json\/wp\/v2\/posts\/22803","targetHints":{"allow":["GET"]}}],"collection":[{"href":"https:\/\/www.fener.org\/index.php\/wp-json\/wp\/v2\/posts"}],"about":[{"href":"https:\/\/www.fener.org\/index.php\/wp-json\/wp\/v2\/types\/post"}],"author":[{"embeddable":true,"href":"https:\/\/www.fener.org\/index.php\/wp-json\/wp\/v2\/users\/1"}],"replies":[{"embeddable":true,"href":"https:\/\/www.fener.org\/index.php\/wp-json\/wp\/v2\/comments?post=22803"}],"version-history":[{"count":1,"href":"https:\/\/www.fener.org\/index.php\/wp-json\/wp\/v2\/posts\/22803\/revisions"}],"predecessor-version":[{"id":22805,"href":"https:\/\/www.fener.org\/index.php\/wp-json\/wp\/v2\/posts\/22803\/revisions\/22805"}],"wp:featuredmedia":[{"embeddable":true,"href":"https:\/\/www.fener.org\/index.php\/wp-json\/wp\/v2\/media\/22804"}],"wp:attachment":[{"href":"https:\/\/www.fener.org\/index.php\/wp-json\/wp\/v2\/media?parent=22803"}],"wp:term":[{"taxonomy":"category","embeddable":true,"href":"https:\/\/www.fener.org\/index.php\/wp-json\/wp\/v2\/categories?post=22803"},{"taxonomy":"post_tag","embeddable":true,"href":"https:\/\/www.fener.org\/index.php\/wp-json\/wp\/v2\/tags?post=22803"}],"curies":[{"name":"wp","href":"https:\/\/api.w.org\/{rel}","templated":true}]}}