{"id":22795,"date":"2023-12-24T10:19:13","date_gmt":"2023-12-24T07:19:13","guid":{"rendered":"https:\/\/www.fener.org\/?p=22795"},"modified":"2023-12-24T10:19:20","modified_gmt":"2023-12-24T07:19:20","slug":"fenerbahce-galatasarayi-konuk-ediyor-5","status":"publish","type":"post","link":"https:\/\/www.fener.org\/index.php\/2023\/12\/24\/fenerbahce-galatasarayi-konuk-ediyor-5\/","title":{"rendered":"Fenerbah\u00e7e, Galatasaray\u2019\u0131 konuk ediyor"},"content":{"rendered":"\n<p>Lider Fenerbah\u00e7emiz, Trendyol S\u00fcper Lig&#8217;in 18. haftas\u0131nda ezeli rakibi Galatasaray&#8217;\u0131 a\u011f\u0131rl\u0131yor. Bu ak\u015fam (24 Aral\u0131k Pazar ak\u015fam\u0131) \u00dclker Stadyumu Fenerbah\u00e7e \u015e\u00fckr\u00fc Saraco\u011flu Spor Kompleksi\u2019nin ev sahipli\u011fi yapaca\u011f\u0131 m\u00fccadele saat 19:00&#8217;da ba\u015flayacak. Kar\u015f\u0131la\u015fmay\u0131 Arda Karde\u015fler y\u00f6netecek.<\/p>\n\n\n\n<p>16 haftada 14\u2019er galibiyet, 1\u2019er beraberlik ve ma\u011flubiyet ya\u015fayan 2 tak\u0131mdan Fenerbah\u00e7emiz +30 averajla zirvede yer al\u0131rken; Galatasaray +23 averajla 2. s\u0131rada bulunuyor.<\/p>\n\n\n\n<p>Teknik Direkt\u00f6r\u00fcm\u00fcz \u0130smail Kartal, Fenerbah\u00e7emizin ba\u015f\u0131nda \u00e7\u0131kt\u0131\u011f\u0131 4 Galatasaray derbisinin 3\u2019\u00fcnden galibiyetle ayr\u0131ld\u0131.<\/p>\n\n\n\n<p>Ezeli rakibiyle 398. kez kar\u015f\u0131la\u015facak sar\u0131 lacivertli ekibimiz, 148 galibiyet, 122 beraberlik, 127 ma\u011flubiyet al\u0131rken; 540 gol at\u0131p, 496 gol yedi.<\/p>\n\n\n\n<p>Genel toplamdaki \u00fcst\u00fcnl\u00fc\u011f\u00fcn\u00fc lig kar\u015f\u0131la\u015fmalar\u0131na da yans\u0131tan Futbol Tak\u0131m\u0131m\u0131z, Galatasaray&#8217;la ligde oynad\u0131\u011f\u0131 132 ma\u00e7\u0131n 52&#8217;sini kazan\u0131rken; 43 m\u00fccadeleden berabere, 37 kar\u015f\u0131la\u015fmadan ma\u011flup ayr\u0131ld\u0131.<\/p>\n\n\n\n<p>Ezeli rakibini Kad\u0131k\u00f6y&#8217;de 197. kez konuk edecek Fenerbah\u00e7emiz, geride kalan 196 ma\u00e7ta 95 galibiyet, 57 beraberlik, 44 ma\u011flubiyet ya\u015fad\u0131.<\/p>\n","protected":false},"excerpt":{"rendered":"<p>Lider Fenerbah\u00e7emiz, Trendyol S\u00fcper Lig&#8217;in 18. haftas\u0131nda ezeli rakibi Galatasaray&#8217;\u0131 a\u011f\u0131rl\u0131yor. Bu ak\u015fam (24 Aral\u0131k Pazar ak\u015fam\u0131) \u00dclker Stadyumu Fenerbah\u00e7e \u015e\u00fckr\u00fc Saraco\u011flu Spor Kompleksi\u2019nin ev sahipli\u011fi yapaca\u011f\u0131 m\u00fccadele saat 19:00&#8217;da ba\u015flayacak. Kar\u015f\u0131la\u015fmay\u0131 Arda Karde\u015fler y\u00f6netecek. 16 haftada 14\u2019er galibiyet, 1\u2019er beraberlik ve ma\u011flubiyet ya\u015fayan 2 tak\u0131mdan Fenerbah\u00e7emiz +30 averajla zirvede yer al\u0131rken; Galatasaray +23 averajla [&hellip;]<\/p>\n","protected":false},"author":1,"featured_media":22656,"comment_status":"closed","ping_status":"closed","sticky":false,"template":"","format":"standard","meta":{"jnews-multi-image_gallery":[],"jnews_single_post":{"subtitle":"Fenerbah\u00e7e, S\u00fcper Lig'in 18. haftas\u0131nda sahad\u0131nda Galatasaray ile kar\u015f\u0131la\u015f\u0131yor.","format":"standard","video":"","gallery":"","source_name":"","source_url":"","via_name":"","via_url":"","override_template":"0","override":[{"template":"1","single_blog_custom":"","parallax":"1","fullscreen":"1","layout":"right-sidebar","sidebar":"mysidebar","second_sidebar":"default-sidebar","sticky_sidebar":"1","share_position":"float","share_float_style":"share-normal","show_share_counter":"1","show_view_counter":"1","show_featured":"1","show_post_meta":"1","show_post_author":"0","show_post_author_image":"1","show_post_date":"1","post_date_format":"default","post_date_format_custom":"Y\/m\/d","show_post_category":"0","show_post_reading_time":"0","post_reading_time_wpm":"300","show_zoom_button":"0","zoom_button_out_step":"2","zoom_button_in_step":"3","show_post_tag":"0","show_prev_next_post":"1","show_popup_post":"0","number_popup_post":"3","show_author_box":"0","show_post_related":"0","show_inline_post_related":"0"}],"override_image_size":"0","image_override":[{"single_post_thumbnail_size":"crop-500","single_post_gallery_size":"crop-500"}],"trending_post":"0","trending_post_position":"meta","trending_post_label":"Trending","sponsored_post":"0","sponsored_post_label":"Sponsored by","sponsored_post_name":"","sponsored_post_url":"","sponsored_post_logo_enable":"0","sponsored_post_logo":"","sponsored_post_desc":"","disable_ad":"0"},"jnews_primary_category":{"id":"4","hide":""},"jnews_social_meta":{"fb_title":"","fb_description":"","fb_image":"","twitter_title":"","twitter_description":"","twitter_image":""},"jnews_override_counter":{"override_view_counter":"0","view_counter_number":"0","override_share_counter":"0","share_counter_number":"0","override_like_counter":"0","like_counter_number":"0","override_dislike_counter":"0","dislike_counter_number":"0"},"footnotes":""},"categories":[4,2,47],"tags":[23,54],"class_list":["post-22795","post","type-post","status-publish","format-standard","has-post-thumbnail","hentry","category-futbol","category-haberler","category-profesyonel-a-futbol-takimi","tag-fenerbahce","tag-futbol"],"amp_enabled":true,"_links":{"self":[{"href":"https:\/\/www.fener.org\/index.php\/wp-json\/wp\/v2\/posts\/22795","targetHints":{"allow":["GET"]}}],"collection":[{"href":"https:\/\/www.fener.org\/index.php\/wp-json\/wp\/v2\/posts"}],"about":[{"href":"https:\/\/www.fener.org\/index.php\/wp-json\/wp\/v2\/types\/post"}],"author":[{"embeddable":true,"href":"https:\/\/www.fener.org\/index.php\/wp-json\/wp\/v2\/users\/1"}],"replies":[{"embeddable":true,"href":"https:\/\/www.fener.org\/index.php\/wp-json\/wp\/v2\/comments?post=22795"}],"version-history":[{"count":1,"href":"https:\/\/www.fener.org\/index.php\/wp-json\/wp\/v2\/posts\/22795\/revisions"}],"predecessor-version":[{"id":22796,"href":"https:\/\/www.fener.org\/index.php\/wp-json\/wp\/v2\/posts\/22795\/revisions\/22796"}],"wp:featuredmedia":[{"embeddable":true,"href":"https:\/\/www.fener.org\/index.php\/wp-json\/wp\/v2\/media\/22656"}],"wp:attachment":[{"href":"https:\/\/www.fener.org\/index.php\/wp-json\/wp\/v2\/media?parent=22795"}],"wp:term":[{"taxonomy":"category","embeddable":true,"href":"https:\/\/www.fener.org\/index.php\/wp-json\/wp\/v2\/categories?post=22795"},{"taxonomy":"post_tag","embeddable":true,"href":"https:\/\/www.fener.org\/index.php\/wp-json\/wp\/v2\/tags?post=22795"}],"curies":[{"name":"wp","href":"https:\/\/api.w.org\/{rel}","templated":true}]}}