{"id":22759,"date":"2023-12-21T17:39:13","date_gmt":"2023-12-21T14:39:13","guid":{"rendered":"https:\/\/www.fener.org\/?p=22759"},"modified":"2023-12-21T17:39:20","modified_gmt":"2023-12-21T14:39:20","slug":"fenerbahcede-galatasaray-macinin-hazirliklari-basladi","status":"publish","type":"post","link":"https:\/\/www.fener.org\/index.php\/2023\/12\/21\/fenerbahcede-galatasaray-macinin-hazirliklari-basladi\/","title":{"rendered":"Fenerbah\u00e7e&#8217;de Galatasaray ma\u00e7\u0131n\u0131n haz\u0131rl\u0131klar\u0131 ba\u015flad\u0131"},"content":{"rendered":"\n<p>Fenerbah\u00e7emiz, Trendyol S\u00fcper Lig\u2019in 18. haftas\u0131nda 24 Aral\u0131k Pazar g\u00fcn\u00fc \u00dclker Stadyumu Fenerbah\u00e7e \u015e\u00fckr\u00fc Saraco\u011flu Spor Kompleksi\u2019nde, Galatasaray ile oynayaca\u011f\u0131 ma\u00e7\u0131n haz\u0131rl\u0131klar\u0131na bug\u00fcn \u00f6\u011fle saatlerinde Can Bartu Tesislerimizde yapt\u0131\u011f\u0131 idmanla ba\u015flad\u0131.<\/p>\n\n\n\n<p>Teknik Direkt\u00f6r\u00fcm\u00fcz \u0130smail Kartal y\u00f6netimindeki idman ko\u015fu, \u0131s\u0131nma, koordinasyon ve \u00e7abukluk \u00e7al\u0131\u015fmalar\u0131yla ba\u015flad\u0131. Pas \u00e7al\u0131\u015fmalar\u0131yla devam eden antrenman, taktiksel ve bireysel \u00e7al\u0131\u015fmalarla tamamland\u0131. D\u00fcn Mondihome Kayserispor ile oynad\u0131\u011f\u0131m\u0131z ma\u00e7ta ilk 11\u2019de g\u00f6rev alan oyuncular\u0131m\u0131z ise antrenman\u0131 salonda yap\u0131lan rejenerasyon \u00e7al\u0131\u015fmas\u0131yla noktalad\u0131.<\/p>\n\n\n\n<p>Futbol A Tak\u0131m\u0131m\u0131z haz\u0131rl\u0131klar\u0131na 22 Aral\u0131k Cuma g\u00fcn\u00fc yapaca\u011f\u0131 \u00e7al\u0131\u015fmayla devam edecek.<\/p>\n","protected":false},"excerpt":{"rendered":"<p>Fenerbah\u00e7emiz, Trendyol S\u00fcper Lig\u2019in 18. haftas\u0131nda 24 Aral\u0131k Pazar g\u00fcn\u00fc \u00dclker Stadyumu Fenerbah\u00e7e \u015e\u00fckr\u00fc Saraco\u011flu Spor Kompleksi\u2019nde, Galatasaray ile oynayaca\u011f\u0131 ma\u00e7\u0131n haz\u0131rl\u0131klar\u0131na bug\u00fcn \u00f6\u011fle saatlerinde Can Bartu Tesislerimizde yapt\u0131\u011f\u0131 idmanla ba\u015flad\u0131. Teknik Direkt\u00f6r\u00fcm\u00fcz \u0130smail Kartal y\u00f6netimindeki idman ko\u015fu, \u0131s\u0131nma, koordinasyon ve \u00e7abukluk \u00e7al\u0131\u015fmalar\u0131yla ba\u015flad\u0131. Pas \u00e7al\u0131\u015fmalar\u0131yla devam eden antrenman, taktiksel ve bireysel \u00e7al\u0131\u015fmalarla tamamland\u0131. D\u00fcn [&hellip;]<\/p>\n","protected":false},"author":1,"featured_media":22760,"comment_status":"closed","ping_status":"closed","sticky":false,"template":"","format":"standard","meta":{"jnews-multi-image_gallery":[],"jnews_single_post":{"subtitle":"Fenerbah\u00e7e, S\u00fcper Lig\u2019in 18. haftas\u0131nda \u00dclker Stadyumu Fenerbah\u00e7e \u015e\u00fckr\u00fc Saraco\u011flu Spor Kompleksi\u2019nde Galatasaray ile oynayaca\u011f\u0131 ma\u00e7\u0131n haz\u0131rl\u0131klar\u0131na bug\u00fcn yapt\u0131\u011f\u0131 antrenmanla ba\u015flad\u0131.","format":"standard","video":"","gallery":"","source_name":"","source_url":"","via_name":"","via_url":"","override_template":"0","override":[{"template":"1","single_blog_custom":"","parallax":"1","fullscreen":"1","layout":"right-sidebar","sidebar":"mysidebar","second_sidebar":"default-sidebar","sticky_sidebar":"1","share_position":"float","share_float_style":"share-normal","show_share_counter":"1","show_view_counter":"1","show_featured":"1","show_post_meta":"1","show_post_author":"0","show_post_author_image":"1","show_post_date":"1","post_date_format":"default","post_date_format_custom":"Y\/m\/d","show_post_category":"0","show_post_reading_time":"0","post_reading_time_wpm":"300","show_zoom_button":"0","zoom_button_out_step":"2","zoom_button_in_step":"3","show_post_tag":"0","show_prev_next_post":"1","show_popup_post":"0","number_popup_post":"3","show_author_box":"0","show_post_related":"0","show_inline_post_related":"0"}],"override_image_size":"0","image_override":[{"single_post_thumbnail_size":"crop-500","single_post_gallery_size":"crop-500"}],"trending_post":"0","trending_post_position":"meta","trending_post_label":"Trending","sponsored_post":"0","sponsored_post_label":"Sponsored by","sponsored_post_name":"","sponsored_post_url":"","sponsored_post_logo_enable":"0","sponsored_post_logo":"","sponsored_post_desc":"","disable_ad":"0"},"jnews_primary_category":{"id":"4","hide":""},"jnews_social_meta":{"fb_title":"","fb_description":"","fb_image":"","twitter_title":"","twitter_description":"","twitter_image":""},"jnews_override_counter":{"override_view_counter":"0","view_counter_number":"0","override_share_counter":"0","share_counter_number":"0","override_like_counter":"0","like_counter_number":"0","override_dislike_counter":"0","dislike_counter_number":"0"},"footnotes":""},"categories":[4,2,47],"tags":[23,54],"class_list":["post-22759","post","type-post","status-publish","format-standard","has-post-thumbnail","hentry","category-futbol","category-haberler","category-profesyonel-a-futbol-takimi","tag-fenerbahce","tag-futbol"],"amp_enabled":true,"_links":{"self":[{"href":"https:\/\/www.fener.org\/index.php\/wp-json\/wp\/v2\/posts\/22759","targetHints":{"allow":["GET"]}}],"collection":[{"href":"https:\/\/www.fener.org\/index.php\/wp-json\/wp\/v2\/posts"}],"about":[{"href":"https:\/\/www.fener.org\/index.php\/wp-json\/wp\/v2\/types\/post"}],"author":[{"embeddable":true,"href":"https:\/\/www.fener.org\/index.php\/wp-json\/wp\/v2\/users\/1"}],"replies":[{"embeddable":true,"href":"https:\/\/www.fener.org\/index.php\/wp-json\/wp\/v2\/comments?post=22759"}],"version-history":[{"count":1,"href":"https:\/\/www.fener.org\/index.php\/wp-json\/wp\/v2\/posts\/22759\/revisions"}],"predecessor-version":[{"id":22761,"href":"https:\/\/www.fener.org\/index.php\/wp-json\/wp\/v2\/posts\/22759\/revisions\/22761"}],"wp:featuredmedia":[{"embeddable":true,"href":"https:\/\/www.fener.org\/index.php\/wp-json\/wp\/v2\/media\/22760"}],"wp:attachment":[{"href":"https:\/\/www.fener.org\/index.php\/wp-json\/wp\/v2\/media?parent=22759"}],"wp:term":[{"taxonomy":"category","embeddable":true,"href":"https:\/\/www.fener.org\/index.php\/wp-json\/wp\/v2\/categories?post=22759"},{"taxonomy":"post_tag","embeddable":true,"href":"https:\/\/www.fener.org\/index.php\/wp-json\/wp\/v2\/tags?post=22759"}],"curies":[{"name":"wp","href":"https:\/\/api.w.org\/{rel}","templated":true}]}}