{"id":22749,"date":"2023-12-20T22:23:48","date_gmt":"2023-12-20T19:23:48","guid":{"rendered":"https:\/\/www.fener.org\/?p=22749"},"modified":"2023-12-20T22:23:54","modified_gmt":"2023-12-20T19:23:54","slug":"ismail-kartal-hedefledigimiz-gibi-3-puani-aldik","status":"publish","type":"post","link":"https:\/\/www.fener.org\/index.php\/2023\/12\/20\/ismail-kartal-hedefledigimiz-gibi-3-puani-aldik\/","title":{"rendered":"\u0130smail Kartal: Hedefledi\u011fimiz gibi 3 puan\u0131 ald\u0131k"},"content":{"rendered":"\n<p>Teknik Direkt\u00f6r\u00fcm\u00fcz \u0130smail Kartal, 4-3 galibiyetimizle tamamlanan Mondihome Kayserispor ma\u00e7\u0131n\u0131n ard\u0131ndan yay\u0131nc\u0131 kurulu\u015fa yapt\u0131\u011f\u0131 a\u00e7\u0131klamada \u015funlar\u0131 s\u00f6yledi:<\/p>\n\n\n\n<blockquote class=\"wp-block-quote is-layout-flow wp-block-quote-is-layout-flow\">\n<p>\u201cMa\u00e7a iyi haz\u0131rland\u0131k. 2-0 \u00f6ne ge\u00e7tik. 2-0\u2019dan sonra rahat bir \u015fekilde 3\u2019\u00fc, 4\u2019\u00fc bulup ma\u00e7\u0131 rahat tamamlayarak 3 puan\u0131 alabilirdik. Devre biterken arkaya uzun bir top, savunmada anla\u015fmazl\u0131k ve bir gol yedik: 2-1. \u0130kinci yar\u0131ya yine iyi ba\u015flad\u0131k: 3-1. Sonra yine yapt\u0131\u011f\u0131m\u0131z basit hatalardan dolay\u0131 goller yedik. B\u00f6yle basit goller yememeliyiz. Daha \u00f6nce de 2-0 ya da 3-1\u2019den sonra ma\u00e7\u0131 daha rahat tamamlayabilirdik. Ma\u00e7 3-3\u2019e geldi. 3-3\u2019e geldikten sonra ortam da gerildi. Sonu\u00e7ta 4-3 kazand\u0131k, 3 puan ald\u0131k. Galibiyet g\u00fczel ama biz bu kadar kolay gol yememeliyiz. Sonu\u00e7ta \u015fampiyonlu\u011fa oynayan bir tak\u0131m\u0131z. Hedefledi\u011fimiz gibi 3 puan\u0131 ald\u0131k ama 3 puan\u0131m\u0131z biraz hasarl\u0131 oldu. G\u00f6rd\u00fc\u011f\u00fcm\u00fcz k\u0131rm\u0131z\u0131 kartlar var. Bu k\u0131rm\u0131z\u0131 kartlar nas\u0131l oldu, ni\u00e7in oldu tam detayl\u0131 bir \u015fekilde konu\u015fmad\u0131m. Ona g\u00f6re kendimizce bir de\u011ferlendirmemiz olacakt\u0131r.<\/p>\n\n\n\n<p>Bu ma\u00e7 geride kald\u0131. Bu gece \u0130stanbul\u2019a gidiyoruz, yar\u0131n sabah antrenman\u0131m\u0131z var. Hafta sonuna kadar en iyi \u015fekilde derbiye haz\u0131rlanaca\u011f\u0131z.\u201d<\/p>\n<\/blockquote>\n","protected":false},"excerpt":{"rendered":"<p>Teknik Direkt\u00f6r\u00fcm\u00fcz \u0130smail Kartal, 4-3 galibiyetimizle tamamlanan Mondihome Kayserispor ma\u00e7\u0131n\u0131n ard\u0131ndan yay\u0131nc\u0131 kurulu\u015fa yapt\u0131\u011f\u0131 a\u00e7\u0131klamada \u015funlar\u0131 s\u00f6yledi: \u201cMa\u00e7a iyi haz\u0131rland\u0131k. 2-0 \u00f6ne ge\u00e7tik. 2-0\u2019dan sonra rahat bir \u015fekilde 3\u2019\u00fc, 4\u2019\u00fc bulup ma\u00e7\u0131 rahat tamamlayarak 3 puan\u0131 alabilirdik. Devre biterken arkaya uzun bir top, savunmada anla\u015fmazl\u0131k ve bir gol yedik: 2-1. \u0130kinci yar\u0131ya yine iyi ba\u015flad\u0131k: [&hellip;]<\/p>\n","protected":false},"author":1,"featured_media":22750,"comment_status":"closed","ping_status":"closed","sticky":false,"template":"","format":"standard","meta":{"jnews-multi-image_gallery":[],"jnews_single_post":{"subtitle":"Teknik Direkt\u00f6r\u00fcm\u00fcz \u0130smail Kartal, Kayserispor ile deplasmanda oynanan ma\u00e7\u0131n ard\u0131ndan de\u011ferlendirmelerde bulundu.","format":"standard","video":"","gallery":"","source_name":"","source_url":"","via_name":"","via_url":"","override_template":"0","override":[{"template":"1","single_blog_custom":"","parallax":"1","fullscreen":"1","layout":"right-sidebar","sidebar":"mysidebar","second_sidebar":"default-sidebar","sticky_sidebar":"1","share_position":"float","share_float_style":"share-normal","show_share_counter":"1","show_view_counter":"1","show_featured":"1","show_post_meta":"1","show_post_author":"0","show_post_author_image":"1","show_post_date":"1","post_date_format":"default","post_date_format_custom":"Y\/m\/d","show_post_category":"0","show_post_reading_time":"0","post_reading_time_wpm":"300","show_zoom_button":"0","zoom_button_out_step":"2","zoom_button_in_step":"3","show_post_tag":"0","show_prev_next_post":"1","show_popup_post":"0","number_popup_post":"3","show_author_box":"0","show_post_related":"0","show_inline_post_related":"0"}],"override_image_size":"0","image_override":[{"single_post_thumbnail_size":"crop-500","single_post_gallery_size":"crop-500"}],"trending_post":"0","trending_post_position":"meta","trending_post_label":"Trending","sponsored_post":"0","sponsored_post_label":"Sponsored by","sponsored_post_name":"","sponsored_post_url":"","sponsored_post_logo_enable":"0","sponsored_post_logo":"","sponsored_post_desc":"","disable_ad":"0"},"jnews_primary_category":{"id":"4","hide":""},"jnews_social_meta":{"fb_title":"","fb_description":"","fb_image":"","twitter_title":"","twitter_description":"","twitter_image":""},"jnews_override_counter":{"override_view_counter":"0","view_counter_number":"0","override_share_counter":"0","share_counter_number":"0","override_like_counter":"0","like_counter_number":"0","override_dislike_counter":"0","dislike_counter_number":"0"},"footnotes":""},"categories":[4,2,47],"tags":[23,54],"class_list":["post-22749","post","type-post","status-publish","format-standard","has-post-thumbnail","hentry","category-futbol","category-haberler","category-profesyonel-a-futbol-takimi","tag-fenerbahce","tag-futbol"],"amp_enabled":true,"_links":{"self":[{"href":"https:\/\/www.fener.org\/index.php\/wp-json\/wp\/v2\/posts\/22749","targetHints":{"allow":["GET"]}}],"collection":[{"href":"https:\/\/www.fener.org\/index.php\/wp-json\/wp\/v2\/posts"}],"about":[{"href":"https:\/\/www.fener.org\/index.php\/wp-json\/wp\/v2\/types\/post"}],"author":[{"embeddable":true,"href":"https:\/\/www.fener.org\/index.php\/wp-json\/wp\/v2\/users\/1"}],"replies":[{"embeddable":true,"href":"https:\/\/www.fener.org\/index.php\/wp-json\/wp\/v2\/comments?post=22749"}],"version-history":[{"count":1,"href":"https:\/\/www.fener.org\/index.php\/wp-json\/wp\/v2\/posts\/22749\/revisions"}],"predecessor-version":[{"id":22751,"href":"https:\/\/www.fener.org\/index.php\/wp-json\/wp\/v2\/posts\/22749\/revisions\/22751"}],"wp:featuredmedia":[{"embeddable":true,"href":"https:\/\/www.fener.org\/index.php\/wp-json\/wp\/v2\/media\/22750"}],"wp:attachment":[{"href":"https:\/\/www.fener.org\/index.php\/wp-json\/wp\/v2\/media?parent=22749"}],"wp:term":[{"taxonomy":"category","embeddable":true,"href":"https:\/\/www.fener.org\/index.php\/wp-json\/wp\/v2\/categories?post=22749"},{"taxonomy":"post_tag","embeddable":true,"href":"https:\/\/www.fener.org\/index.php\/wp-json\/wp\/v2\/tags?post=22749"}],"curies":[{"name":"wp","href":"https:\/\/api.w.org\/{rel}","templated":true}]}}