{"id":22687,"date":"2023-12-15T23:47:48","date_gmt":"2023-12-15T20:47:48","guid":{"rendered":"https:\/\/www.fener.org\/?p=22687"},"modified":"2023-12-15T23:47:52","modified_gmt":"2023-12-15T20:47:52","slug":"milli-yelkencimiz-derin-atakan-formula-kite-gencler-dunya-sampiyonu-oldu","status":"publish","type":"post","link":"https:\/\/www.fener.org\/index.php\/2023\/12\/15\/milli-yelkencimiz-derin-atakan-formula-kite-gencler-dunya-sampiyonu-oldu\/","title":{"rendered":"Milli yelkencimiz Derin Atakan, Formula Kite Gen\u00e7ler D\u00fcnya \u015eampiyonu oldu"},"content":{"rendered":"\n<p>Fenerbah\u00e7e Do\u011fu\u015f Yelken olimpik tak\u0131m sporcusu Derin Atakan, Formula Kite k\u0131zlar klasman\u0131nda Gen\u00e7ler D\u00fcnya \u015eampiyonu oldu.<\/p>\n\n\n\n<p>Yeti\u015ftirdi\u011fi sporcular ve yapt\u0131\u011f\u0131 yat\u0131r\u0131mlarla T\u00fcrk yelken tarihinin \u00f6nemli ba\u015far\u0131lar\u0131na imza atan, gelecek ku\u015faklar i\u00e7in adeta bir ekol haline gelen Fenerbah\u00e7e Do\u011fu\u015f Yelken \u015eubemiz, tarihi ba\u015far\u0131lar\u0131na bir yenisini daha ekledi.<\/p>\n\n\n\n<p>8-16 Aral\u0131k tarihleri aras\u0131nda Brezilya\/Buzios\u2019da ger\u00e7ekle\u015ftirilen 2023 World Sailing Gen\u00e7ler D\u00fcnya \u015eampiyonas\u0131\u2019na 11 \u00fclkeden \u00e7ok say\u0131da sporcu ve antren\u00f6r kat\u0131l\u0131rken, Derin Atakan burada g\u00f6sterdi\u011fi ba\u015far\u0131l\u0131 performansla Formula Kite K\u0131zlar Klasman\u0131nda Gen\u00e7ler D\u00fcnya \u015eampiyonu oldu.<\/p>\n","protected":false},"excerpt":{"rendered":"<p>Fenerbah\u00e7e Do\u011fu\u015f Yelken olimpik tak\u0131m sporcusu Derin Atakan, Formula Kite k\u0131zlar klasman\u0131nda Gen\u00e7ler D\u00fcnya \u015eampiyonu oldu. Yeti\u015ftirdi\u011fi sporcular ve yapt\u0131\u011f\u0131 yat\u0131r\u0131mlarla T\u00fcrk yelken tarihinin \u00f6nemli ba\u015far\u0131lar\u0131na imza atan, gelecek ku\u015faklar i\u00e7in adeta bir ekol haline gelen Fenerbah\u00e7e Do\u011fu\u015f Yelken \u015eubemiz, tarihi ba\u015far\u0131lar\u0131na bir yenisini daha ekledi. 8-16 Aral\u0131k tarihleri aras\u0131nda Brezilya\/Buzios\u2019da ger\u00e7ekle\u015ftirilen 2023 World Sailing [&hellip;]<\/p>\n","protected":false},"author":1,"featured_media":22688,"comment_status":"closed","ping_status":"closed","sticky":false,"template":"","format":"standard","meta":{"jnews-multi-image_gallery":[],"jnews_single_post":{"subtitle":"","format":"standard","video":"","gallery":"","source_name":"","source_url":"","via_name":"","via_url":"","override_template":"0","override":[{"template":"1","single_blog_custom":"","parallax":"1","fullscreen":"1","layout":"right-sidebar","sidebar":"mysidebar","second_sidebar":"default-sidebar","sticky_sidebar":"1","share_position":"float","share_float_style":"share-normal","show_share_counter":"1","show_view_counter":"1","show_featured":"1","show_post_meta":"1","show_post_author":"0","show_post_author_image":"1","show_post_date":"1","post_date_format":"default","post_date_format_custom":"Y\/m\/d","show_post_category":"0","show_post_reading_time":"0","post_reading_time_wpm":"300","show_zoom_button":"0","zoom_button_out_step":"2","zoom_button_in_step":"3","show_post_tag":"0","show_prev_next_post":"1","show_popup_post":"0","number_popup_post":"3","show_author_box":"0","show_post_related":"0","show_inline_post_related":"0"}],"override_image_size":"0","image_override":[{"single_post_thumbnail_size":"crop-500","single_post_gallery_size":"crop-500"}],"trending_post":"0","trending_post_position":"meta","trending_post_label":"Trending","sponsored_post":"0","sponsored_post_label":"Sponsored by","sponsored_post_name":"","sponsored_post_url":"","sponsored_post_logo_enable":"0","sponsored_post_logo":"","sponsored_post_desc":"","disable_ad":"0"},"jnews_primary_category":{"id":"12","hide":""},"jnews_social_meta":{"fb_title":"","fb_description":"","fb_image":"","twitter_title":"","twitter_description":"","twitter_image":""},"jnews_override_counter":{"override_view_counter":"0","view_counter_number":"0","override_share_counter":"0","share_counter_number":"0","override_like_counter":"0","like_counter_number":"0","override_dislike_counter":"0","dislike_counter_number":"0"},"footnotes":""},"categories":[2,12],"tags":[23,31],"class_list":["post-22687","post","type-post","status-publish","format-standard","has-post-thumbnail","hentry","category-haberler","category-yelken","tag-fenerbahce","tag-yelken"],"amp_enabled":true,"_links":{"self":[{"href":"https:\/\/www.fener.org\/index.php\/wp-json\/wp\/v2\/posts\/22687","targetHints":{"allow":["GET"]}}],"collection":[{"href":"https:\/\/www.fener.org\/index.php\/wp-json\/wp\/v2\/posts"}],"about":[{"href":"https:\/\/www.fener.org\/index.php\/wp-json\/wp\/v2\/types\/post"}],"author":[{"embeddable":true,"href":"https:\/\/www.fener.org\/index.php\/wp-json\/wp\/v2\/users\/1"}],"replies":[{"embeddable":true,"href":"https:\/\/www.fener.org\/index.php\/wp-json\/wp\/v2\/comments?post=22687"}],"version-history":[{"count":1,"href":"https:\/\/www.fener.org\/index.php\/wp-json\/wp\/v2\/posts\/22687\/revisions"}],"predecessor-version":[{"id":22689,"href":"https:\/\/www.fener.org\/index.php\/wp-json\/wp\/v2\/posts\/22687\/revisions\/22689"}],"wp:featuredmedia":[{"embeddable":true,"href":"https:\/\/www.fener.org\/index.php\/wp-json\/wp\/v2\/media\/22688"}],"wp:attachment":[{"href":"https:\/\/www.fener.org\/index.php\/wp-json\/wp\/v2\/media?parent=22687"}],"wp:term":[{"taxonomy":"category","embeddable":true,"href":"https:\/\/www.fener.org\/index.php\/wp-json\/wp\/v2\/categories?post=22687"},{"taxonomy":"post_tag","embeddable":true,"href":"https:\/\/www.fener.org\/index.php\/wp-json\/wp\/v2\/tags?post=22687"}],"curies":[{"name":"wp","href":"https:\/\/api.w.org\/{rel}","templated":true}]}}