{"id":22671,"date":"2023-12-14T23:46:10","date_gmt":"2023-12-14T20:46:10","guid":{"rendered":"https:\/\/www.fener.org\/?p=22671"},"modified":"2023-12-14T23:46:10","modified_gmt":"2023-12-14T20:46:10","slug":"ismail-kartal-gruptan-cikacagimizi-biliyorduk","status":"publish","type":"post","link":"https:\/\/www.fener.org\/index.php\/2023\/12\/14\/ismail-kartal-gruptan-cikacagimizi-biliyorduk\/","title":{"rendered":"\u0130smail Kartal: Gruptan \u00e7\u0131kaca\u011f\u0131m\u0131z\u0131 biliyorduk"},"content":{"rendered":"\n<p>Teknik Direkt\u00f6r\u00fcm\u00fcz \u0130smail Kartal, UEFA Konferans Ligi&#8217;nde Spartak Trnava kar\u015f\u0131s\u0131nda al\u0131nan galibiyetin ard\u0131ndan yapt\u0131\u011f\u0131 a\u00e7\u0131klamada \u015funlar\u0131 s\u00f6yledi:<\/p>\n\n\n\n<blockquote class=\"wp-block-quote is-layout-flow wp-block-quote-is-layout-flow\">\n<p>\u201cBu ma\u00e7\u0131 kazand\u0131ktan sonra her t\u00fcrl\u00fc gruptan \u00e7\u0131kaca\u011f\u0131m\u0131z\u0131 biliyorduk. Hep bu gruptan lider \u00e7\u0131kmak istedi\u011fimizi s\u00f6yledik ancak iki ma\u011flubiyet ald\u0131k. \u0130deal 11\u2019imize yak\u0131n 11 ile bug\u00fcn sahaya \u00e7\u0131kt\u0131k. Ba\u015ftan sona oyunu domine ettik. 4-0 kazand\u0131k, daha da farkl\u0131 kazanabilirdik. Ludogorets\u2019in Nordsjaelland&#8217;\u0131 1-0 yenmesiyle birlikte biz daha farkl\u0131 kazand\u0131\u011f\u0131m\u0131z i\u00e7in gruptan lider \u00e7\u0131kmas\u0131n\u0131 bildik. Mutluyuz. Taraftarlar\u0131m\u0131z bug\u00fcn de muhte\u015fem destek verdi. Te\u015fekk\u00fcr ediyoruz. Oyuncular\u0131m\u0131 da tebrik ediyorum. Son 16\u2019ya kald\u0131k. \u015eubat ay\u0131 bo\u015f ge\u00e7ecek. \u0130lk ma\u00e7\u0131m\u0131z\u0131 mart ay\u0131n\u0131n ilk haftas\u0131nda oynayaca\u011f\u0131z.<\/p>\n\n\n\n<p>Bizim burada gidebildi\u011fimiz yere kadar gitmek slogan\u0131m\u0131z vard\u0131. \u015eimdi son 16 turunday\u0131z. Final oynamak hatta kupay\u0131 kazanmak istiyoruz.<\/p>\n\n\n\n<p>Ferdi bu ak\u015fam da \u00e7ok g\u00fczel performans ortaya koydu. S\u00fcrekli geli\u015fim i\u00e7erisinde. Bu geli\u015fimi, hem kendisine hem de tak\u0131ma \u00e7ok faydas\u0131 oluyor. B\u00fct\u00fcn oyuncular\u0131m\u0131 tebrik etti\u011fim gibi kendisini de buradan bir kez daha tebrik etmi\u015f olal\u0131m. Osayi\u2019de herhangi bir sakatl\u0131k durumu yok. Riske etmemek i\u00e7in ma\u00e7 i\u00e7inde de\u011fi\u015fikli\u011fe gittik.&#8221;<\/p>\n<\/blockquote>\n","protected":false},"excerpt":{"rendered":"<p>Teknik Direkt\u00f6r\u00fcm\u00fcz \u0130smail Kartal, UEFA Konferans Ligi&#8217;nde Spartak Trnava kar\u015f\u0131s\u0131nda al\u0131nan galibiyetin ard\u0131ndan yapt\u0131\u011f\u0131 a\u00e7\u0131klamada \u015funlar\u0131 s\u00f6yledi: \u201cBu ma\u00e7\u0131 kazand\u0131ktan sonra her t\u00fcrl\u00fc gruptan \u00e7\u0131kaca\u011f\u0131m\u0131z\u0131 biliyorduk. Hep bu gruptan lider \u00e7\u0131kmak istedi\u011fimizi s\u00f6yledik ancak iki ma\u011flubiyet ald\u0131k. \u0130deal 11\u2019imize yak\u0131n 11 ile bug\u00fcn sahaya \u00e7\u0131kt\u0131k. Ba\u015ftan sona oyunu domine ettik. 4-0 kazand\u0131k, daha da farkl\u0131 [&hellip;]<\/p>\n","protected":false},"author":1,"featured_media":22672,"comment_status":"closed","ping_status":"closed","sticky":false,"template":"","format":"standard","meta":{"jnews-multi-image_gallery":[],"jnews_single_post":{"subtitle":"Teknik Direkt\u00f6r\u00fcm\u00fcz \u0130smail Kartal, Spartak Trnava\u2019y\u0131 4-0 yendi\u011fimiz ve grup lideri olarak ad\u0131m\u0131z\u0131 UEFA Konferans Ligi'nde son 16 turuna yazd\u0131rd\u0131\u011f\u0131m\u0131z ma\u00e7\u0131n ard\u0131ndan yay\u0131nc\u0131 kurulu\u015fa konu\u015ftu.","format":"standard","video":"","gallery":"","source_name":"","source_url":"","via_name":"","via_url":"","override_template":"0","override":[{"template":"1","single_blog_custom":"","parallax":"1","fullscreen":"1","layout":"right-sidebar","sidebar":"mysidebar","second_sidebar":"default-sidebar","sticky_sidebar":"1","share_position":"float","share_float_style":"share-normal","show_share_counter":"1","show_view_counter":"1","show_featured":"1","show_post_meta":"1","show_post_author":"0","show_post_author_image":"1","show_post_date":"1","post_date_format":"default","post_date_format_custom":"Y\/m\/d","show_post_category":"0","show_post_reading_time":"0","post_reading_time_wpm":"300","show_zoom_button":"0","zoom_button_out_step":"2","zoom_button_in_step":"3","show_post_tag":"0","show_prev_next_post":"1","show_popup_post":"0","number_popup_post":"3","show_author_box":"0","show_post_related":"0","show_inline_post_related":"0"}],"override_image_size":"0","image_override":[{"single_post_thumbnail_size":"crop-500","single_post_gallery_size":"crop-500"}],"trending_post":"0","trending_post_position":"meta","trending_post_label":"Trending","sponsored_post":"0","sponsored_post_label":"Sponsored by","sponsored_post_name":"","sponsored_post_url":"","sponsored_post_logo_enable":"0","sponsored_post_logo":"","sponsored_post_desc":"","disable_ad":"0"},"jnews_primary_category":{"id":"4","hide":""},"jnews_social_meta":{"fb_title":"","fb_description":"","fb_image":"","twitter_title":"","twitter_description":"","twitter_image":""},"jnews_override_counter":{"override_view_counter":"0","view_counter_number":"0","override_share_counter":"0","share_counter_number":"0","override_like_counter":"0","like_counter_number":"0","override_dislike_counter":"0","dislike_counter_number":"0"},"footnotes":""},"categories":[4,2,47],"tags":[23,54],"class_list":["post-22671","post","type-post","status-publish","format-standard","has-post-thumbnail","hentry","category-futbol","category-haberler","category-profesyonel-a-futbol-takimi","tag-fenerbahce","tag-futbol"],"amp_enabled":true,"_links":{"self":[{"href":"https:\/\/www.fener.org\/index.php\/wp-json\/wp\/v2\/posts\/22671","targetHints":{"allow":["GET"]}}],"collection":[{"href":"https:\/\/www.fener.org\/index.php\/wp-json\/wp\/v2\/posts"}],"about":[{"href":"https:\/\/www.fener.org\/index.php\/wp-json\/wp\/v2\/types\/post"}],"author":[{"embeddable":true,"href":"https:\/\/www.fener.org\/index.php\/wp-json\/wp\/v2\/users\/1"}],"replies":[{"embeddable":true,"href":"https:\/\/www.fener.org\/index.php\/wp-json\/wp\/v2\/comments?post=22671"}],"version-history":[{"count":2,"href":"https:\/\/www.fener.org\/index.php\/wp-json\/wp\/v2\/posts\/22671\/revisions"}],"predecessor-version":[{"id":22674,"href":"https:\/\/www.fener.org\/index.php\/wp-json\/wp\/v2\/posts\/22671\/revisions\/22674"}],"wp:featuredmedia":[{"embeddable":true,"href":"https:\/\/www.fener.org\/index.php\/wp-json\/wp\/v2\/media\/22672"}],"wp:attachment":[{"href":"https:\/\/www.fener.org\/index.php\/wp-json\/wp\/v2\/media?parent=22671"}],"wp:term":[{"taxonomy":"category","embeddable":true,"href":"https:\/\/www.fener.org\/index.php\/wp-json\/wp\/v2\/categories?post=22671"},{"taxonomy":"post_tag","embeddable":true,"href":"https:\/\/www.fener.org\/index.php\/wp-json\/wp\/v2\/tags?post=22671"}],"curies":[{"name":"wp","href":"https:\/\/api.w.org\/{rel}","templated":true}]}}