{"id":22666,"date":"2023-12-14T22:54:36","date_gmt":"2023-12-14T19:54:36","guid":{"rendered":"https:\/\/www.fener.org\/?p=22666"},"modified":"2023-12-14T23:41:28","modified_gmt":"2023-12-14T20:41:28","slug":"fenerbahce-4-0-spartak-trnava","status":"publish","type":"post","link":"https:\/\/www.fener.org\/index.php\/2023\/12\/14\/fenerbahce-4-0-spartak-trnava\/","title":{"rendered":"Fenerbah\u00e7e 4-0 Spartak Trnava"},"content":{"rendered":"\n<p>Fenerbah\u00e7emiz, UEFA Avrupa Konferans Ligi H Grubu alt\u0131nc\u0131 ve son hafta ma\u00e7\u0131nda Slovakya\u2019n\u0131n Spartak Trnava\u2019y\u0131 4-0 yendi. Bu sonu\u00e7la puan\u0131n\u0131 12\u2019ye y\u00fckselten Tak\u0131m\u0131m\u0131z, grup lideri olarak ad\u0131n\u0131 \u00fcst tura yazd\u0131rd\u0131. \u00dclker Stadyumu Fenerbah\u00e7e \u015e\u00fckr\u00fc Saraco\u011flu Spor Kompleksi\u2019nde oynanan ma\u00e7ta gollerimizi 35. dakikada Ferdi, 48. dakikada penalt\u0131dan Tadic, 60 ve 62. dakikalarda Dzeko kaydetti.<\/p>\n\n\n\n<p>Grubun di\u011fer ma\u00e7\u0131nda Ludogorets, Nordsjaelland&#8217;\u0131 1-0 ma\u011flup etti. Bu sonu\u00e7larla Fenerbah\u00e7e puan\u0131n\u0131 12&#8217;ye y\u00fckseltti ve averajla Ludogorets&#8217;in \u00f6n\u00fcnde grubu lider tamamlad\u0131. 12 puanl\u0131 Ludogorest ikinci, Nordsjaelland \u00fc\u00e7\u00fcnc\u00fc, Spartak Trnava ise grubu son s\u0131rada tamamlad\u0131.<\/p>\n\n\n<p><strong>Ma\u00e7tan dakikalar:\u00a0<\/strong><\/p>\n<p>12. dakikada sa\u011f kanatta topla bulu\u015fan Fred, ara pas\u0131nda topu Dzeko&#8217;yla bulu\u015fturdu. Bu futbolcu rakibinden s\u0131yr\u0131l\u0131p sa\u011fdan ceza sahas\u0131na girerek \u00e7aprazdan sert vurdu ancak me\u015fin yuvarlak yandan d\u0131\u015far\u0131 \u00e7\u0131kt\u0131.<\/p>\n<p>23. dakikada orta sahada topu kapan Ferdi Kad\u0131o\u011flu, ceza sahas\u0131 \u00f6n\u00fcne gelip Dzeko&#8217;ya a\u015f\u0131rtma bir pas verdi. Bu futbolcunun \u015futunda kaleci Takac topu kornere \u00e7eldi.<\/p>\n<p>26. dakikada Fenerbah\u00e7e net f\u0131rsattan yararlanamad\u0131. Fred&#8217;in soldan ceza sahas\u0131na g\u00f6nderdi\u011fi ortada Duric&#8217;in \u0131ska ge\u00e7ti\u011fi top Dzeko&#8217;nun \u00f6n\u00fcnde kald\u0131. Tecr\u00fcbeli futbolcunun yak\u0131n mesafeden vuru\u015funda me\u015fin yuvarlak \u00fcstten d\u0131\u015far\u0131 gitti.<\/p>\n<p>33. dakikada Fenerbah\u00e7e etkili geldi. Dzeko&#8217;nun ara pas\u0131nda topla bulu\u015fan Osayi-Samuel, kale sahas\u0131 \u00f6n\u00fcnden sert vurdu ancak bu pozisyonda da kaleci Takac me\u015fin yuvarla\u011f\u0131 kornere g\u00f6ndermeyi ba\u015fard\u0131.<\/p>\n<p><strong>36. dakikada Fenerbah\u00e7e \u00f6ne ge\u00e7ti. Orta sahada topla bulu\u015fan Tadic, savunman\u0131n arkas\u0131na sarkan Ferdi Kad\u0131o\u011flu&#8217;na pas\u0131n\u0131 aktard\u0131. Bu futbolcu soldan ceza sahas\u0131na girip 2 rakibinden s\u0131yr\u0131larak kale sahas\u0131 \u00f6n\u00fcnden d\u00fczg\u00fcn bir vuru\u015fla topu filelere g\u00f6nderdi: 1-0.<\/strong><\/p>\n<p>45. dakikada sa\u011f kanatta topla bulu\u015fan \u0130rfan Can Kahveci, ceza sahas\u0131 d\u0131\u015f\u0131ndan sert vurdu. Kaleci Takac&#8217;dan d\u00f6nen topu yak\u0131n mesafeden Szymanski kafayla tamamlad\u0131 ancak me\u015fin yuvarla\u011f\u0131 \u00fcstten d\u0131\u015far\u0131 g\u00f6nderdi.<\/p>\n<p>47. dakikada Fenerbah\u00e7e penalt\u0131 kazand\u0131. Sol kanatta topla bulu\u015fan Dzeko \u00e7aprazdan ceza sahas\u0131na girip Duric&#8217;i \u00e7al\u0131mlad\u0131. Bu futbolcunun arkadan m\u00fcdahalesi sonras\u0131nda Dzeko yerde kal\u0131rken, hakem Aleksandar Stavrev penalt\u0131 noktas\u0131n\u0131 g\u00f6sterdi.<\/p>\n<p><strong>48. dakikada kazan\u0131lan penalt\u0131 at\u0131\u015f\u0131nda topun ba\u015f\u0131na Tadic ge\u00e7ti. Bu futbolcunun vuru\u015funda dire\u011fe \u00e7arpan top ard\u0131ndan kaleci Takac&#8217;\u0131n s\u0131rt\u0131ndan filelere gitti: 2-0.<\/strong><\/p>\n<p>58. dakikada soldan kullan\u0131lan korner at\u0131\u015f\u0131nda savunmadan seken top Fred&#8217;de kald\u0131. Bu futbolcu ceza yay\u0131 \u00f6n\u00fcndeki Ferdi Kad\u0131o\u011flu&#8217;na pas\u0131n\u0131 aktard\u0131. Ferdi&#8217;nin sert \u015futunda me\u015fin yuvarlak az farkla \u00fcstten d\u0131\u015far\u0131 \u00e7\u0131kt\u0131.<\/p>\n<p><strong>60. dakikada Fenerbah\u00e7e fark\u0131 3&#8217;e \u00e7\u0131kard\u0131. Ferdi&#8217;nin ara pas\u0131nda sa\u011f \u00e7aprazda topla bulu\u015fan Dzeko&#8217;nun vuru\u015funda direkten d\u00f6nen topu soldan ata\u011fa kat\u0131lan Tadic tamamlad\u0131. Ancak bu futbolcunun \u015futunda da me\u015fin yuvarlak direkten d\u00f6nd\u00fc. Tekrar topu alan Dzeko bu kez yerden bir vuru\u015fla a\u011flar\u0131 havaland\u0131rd\u0131: 3-0.<\/strong><\/p>\n<p><strong>62. dakikada Dzeko bir kez daha me\u015fin yuvarla\u011f\u0131 filelere g\u00f6nderdi. Orta sahada topla bulu\u015fan \u0130rfan Can Kahveci s\u00fcratle ceza sahas\u0131na girip soldan ata\u011fa katk\u0131 veren Dzeko&#8217;ya pas\u0131n\u0131 aktard\u0131. Golc\u00fc futbolcu yerden vuru\u015fla topu k\u00f6\u015feden a\u011flarla bulu\u015fturdu: 4-0.<\/strong><\/p>\n<p>Kalan dakikalarda da ataklar\u0131n\u0131 s\u00fcrd\u00fcren tak\u0131m\u0131m\u0131z, kalesini de gole kapatt\u0131\u011f\u0131 ma\u00e7tan 4-0 galip ayr\u0131lmas\u0131n\u0131 bildi.<\/p>","protected":false},"excerpt":{"rendered":"<p>Fenerbah\u00e7emiz, UEFA Avrupa Konferans Ligi H Grubu alt\u0131nc\u0131 ve son hafta ma\u00e7\u0131nda Slovakya\u2019n\u0131n Spartak Trnava\u2019y\u0131 4-0 yendi. Bu sonu\u00e7la puan\u0131n\u0131 12\u2019ye y\u00fckselten Tak\u0131m\u0131m\u0131z, grup lideri olarak ad\u0131n\u0131 \u00fcst tura yazd\u0131rd\u0131. \u00dclker Stadyumu Fenerbah\u00e7e \u015e\u00fckr\u00fc Saraco\u011flu Spor Kompleksi\u2019nde oynanan ma\u00e7ta gollerimizi 35. dakikada Ferdi, 48. dakikada penalt\u0131dan Tadic, 60 ve 62. dakikalarda Dzeko kaydetti. Grubun di\u011fer [&hellip;]<\/p>\n","protected":false},"author":1,"featured_media":22667,"comment_status":"closed","ping_status":"closed","sticky":false,"template":"","format":"standard","meta":{"jnews-multi-image_gallery":[],"jnews_single_post":{"subtitle":"Fenerbah\u00e7e, UEFA Avrupa Konferans Ligi H Grubu alt\u0131nc\u0131 ve son hafta ma\u00e7\u0131nda sahas\u0131nda kar\u015f\u0131la\u015ft\u0131\u011f\u0131 Spartak Trnava'y\u0131 4-0 ma\u011flup ederek grup lideri olarak bir \u00fcst tura y\u00fckseldi.","format":"standard","video":"","gallery":"","source_name":"","source_url":"","via_name":"","via_url":"","override_template":"0","override":[{"template":"1","single_blog_custom":"","parallax":"1","fullscreen":"1","layout":"right-sidebar","sidebar":"mysidebar","second_sidebar":"default-sidebar","sticky_sidebar":"1","share_position":"float","share_float_style":"share-normal","show_share_counter":"1","show_view_counter":"1","show_featured":"1","show_post_meta":"1","show_post_author":"0","show_post_author_image":"1","show_post_date":"1","post_date_format":"default","post_date_format_custom":"Y\/m\/d","show_post_category":"0","show_post_reading_time":"0","post_reading_time_wpm":"300","show_zoom_button":"0","zoom_button_out_step":"2","zoom_button_in_step":"3","show_post_tag":"0","show_prev_next_post":"1","show_popup_post":"0","number_popup_post":"3","show_author_box":"0","show_post_related":"0","show_inline_post_related":"0"}],"override_image_size":"0","image_override":[{"single_post_thumbnail_size":"crop-500","single_post_gallery_size":"crop-500"}],"trending_post":"0","trending_post_position":"meta","trending_post_label":"Trending","sponsored_post":"0","sponsored_post_label":"Sponsored by","sponsored_post_name":"","sponsored_post_url":"","sponsored_post_logo_enable":"0","sponsored_post_logo":"","sponsored_post_desc":"","disable_ad":"0"},"jnews_primary_category":{"id":"4","hide":""},"jnews_social_meta":{"fb_title":"","fb_description":"","fb_image":"","twitter_title":"","twitter_description":"","twitter_image":""},"jnews_override_counter":{"override_view_counter":"0","view_counter_number":"0","override_share_counter":"0","share_counter_number":"0","override_like_counter":"0","like_counter_number":"0","override_dislike_counter":"0","dislike_counter_number":"0"},"footnotes":""},"categories":[4,2,47],"tags":[23,54],"class_list":["post-22666","post","type-post","status-publish","format-standard","has-post-thumbnail","hentry","category-futbol","category-haberler","category-profesyonel-a-futbol-takimi","tag-fenerbahce","tag-futbol"],"amp_enabled":true,"_links":{"self":[{"href":"https:\/\/www.fener.org\/index.php\/wp-json\/wp\/v2\/posts\/22666","targetHints":{"allow":["GET"]}}],"collection":[{"href":"https:\/\/www.fener.org\/index.php\/wp-json\/wp\/v2\/posts"}],"about":[{"href":"https:\/\/www.fener.org\/index.php\/wp-json\/wp\/v2\/types\/post"}],"author":[{"embeddable":true,"href":"https:\/\/www.fener.org\/index.php\/wp-json\/wp\/v2\/users\/1"}],"replies":[{"embeddable":true,"href":"https:\/\/www.fener.org\/index.php\/wp-json\/wp\/v2\/comments?post=22666"}],"version-history":[{"count":2,"href":"https:\/\/www.fener.org\/index.php\/wp-json\/wp\/v2\/posts\/22666\/revisions"}],"predecessor-version":[{"id":22670,"href":"https:\/\/www.fener.org\/index.php\/wp-json\/wp\/v2\/posts\/22666\/revisions\/22670"}],"wp:featuredmedia":[{"embeddable":true,"href":"https:\/\/www.fener.org\/index.php\/wp-json\/wp\/v2\/media\/22667"}],"wp:attachment":[{"href":"https:\/\/www.fener.org\/index.php\/wp-json\/wp\/v2\/media?parent=22666"}],"wp:term":[{"taxonomy":"category","embeddable":true,"href":"https:\/\/www.fener.org\/index.php\/wp-json\/wp\/v2\/categories?post=22666"},{"taxonomy":"post_tag","embeddable":true,"href":"https:\/\/www.fener.org\/index.php\/wp-json\/wp\/v2\/tags?post=22666"}],"curies":[{"name":"wp","href":"https:\/\/api.w.org\/{rel}","templated":true}]}}