{"id":22655,"date":"2023-12-14T11:29:15","date_gmt":"2023-12-14T08:29:15","guid":{"rendered":"https:\/\/www.fener.org\/?p=22655"},"modified":"2023-12-14T11:29:22","modified_gmt":"2023-12-14T08:29:22","slug":"fenerbahce-spartak-trnavayi-konuk-ediyor","status":"publish","type":"post","link":"https:\/\/www.fener.org\/index.php\/2023\/12\/14\/fenerbahce-spartak-trnavayi-konuk-ediyor\/","title":{"rendered":"Fenerbah\u00e7e, Spartak Trnava\u2019y\u0131 konuk ediyor"},"content":{"rendered":"\n<p>Fenerbah\u00e7emiz, UEFA Avrupa Konferans Ligi H Grubu alt\u0131nc\u0131 ve son hafta ma\u00e7\u0131nda Slovakya\u2019n\u0131n Spartak Trnava ekibiyle kar\u015f\u0131la\u015facak. Bug\u00fcn (14 Aral\u0131k Per\u015fembe g\u00fcn\u00fc) \u00dclker Stadyumu Fenerbah\u00e7e \u015e\u00fckr\u00fc Saraco\u011flu Spor Kompleksi\u2019nde saat 20.45\u2019te ba\u015flayacak m\u00fcsabakay\u0131 Kuzey Makedonya Futbol Federasyonundan hakem Aleksandar Stavrev y\u00f6netecek. Kar\u015f\u0131la\u015fma, Exxen platformundan canl\u0131 yay\u0131nlanacak.<\/p>\n\n\n\n<p>UEFA Avrupa Konferans Ligi&#8217;nde elemeler ve grup ma\u00e7lar\u0131nda bu sezon boy g\u00f6sterdi\u011fi ilk 9 ma\u00e7ta rakiplerini ma\u011flup eden Fenerbah\u00e7emiz, son 2 m\u00fccadelesinden ise ma\u011flup ayr\u0131ld\u0131 ve H Grubunda toplad\u0131\u011f\u0131 9 puanla \u00fc\u00e7\u00fcnc\u00fc s\u0131raya geriledi.<\/p>\n\n\n\n<p>Fenerbah\u00e7emiz, Spartak Trnava&#8217;y\u0131 yenmesi durumunda gruptan \u00e7\u0131kacak. \u0130lk iki s\u0131rada bulunan Nordsjaelland (10 puan) ve Ludogorets (9 puan) ise Bulgaristan&#8217;da kar\u015f\u0131 kar\u015f\u0131ya gelecek. Ludogorets-Nordsjaelland m\u00fccadelesinin berabere bitmesi durumunda Futbol A Tak\u0131m\u0131m\u0131z, alaca\u011f\u0131 galibiyetle grubu lider olarak da tamamlayabilecek.<\/p>\n\n\n\n<p>Tak\u0131m\u0131m\u0131z Spartak Trnava ile berabere kalmas\u0131 durumunda ise grup ikincili\u011fi i\u00e7in Ludogorets&#8217;in Nordsjaelland&#8217;e yenilmesini bekleyecek. Ligde 5 ma\u00e7ta 4 ma\u011flubiyet ve 1 beraberlik alan Spartak Trnava ise bu sezon Avrupa&#8217;daki son ma\u00e7\u0131na Kad\u0131k\u00f6y&#8217;de \u00e7\u0131kacak. Fenerbah\u00e7emiz, gruptaki ikinci ma\u00e7\u0131nda Trnava deplasman\u0131ndan 2-1&#8217;lik galibiyetle d\u00f6nm\u00fc\u015ft\u00fc.<\/p>\n\n\n\n<p>Spartak Trnava kar\u015f\u0131la\u015fmas\u0131yla birlikte Avrupa Kupalar\u0131\u2019ndaki 266. s\u0131nav\u0131na \u00e7\u0131kacak Futbol Tak\u0131m\u0131m\u0131z geride kalan 265 m\u00fccadelede 104 galibiyet, 55 beraberlik, 106 ma\u011flubiyet al\u0131rken; 356 gol at\u0131p, 380 gol yedi.<\/p>\n","protected":false},"excerpt":{"rendered":"<p>Fenerbah\u00e7emiz, UEFA Avrupa Konferans Ligi H Grubu alt\u0131nc\u0131 ve son hafta ma\u00e7\u0131nda Slovakya\u2019n\u0131n Spartak Trnava ekibiyle kar\u015f\u0131la\u015facak. Bug\u00fcn (14 Aral\u0131k Per\u015fembe g\u00fcn\u00fc) \u00dclker Stadyumu Fenerbah\u00e7e \u015e\u00fckr\u00fc Saraco\u011flu Spor Kompleksi\u2019nde saat 20.45\u2019te ba\u015flayacak m\u00fcsabakay\u0131 Kuzey Makedonya Futbol Federasyonundan hakem Aleksandar Stavrev y\u00f6netecek. Kar\u015f\u0131la\u015fma, Exxen platformundan canl\u0131 yay\u0131nlanacak. UEFA Avrupa Konferans Ligi&#8217;nde elemeler ve grup ma\u00e7lar\u0131nda bu [&hellip;]<\/p>\n","protected":false},"author":1,"featured_media":22656,"comment_status":"closed","ping_status":"closed","sticky":false,"template":"","format":"standard","meta":{"jnews-multi-image_gallery":[],"jnews_single_post":{"subtitle":"Fenerbah\u00e7e, UEFA Avrupa Konferans Ligi H Grubu alt\u0131nc\u0131 ve son hafta ma\u00e7\u0131nda sahas\u0131nda Spartak Trnava ile m\u00fccadele edecek.","format":"standard","video":"","gallery":"","source_name":"","source_url":"","via_name":"","via_url":"","override_template":"0","override":[{"template":"1","single_blog_custom":"","parallax":"1","fullscreen":"1","layout":"right-sidebar","sidebar":"mysidebar","second_sidebar":"default-sidebar","sticky_sidebar":"1","share_position":"float","share_float_style":"share-normal","show_share_counter":"1","show_view_counter":"1","show_featured":"1","show_post_meta":"1","show_post_author":"0","show_post_author_image":"1","show_post_date":"1","post_date_format":"default","post_date_format_custom":"Y\/m\/d","show_post_category":"0","show_post_reading_time":"0","post_reading_time_wpm":"300","show_zoom_button":"0","zoom_button_out_step":"2","zoom_button_in_step":"3","show_post_tag":"0","show_prev_next_post":"1","show_popup_post":"0","number_popup_post":"3","show_author_box":"0","show_post_related":"0","show_inline_post_related":"0"}],"override_image_size":"0","image_override":[{"single_post_thumbnail_size":"crop-500","single_post_gallery_size":"crop-500"}],"trending_post":"0","trending_post_position":"meta","trending_post_label":"Trending","sponsored_post":"0","sponsored_post_label":"Sponsored by","sponsored_post_name":"","sponsored_post_url":"","sponsored_post_logo_enable":"0","sponsored_post_logo":"","sponsored_post_desc":"","disable_ad":"0"},"jnews_primary_category":{"id":"4","hide":""},"jnews_social_meta":{"fb_title":"","fb_description":"","fb_image":"","twitter_title":"","twitter_description":"","twitter_image":""},"jnews_override_counter":{"override_view_counter":"0","view_counter_number":"0","override_share_counter":"0","share_counter_number":"0","override_like_counter":"0","like_counter_number":"0","override_dislike_counter":"0","dislike_counter_number":"0"},"footnotes":""},"categories":[4,2,47],"tags":[23,54],"class_list":["post-22655","post","type-post","status-publish","format-standard","has-post-thumbnail","hentry","category-futbol","category-haberler","category-profesyonel-a-futbol-takimi","tag-fenerbahce","tag-futbol"],"amp_enabled":true,"_links":{"self":[{"href":"https:\/\/www.fener.org\/index.php\/wp-json\/wp\/v2\/posts\/22655","targetHints":{"allow":["GET"]}}],"collection":[{"href":"https:\/\/www.fener.org\/index.php\/wp-json\/wp\/v2\/posts"}],"about":[{"href":"https:\/\/www.fener.org\/index.php\/wp-json\/wp\/v2\/types\/post"}],"author":[{"embeddable":true,"href":"https:\/\/www.fener.org\/index.php\/wp-json\/wp\/v2\/users\/1"}],"replies":[{"embeddable":true,"href":"https:\/\/www.fener.org\/index.php\/wp-json\/wp\/v2\/comments?post=22655"}],"version-history":[{"count":1,"href":"https:\/\/www.fener.org\/index.php\/wp-json\/wp\/v2\/posts\/22655\/revisions"}],"predecessor-version":[{"id":22657,"href":"https:\/\/www.fener.org\/index.php\/wp-json\/wp\/v2\/posts\/22655\/revisions\/22657"}],"wp:featuredmedia":[{"embeddable":true,"href":"https:\/\/www.fener.org\/index.php\/wp-json\/wp\/v2\/media\/22656"}],"wp:attachment":[{"href":"https:\/\/www.fener.org\/index.php\/wp-json\/wp\/v2\/media?parent=22655"}],"wp:term":[{"taxonomy":"category","embeddable":true,"href":"https:\/\/www.fener.org\/index.php\/wp-json\/wp\/v2\/categories?post=22655"},{"taxonomy":"post_tag","embeddable":true,"href":"https:\/\/www.fener.org\/index.php\/wp-json\/wp\/v2\/tags?post=22655"}],"curies":[{"name":"wp","href":"https:\/\/api.w.org\/{rel}","templated":true}]}}