{"id":22604,"date":"2023-12-09T22:09:33","date_gmt":"2023-12-09T19:09:33","guid":{"rendered":"https:\/\/www.fener.org\/?p=22604"},"modified":"2023-12-09T22:09:39","modified_gmt":"2023-12-09T19:09:39","slug":"ismail-kartal-kendimize-yakisir-futbolla-galip-geldik","status":"publish","type":"post","link":"https:\/\/www.fener.org\/index.php\/2023\/12\/09\/ismail-kartal-kendimize-yakisir-futbolla-galip-geldik\/","title":{"rendered":"\u0130smail Kartal: Kendimize yak\u0131\u015f\u0131r futbolla galip geldik"},"content":{"rendered":"\n<p>Teknik Direkt\u00f6r\u00fcm\u00fcz \u0130smail Kartal, deplasmanda Be\u015fikta\u015f\u2019\u0131 3-1 yendi\u011fimiz ma\u00e7\u0131n ard\u0131ndan yay\u0131nc\u0131 kurulu\u015fa a\u00e7\u0131klamalarda bulundu.<\/p>\n\n\n\n<p>\u0130smail Kartal \u015f\u00f6yle konu\u015ftu:<\/p>\n\n\n\n<blockquote class=\"wp-block-quote is-layout-flow wp-block-quote-is-layout-flow\">\n<p>\u201c\u00d6ncelikle galibiyetten dolay\u0131 b\u00fct\u00fcn oyuncular\u0131m\u0131 ve taraftarlar\u0131m\u0131z\u0131 tebrik ediyorum. Her zaman oynamak istedi\u011fimiz futbol bu. Bu futbolu oynamak i\u00e7in oyuncular\u0131m\u0131zla konu\u015ftuk ve \u00e7al\u0131\u015ft\u0131k. Ma\u00e7\u0131n ba\u015f\u0131ndan sonuna kadar oyunu domine ettik. Sakat oyuncular\u0131m\u0131z\u0131n da aram\u0131za d\u00f6nmesiyle birlikte g\u00fczel bir gece ge\u00e7irdik. Buraya \u00fc\u00e7 puan i\u00e7in geldik. G\u00fczel bir oyunla, hak ederek kazand\u0131\u011f\u0131m\u0131z i\u00e7in \u00e7ok mutluyum. Galibiyet taraftarlar\u0131m\u0131za ve camiam\u0131za hay\u0131rl\u0131 olsun. Be\u015fikta\u015f tak\u0131m\u0131na, teknik direkt\u00f6r\u00fcn\u00fc ve futbolcular\u0131na bundan sonraki ma\u00e7larda ba\u015far\u0131lar dilerim.<\/p>\n\n\n\n<p>Sezon ba\u015f\u0131ndan beri oynad\u0131\u011f\u0131m\u0131z net bir futbol var. Futbolda bazen sizin elinizde olmayan nedenler \u00e7\u0131kabiliyor. Ayn\u0131 mevkilerden sakatl\u0131klar, biz de bazen zorlan\u0131yoruz. Zorland\u0131\u011f\u0131m\u0131z d\u00f6nemlerde de belki istedi\u011fimiz gibi oynayamad\u0131k. Bir iki tak\u0131lmalar oldu. Ald\u0131\u011f\u0131m\u0131z \u00fc\u00e7 puanla ligde lider durumday\u0131z. Bu oyunumuzu, pozitif futbolumuzu geli\u015ftirebilmek i\u00e7in her hafta \u00e7al\u0131\u015f\u0131yoruz. Oyuncular\u0131m\u0131zla birlikte daha iyisini nas\u0131l yapabiliriz \u00fczerine \u00e7ok yo\u011funla\u015f\u0131yoruz. Kendimize yak\u0131\u015f\u0131r bir futbolla ma\u00e7\u0131 tamamlad\u0131k. Galip geldik. \u00dc\u00e7 puanla yolumuza devam ediyoruz.<\/p>\n\n\n\n<p>Djiku ile ma\u00e7tan \u00f6nce konu\u015ftuk. \u2018Hocam 60 dakika falan oynayabilirim\u2019 dedi. Plan\u0131m\u0131z\u0131 60-70 dakika \u00fczerinden yapm\u0131\u015ft\u0131k. Daha sonra yan\u0131ma \u00e7a\u011f\u0131rd\u0131\u011f\u0131mda \u2018iki arka adalem hamstringlerimde sertle\u015fme var\u2019 dedi. Daha fazla riske etmemek i\u00e7in hemen onu ve Fred\u2019i \u00e7\u0131kard\u0131k. Onlar\u0131n yerine giren oyuncular\u0131m\u0131z da ellerinden geleni yapt\u0131lar. Aram\u0131za kat\u0131lacak oyuncular\u0131m\u0131z da var. Daha iyi olmak i\u00e7in \u00e7al\u0131\u015farak, sezon sonuna kadar elimizden geleni yapmaya \u00e7al\u0131\u015faca\u011f\u0131z.<\/p>\n\n\n\n<p>Oyuncular\u0131m galibiyetten sonra izin istediler. Normalde izin vermiyorum. Hak ettiler, yar\u0131n izinliler. Sal\u0131 g\u00fcn\u00fc Spartak Trnava ma\u00e7\u0131yla ilgili \u00e7al\u0131\u015fmalar\u0131m\u0131z devam edecek. Tabii onlara izin verdik ama bize izin yok. Bu ak\u015fam ekibimle Samand\u0131ra\u2019da \u00e7al\u0131\u015fmaya devam edece\u011fim.<\/p>\n\n\n\n<p>Bizim taraftarlar\u0131m\u0131z bu sene fark yarat\u0131yorlar. Biz de bunun fark\u0131nday\u0131z. Biz de bu fark\u0131ndal\u0131\u011fa cevap veriyoruz. Reaksiyon g\u00f6steriyor ve buraday\u0131z, diyoruz. \u2018Her \u015feye hakimiz. Merak etmeyin\u2019,diyoruz. \u0130n\u015fallah bu birliktelik ve enerji sezon sonu bize mutlu sonu getirecektir.\u201c<\/p>\n<\/blockquote>\n","protected":false},"excerpt":{"rendered":"<p>Teknik Direkt\u00f6r\u00fcm\u00fcz \u0130smail Kartal, deplasmanda Be\u015fikta\u015f\u2019\u0131 3-1 yendi\u011fimiz ma\u00e7\u0131n ard\u0131ndan yay\u0131nc\u0131 kurulu\u015fa a\u00e7\u0131klamalarda bulundu. \u0130smail Kartal \u015f\u00f6yle konu\u015ftu: \u201c\u00d6ncelikle galibiyetten dolay\u0131 b\u00fct\u00fcn oyuncular\u0131m\u0131 ve taraftarlar\u0131m\u0131z\u0131 tebrik ediyorum. Her zaman oynamak istedi\u011fimiz futbol bu. Bu futbolu oynamak i\u00e7in oyuncular\u0131m\u0131zla konu\u015ftuk ve \u00e7al\u0131\u015ft\u0131k. Ma\u00e7\u0131n ba\u015f\u0131ndan sonuna kadar oyunu domine ettik. Sakat oyuncular\u0131m\u0131z\u0131n da aram\u0131za d\u00f6nmesiyle birlikte g\u00fczel [&hellip;]<\/p>\n","protected":false},"author":1,"featured_media":22605,"comment_status":"closed","ping_status":"closed","sticky":false,"template":"","format":"standard","meta":{"jnews-multi-image_gallery":[],"jnews_single_post":{"subtitle":"Teknik Direkt\u00f6r\u00fcm\u00fcz \u0130smail Kartal, S\u00fcper Lig'in 15. haftas\u0131nda deplasmanda Be\u015fikta\u015f'\u0131 3-1 ma\u011flup etti\u011fimiz ma\u00e7\u0131n ard\u0131ndan de\u011ferlendirmelerde bulundu.","format":"standard","video":"","gallery":"","source_name":"","source_url":"","via_name":"","via_url":"","override_template":"0","override":[{"template":"1","single_blog_custom":"","parallax":"1","fullscreen":"1","layout":"right-sidebar","sidebar":"mysidebar","second_sidebar":"default-sidebar","sticky_sidebar":"1","share_position":"float","share_float_style":"share-normal","show_share_counter":"1","show_view_counter":"1","show_featured":"1","show_post_meta":"1","show_post_author":"0","show_post_author_image":"1","show_post_date":"1","post_date_format":"default","post_date_format_custom":"Y\/m\/d","show_post_category":"0","show_post_reading_time":"0","post_reading_time_wpm":"300","show_zoom_button":"0","zoom_button_out_step":"2","zoom_button_in_step":"3","show_post_tag":"0","show_prev_next_post":"1","show_popup_post":"0","number_popup_post":"3","show_author_box":"0","show_post_related":"0","show_inline_post_related":"0"}],"override_image_size":"0","image_override":[{"single_post_thumbnail_size":"crop-500","single_post_gallery_size":"crop-500"}],"trending_post":"0","trending_post_position":"meta","trending_post_label":"Trending","sponsored_post":"0","sponsored_post_label":"Sponsored by","sponsored_post_name":"","sponsored_post_url":"","sponsored_post_logo_enable":"0","sponsored_post_logo":"","sponsored_post_desc":"","disable_ad":"0"},"jnews_primary_category":{"id":"4","hide":""},"jnews_social_meta":{"fb_title":"","fb_description":"","fb_image":"","twitter_title":"","twitter_description":"","twitter_image":""},"jnews_override_counter":{"override_view_counter":"0","view_counter_number":"0","override_share_counter":"0","share_counter_number":"0","override_like_counter":"0","like_counter_number":"0","override_dislike_counter":"0","dislike_counter_number":"0"},"footnotes":""},"categories":[4,2,47],"tags":[23,54],"class_list":["post-22604","post","type-post","status-publish","format-standard","has-post-thumbnail","hentry","category-futbol","category-haberler","category-profesyonel-a-futbol-takimi","tag-fenerbahce","tag-futbol"],"amp_enabled":true,"_links":{"self":[{"href":"https:\/\/www.fener.org\/index.php\/wp-json\/wp\/v2\/posts\/22604","targetHints":{"allow":["GET"]}}],"collection":[{"href":"https:\/\/www.fener.org\/index.php\/wp-json\/wp\/v2\/posts"}],"about":[{"href":"https:\/\/www.fener.org\/index.php\/wp-json\/wp\/v2\/types\/post"}],"author":[{"embeddable":true,"href":"https:\/\/www.fener.org\/index.php\/wp-json\/wp\/v2\/users\/1"}],"replies":[{"embeddable":true,"href":"https:\/\/www.fener.org\/index.php\/wp-json\/wp\/v2\/comments?post=22604"}],"version-history":[{"count":2,"href":"https:\/\/www.fener.org\/index.php\/wp-json\/wp\/v2\/posts\/22604\/revisions"}],"predecessor-version":[{"id":22607,"href":"https:\/\/www.fener.org\/index.php\/wp-json\/wp\/v2\/posts\/22604\/revisions\/22607"}],"wp:featuredmedia":[{"embeddable":true,"href":"https:\/\/www.fener.org\/index.php\/wp-json\/wp\/v2\/media\/22605"}],"wp:attachment":[{"href":"https:\/\/www.fener.org\/index.php\/wp-json\/wp\/v2\/media?parent=22604"}],"wp:term":[{"taxonomy":"category","embeddable":true,"href":"https:\/\/www.fener.org\/index.php\/wp-json\/wp\/v2\/categories?post=22604"},{"taxonomy":"post_tag","embeddable":true,"href":"https:\/\/www.fener.org\/index.php\/wp-json\/wp\/v2\/tags?post=22604"}],"curies":[{"name":"wp","href":"https:\/\/api.w.org\/{rel}","templated":true}]}}