{"id":22600,"date":"2023-12-09T21:20:32","date_gmt":"2023-12-09T18:20:32","guid":{"rendered":"https:\/\/www.fener.org\/?p=22600"},"modified":"2023-12-09T21:20:32","modified_gmt":"2023-12-09T18:20:32","slug":"besiktas-1-3-fenerbahce","status":"publish","type":"post","link":"https:\/\/www.fener.org\/index.php\/2023\/12\/09\/besiktas-1-3-fenerbahce\/","title":{"rendered":"Be\u015fikta\u015f 1-3 Fenerbah\u00e7e"},"content":{"rendered":"\n<p>Fenerbah\u00e7emiz, Trendyol S\u00fcper Lig&#8217;in 15. haftas\u0131nda konuk oldu\u011fu Be\u015fikta\u015f\u2019\u0131 3-1 yendi. T\u00fcpra\u015f Stad\u0131\u2019nda oynanan ma\u00e7ta gollerimizi 10. dakikada Edin Dzeko, 63. dakikada Dusan Tadic (p), 90+6. dakikada Sebastian Szymanski kaydetti. Bu galibiyetle puan\u0131n\u0131 40\u2019a y\u00fckselten Ekibimiz, liderli\u011fini s\u00fcrd\u00fcrd\u00fc. Ev sahibi tak\u0131m\u0131n tek gol\u00fc ise 24. dakikada Chamberlain\u2019den (p) geldi.<\/p>\n\n\n\n<p>Fenerbah\u00e7emiz, UEFA Konferans Ligi H Grubu 6.ve son hafta ma\u00e7\u0131nda 14 Aral\u0131k Per\u015fembe g\u00fcn\u00fc \u00dclker Stadyumu Fenerbah\u00e7e \u015e\u00fckr\u00fc Saraco\u011flu Spor Kompleksi\u2019nde Spartak Trnava\u2019y\u0131 konuk edecek.<\/p>\n\n\n<p><strong>Ma\u00e7tan dakikalar:<\/strong><br \/><br \/>10. dakikada Fenerbah\u00e7emiz, kar\u015f\u0131la\u015fmada \u00f6ne ge\u00e7ti. Edin Dzeko, 10&#8217;uncu dakikada skoru 1-0 yapt\u0131. Sol kanatta topla bulu\u015fan Ferdi Kad\u0131o\u011flu, iki rakibinin aras\u0131ndan ceza sahas\u0131 i\u00e7indeki Dusan Tadic&#8217;i g\u00f6rd\u00fc. Dusan Tadic, ceza sahas\u0131 i\u00e7i sol taraf\u0131nda yerden alt\u0131pasa do\u011fru \u00e7evirdi. O b\u00f6lgede yer alan Edin Dzeko, tek dokunu\u015fla topu a\u011flara g\u00f6nderdi.<br \/>24. dakikada Be\u015fikta\u015f&#8217;ta topu kazanan Cenk Tosun h\u0131zla Fenerbah\u00e7e ceza sahas\u0131na girdi. Samet Akaydin&#8217;in m\u00fcdahalesiyle yerde kald\u0131. Hakem penalt\u0131 noktas\u0131n\u0131 g\u00f6sterdi. Penalt\u0131y\u0131 kullanmak i\u00e7in topun ba\u015f\u0131na ge\u00e7en Alex Oxlade Chamberlain, sol k\u00f6\u015feye d\u00fczg\u00fcn vurdu. Livakovic k\u00f6\u015feyi tahmin etse de topu kurtaramad\u0131. Be\u015fikta\u015f, beraberli\u011fi yakalad\u0131.<br \/>28. dakikada Szymanski&#8217;nin savunma arkas\u0131na do\u011fru att\u0131\u011f\u0131 pasa hareketlenen Edin Dzeko, sa\u011f aya\u011f\u0131yla sert vurdu. Top \u00fcstten auta gitti.<br \/>40. dakikada sa\u011f kanatta yapt\u0131\u011f\u0131 bask\u0131yla topu kapan Fenerbah\u00e7emizde Fred ceza yay\u0131nda topla bulu\u015ftu. Kaleyi cepheden g\u00f6ren noktadan \u015futunu \u00e7eken Fred \u00e7er\u00e7eveyi bulamad\u0131.<br \/>45+6. sakikada savunma arkas\u0131na sarkan \u0130rfan Can Kahveci kaleciyle kar\u015f\u0131 kar\u015f\u0131ya kald\u0131. \u0130rfan Can&#8217;\u0131n sa\u011f aya\u011f\u0131yla yapt\u0131\u011f\u0131 vuru\u015fu kaleci Mert G\u00fcnok kurtarmay\u0131 ba\u015fard\u0131.<br \/>47.dakikada Ferdi Kad\u0131o\u011flu, ceza sahas\u0131 i\u00e7i sol taraf\u0131nda yerden sert ortalad\u0131. Savunman\u0131n m\u00fcdahalesiyle yaya a\u00e7\u0131lan top Fred&#8217;in \u00f6n\u00fcnde kald\u0131. Fred&#8217;in sert vuru\u015fu az farkla auta gitti.<br \/>60. dakikada sol kanattan pas\u0131 alan Szymanski, ceza sahas\u0131 i\u00e7inde Baily&#8217;nin m\u00fcdahalesiyle yerde kald\u0131. Hakem oyunu ilk etapta devam ettirse de VAR&#8217;\u0131n m\u00fcdahalesiyle pozisyonu izledi ve beyaz noktay\u0131 g\u00f6sterdi.<br \/>63. dakikada penalt\u0131y\u0131 kullanmak i\u00e7in topun ba\u015f\u0131na ge\u00e7en Dusan Tadic, topu a\u011flara g\u00f6nderdi. Fenerbah\u00e7emiz, zorlu deplasmanda tekrar \u00f6ne ge\u00e7ti.<br \/>65. dakikada sa\u011f kanattan topla birlikte ilerleyen \u0130rfan Can Kahveci, ceza sahas\u0131 i\u00e7inde sert bir vuru\u015f yapt\u0131. Mert G\u00fcnok topu kornere \u00e7elmeyi ba\u015fard\u0131.<br \/>73. dakikada \u0130rfan Can Kahveci&#8217;nin sa\u011f \u00e7aprazda savunma arkas\u0131na att\u0131\u011f\u0131 topu Edin Dzeko kontrol etti ve \u015futunu \u00e7ekti. Mert G\u00fcnok topu kurtard\u0131.<br \/>90+1. dakikada Sebastian Szymanski&#8217;nin ceza sahas\u0131 i\u00e7inde yapt\u0131\u011f\u0131 ortaya Eric Baily elle m\u00fcdahale etti. Pozisyonu VAR&#8217;da izleyen hakem penalt\u0131 noktas\u0131n\u0131 g\u00f6sterdi.<br \/>90+2. dakikada Dusan Tadic penalt\u0131y\u0131 ka\u00e7\u0131rd\u0131. Mert G\u00fcnok sa\u011f\u0131na uzanarak topu \u00e7elmeyi ba\u015fard\u0131. D\u00f6nen topa Fred vurdu. Mert G\u00fcnok ikinci pozisyonda ba\u015far\u0131l\u0131 oldu.<br \/>90+6. Dakikada Fenerbah\u00e7emiz, fark\u0131 2&#8217;ye \u00e7\u0131kard\u0131. \u0130smail Y\u00fcksek ile orta alandan gelen tak\u0131m\u0131m\u0131zda sol kanatta topla bulu\u015fan Michy Batshuayi, ata\u011fa destek olan \u0130smail Y\u00fcksek&#8217;i tekrar topla bulu\u015fturdu. \u0130smail&#8217;in sol kanattan yaya do\u011fru att\u0131\u011f\u0131 pas\u0131 kontrol eden Sebastian Szymanski, ceza sahas\u0131 yay\u0131 \u00fczerinden sol aya\u011f\u0131yla plasesini g\u00f6nderdi. Top a\u011flara gitti.<br \/><br \/>Fenerbah\u00e7emiz, m\u00fcsabakadan 3-1 galip ayr\u0131ld\u0131.<\/p>","protected":false},"excerpt":{"rendered":"<p>Fenerbah\u00e7emiz, Trendyol S\u00fcper Lig&#8217;in 15. haftas\u0131nda konuk oldu\u011fu Be\u015fikta\u015f\u2019\u0131 3-1 yendi. T\u00fcpra\u015f Stad\u0131\u2019nda oynanan ma\u00e7ta gollerimizi 10. dakikada Edin Dzeko, 63. dakikada Dusan Tadic (p), 90+6. dakikada Sebastian Szymanski kaydetti. Bu galibiyetle puan\u0131n\u0131 40\u2019a y\u00fckselten Ekibimiz, liderli\u011fini s\u00fcrd\u00fcrd\u00fc. Ev sahibi tak\u0131m\u0131n tek gol\u00fc ise 24. dakikada Chamberlain\u2019den (p) geldi. Fenerbah\u00e7emiz, UEFA Konferans Ligi H Grubu [&hellip;]<\/p>\n","protected":false},"author":1,"featured_media":22601,"comment_status":"closed","ping_status":"closed","sticky":false,"template":"","format":"standard","meta":{"jnews-multi-image_gallery":[],"jnews_single_post":{"subtitle":"Fenerbah\u00e7e, S\u00fcper Lig'in 15. haftas\u0131nda deplasmanda Be\u015fikta\u015f ile oynad\u0131\u011f\u0131 kar\u015f\u0131la\u015fmadan 3-1 galip ayr\u0131ld\u0131.","format":"standard","video":"","gallery":"","source_name":"","source_url":"","via_name":"","via_url":"","override_template":"0","override":[{"template":"1","single_blog_custom":"","parallax":"1","fullscreen":"1","layout":"right-sidebar","sidebar":"mysidebar","second_sidebar":"default-sidebar","sticky_sidebar":"1","share_position":"float","share_float_style":"share-normal","show_share_counter":"1","show_view_counter":"1","show_featured":"1","show_post_meta":"1","show_post_author":"0","show_post_author_image":"1","show_post_date":"1","post_date_format":"default","post_date_format_custom":"Y\/m\/d","show_post_category":"0","show_post_reading_time":"0","post_reading_time_wpm":"300","show_zoom_button":"0","zoom_button_out_step":"2","zoom_button_in_step":"3","show_post_tag":"0","show_prev_next_post":"1","show_popup_post":"0","number_popup_post":"3","show_author_box":"0","show_post_related":"0","show_inline_post_related":"0"}],"override_image_size":"0","image_override":[{"single_post_thumbnail_size":"crop-500","single_post_gallery_size":"crop-500"}],"trending_post":"0","trending_post_position":"meta","trending_post_label":"Trending","sponsored_post":"0","sponsored_post_label":"Sponsored by","sponsored_post_name":"","sponsored_post_url":"","sponsored_post_logo_enable":"0","sponsored_post_logo":"","sponsored_post_desc":"","disable_ad":"0"},"jnews_primary_category":{"id":"4","hide":""},"jnews_social_meta":{"fb_title":"","fb_description":"","fb_image":"","twitter_title":"","twitter_description":"","twitter_image":""},"jnews_override_counter":{"override_view_counter":"0","view_counter_number":"0","override_share_counter":"0","share_counter_number":"0","override_like_counter":"0","like_counter_number":"0","override_dislike_counter":"0","dislike_counter_number":"0"},"footnotes":""},"categories":[4,2,47],"tags":[23,54],"class_list":["post-22600","post","type-post","status-publish","format-standard","has-post-thumbnail","hentry","category-futbol","category-haberler","category-profesyonel-a-futbol-takimi","tag-fenerbahce","tag-futbol"],"amp_enabled":true,"_links":{"self":[{"href":"https:\/\/www.fener.org\/index.php\/wp-json\/wp\/v2\/posts\/22600","targetHints":{"allow":["GET"]}}],"collection":[{"href":"https:\/\/www.fener.org\/index.php\/wp-json\/wp\/v2\/posts"}],"about":[{"href":"https:\/\/www.fener.org\/index.php\/wp-json\/wp\/v2\/types\/post"}],"author":[{"embeddable":true,"href":"https:\/\/www.fener.org\/index.php\/wp-json\/wp\/v2\/users\/1"}],"replies":[{"embeddable":true,"href":"https:\/\/www.fener.org\/index.php\/wp-json\/wp\/v2\/comments?post=22600"}],"version-history":[{"count":2,"href":"https:\/\/www.fener.org\/index.php\/wp-json\/wp\/v2\/posts\/22600\/revisions"}],"predecessor-version":[{"id":22603,"href":"https:\/\/www.fener.org\/index.php\/wp-json\/wp\/v2\/posts\/22600\/revisions\/22603"}],"wp:featuredmedia":[{"embeddable":true,"href":"https:\/\/www.fener.org\/index.php\/wp-json\/wp\/v2\/media\/22601"}],"wp:attachment":[{"href":"https:\/\/www.fener.org\/index.php\/wp-json\/wp\/v2\/media?parent=22600"}],"wp:term":[{"taxonomy":"category","embeddable":true,"href":"https:\/\/www.fener.org\/index.php\/wp-json\/wp\/v2\/categories?post=22600"},{"taxonomy":"post_tag","embeddable":true,"href":"https:\/\/www.fener.org\/index.php\/wp-json\/wp\/v2\/tags?post=22600"}],"curies":[{"name":"wp","href":"https:\/\/api.w.org\/{rel}","templated":true}]}}