{"id":22579,"date":"2023-12-09T00:43:01","date_gmt":"2023-12-08T21:43:01","guid":{"rendered":"https:\/\/www.fener.org\/?p=22579"},"modified":"2023-12-09T00:43:06","modified_gmt":"2023-12-08T21:43:06","slug":"fenerbahce-besiktasa-konuk-oluyor-5","status":"publish","type":"post","link":"https:\/\/www.fener.org\/index.php\/2023\/12\/09\/fenerbahce-besiktasa-konuk-oluyor-5\/","title":{"rendered":"Fenerbah\u00e7e, Be\u015fikta\u015f\u2019a konuk oluyor"},"content":{"rendered":"\n<p>Fenerbah\u00e7emiz, Trendyol S\u00fcper Lig\u2019in 15. haftas\u0131nda Be\u015fikta\u015f\u2019a konuk oluyor. Bu ak\u015fam (9 Aral\u0131k Cumartesi ak\u015fam\u0131) T\u00fcpra\u015f Stad\u0131&#8217;nda oynanacak derbi ma\u00e7\u0131 saat 19:00\u2019da ba\u015flayacak.<\/p>\n\n\n\n<p>Fenerbah\u00e7emiz, ligde \u00e7\u0131kt\u0131\u011f\u0131 son ma\u00e7\u0131nda konuk etti\u011fi EMS Yap\u0131 Sivasspor\u2019u 4-1 ma\u011flup etti.Geride kalan 14 ma\u00e7ta 12 galibiyet, birer beraberlik ve ma\u011flubiyet ya\u015fayan sar\u0131 lacivertliler,&nbsp;37 puanla lider durumunda bulunuyor.<\/p>\n\n\n\n<p>Ligdeki son ma\u00e7\u0131nda MKE Ankarag\u00fcc\u00fc ile 1-1 berabere kalan Be\u015fikta\u015f ise 14 ma\u00e7ta 8 galibiyet, 2 beraberlik ve 4 ma\u011flubiyet sonucu 26 puan toplad\u0131 ve haftaya \u00fc\u00e7\u00fcnc\u00fc s\u0131rada girdi.<\/p>\n\n\n\n<p>Fenerbah\u00e7emiz ile Be\u015fikta\u015f aras\u0131nda oynanacak ma\u00e7\u0131 Atilla Karao\u011flan y\u00f6netecek. Karao\u011flan\u2019\u0131n yard\u0131mc\u0131l\u0131klar\u0131n\u0131 Ceyhun Sesig\u00fczel ve Cevdet K\u00f6m\u00fcrc\u00fco\u011flu yapacak. Kar\u015f\u0131la\u015fman\u0131n d\u00f6rd\u00fcnc\u00fc hakemi ise Volkan Bayarslan olacak.<\/p>\n\n\n\n<p>Tak\u0131m\u0131m\u0131z, 1924 y\u0131l\u0131ndan bu yana ezeli rakibimizle 357 kar\u015f\u0131la\u015fma oynad\u0131. Bu ma\u00e7lar\u0131n 133\u2019\u00fcn\u00fc ekibimiz&nbsp;kazan\u0131rken, 97 ma\u00e7 berabere sonu\u00e7land\u0131. 127 ma\u00e7tan ise Be\u015fikta\u015f galip ayr\u0131ld\u0131.<br>&nbsp;<br>Fenerbah\u00e7emiz, bu ma\u00e7larda 494 kez rakip fileleri havaland\u0131r\u0131rken kalesinde 445 gol g\u00f6rd\u00fc.<\/p>\n","protected":false},"excerpt":{"rendered":"<p>Fenerbah\u00e7emiz, Trendyol S\u00fcper Lig\u2019in 15. haftas\u0131nda Be\u015fikta\u015f\u2019a konuk oluyor. Bu ak\u015fam (9 Aral\u0131k Cumartesi ak\u015fam\u0131) T\u00fcpra\u015f Stad\u0131&#8217;nda oynanacak derbi ma\u00e7\u0131 saat 19:00\u2019da ba\u015flayacak. Fenerbah\u00e7emiz, ligde \u00e7\u0131kt\u0131\u011f\u0131 son ma\u00e7\u0131nda konuk etti\u011fi EMS Yap\u0131 Sivasspor\u2019u 4-1 ma\u011flup etti.Geride kalan 14 ma\u00e7ta 12 galibiyet, birer beraberlik ve ma\u011flubiyet ya\u015fayan sar\u0131 lacivertliler,&nbsp;37 puanla lider durumunda bulunuyor. Ligdeki son ma\u00e7\u0131nda [&hellip;]<\/p>\n","protected":false},"author":1,"featured_media":22545,"comment_status":"closed","ping_status":"closed","sticky":false,"template":"","format":"standard","meta":{"jnews-multi-image_gallery":[],"jnews_single_post":{"subtitle":"Fenerbah\u00e7e, S\u00fcper Lig\u2019in 15. haftas\u0131nda deplasmanda Be\u015fikta\u015f ile m\u00fccadele edecek.","format":"standard","video":"","gallery":"","source_name":"","source_url":"","via_name":"","via_url":"","override_template":"0","override":[{"template":"1","single_blog_custom":"","parallax":"1","fullscreen":"1","layout":"right-sidebar","sidebar":"mysidebar","second_sidebar":"default-sidebar","sticky_sidebar":"1","share_position":"float","share_float_style":"share-normal","show_share_counter":"1","show_view_counter":"1","show_featured":"1","show_post_meta":"1","show_post_author":"0","show_post_author_image":"1","show_post_date":"1","post_date_format":"default","post_date_format_custom":"Y\/m\/d","show_post_category":"0","show_post_reading_time":"0","post_reading_time_wpm":"300","show_zoom_button":"0","zoom_button_out_step":"2","zoom_button_in_step":"3","show_post_tag":"0","show_prev_next_post":"1","show_popup_post":"0","number_popup_post":"3","show_author_box":"0","show_post_related":"0","show_inline_post_related":"0"}],"override_image_size":"0","image_override":[{"single_post_thumbnail_size":"crop-500","single_post_gallery_size":"crop-500"}],"trending_post":"0","trending_post_position":"meta","trending_post_label":"Trending","sponsored_post":"0","sponsored_post_label":"Sponsored by","sponsored_post_name":"","sponsored_post_url":"","sponsored_post_logo_enable":"0","sponsored_post_logo":"","sponsored_post_desc":"","disable_ad":"0"},"jnews_primary_category":{"id":"4","hide":""},"jnews_social_meta":{"fb_title":"","fb_description":"","fb_image":"","twitter_title":"","twitter_description":"","twitter_image":""},"jnews_override_counter":{"override_view_counter":"0","view_counter_number":"0","override_share_counter":"0","share_counter_number":"0","override_like_counter":"0","like_counter_number":"0","override_dislike_counter":"0","dislike_counter_number":"0"},"footnotes":""},"categories":[4,2,47],"tags":[23,54],"class_list":["post-22579","post","type-post","status-publish","format-standard","has-post-thumbnail","hentry","category-futbol","category-haberler","category-profesyonel-a-futbol-takimi","tag-fenerbahce","tag-futbol"],"amp_enabled":true,"_links":{"self":[{"href":"https:\/\/www.fener.org\/index.php\/wp-json\/wp\/v2\/posts\/22579","targetHints":{"allow":["GET"]}}],"collection":[{"href":"https:\/\/www.fener.org\/index.php\/wp-json\/wp\/v2\/posts"}],"about":[{"href":"https:\/\/www.fener.org\/index.php\/wp-json\/wp\/v2\/types\/post"}],"author":[{"embeddable":true,"href":"https:\/\/www.fener.org\/index.php\/wp-json\/wp\/v2\/users\/1"}],"replies":[{"embeddable":true,"href":"https:\/\/www.fener.org\/index.php\/wp-json\/wp\/v2\/comments?post=22579"}],"version-history":[{"count":1,"href":"https:\/\/www.fener.org\/index.php\/wp-json\/wp\/v2\/posts\/22579\/revisions"}],"predecessor-version":[{"id":22580,"href":"https:\/\/www.fener.org\/index.php\/wp-json\/wp\/v2\/posts\/22579\/revisions\/22580"}],"wp:featuredmedia":[{"embeddable":true,"href":"https:\/\/www.fener.org\/index.php\/wp-json\/wp\/v2\/media\/22545"}],"wp:attachment":[{"href":"https:\/\/www.fener.org\/index.php\/wp-json\/wp\/v2\/media?parent=22579"}],"wp:term":[{"taxonomy":"category","embeddable":true,"href":"https:\/\/www.fener.org\/index.php\/wp-json\/wp\/v2\/categories?post=22579"},{"taxonomy":"post_tag","embeddable":true,"href":"https:\/\/www.fener.org\/index.php\/wp-json\/wp\/v2\/tags?post=22579"}],"curies":[{"name":"wp","href":"https:\/\/api.w.org\/{rel}","templated":true}]}}