{"id":22575,"date":"2023-12-08T18:22:24","date_gmt":"2023-12-08T15:22:24","guid":{"rendered":"https:\/\/www.fener.org\/?p=22575"},"modified":"2023-12-08T18:22:28","modified_gmt":"2023-12-08T15:22:28","slug":"fenerbahce-ziraat-turkiye-kupasi-5-eleme-turunda-adanaspor-ile-eslesti","status":"publish","type":"post","link":"https:\/\/www.fener.org\/index.php\/2023\/12\/08\/fenerbahce-ziraat-turkiye-kupasi-5-eleme-turunda-adanaspor-ile-eslesti\/","title":{"rendered":"Fenerbah\u00e7e, Ziraat T\u00fcrkiye Kupas\u0131 5. Eleme Turu\u2019nda Adanaspor ile e\u015fle\u015fti"},"content":{"rendered":"\n<p>Fenerbah\u00e7emizin&nbsp;Ziraat T\u00fcrkiye Kupas\u0131 5. Eleme Turu\u2019ndaki rakibi belli oldu. Tak\u0131m\u0131m\u0131z seri ba\u015f\u0131 olarak kat\u0131ld\u0131\u011f\u0131 kurada&nbsp;Trendyol 1. Lig ekiplerinden Adanaspor ile e\u015fle\u015fti.<\/p>\n\n\n\n<p>Tek ma\u00e7 eleme usul\u00fcne g\u00f6re oynanacak ZTK 5. Eleme Turu m\u00fcsabakas\u0131 9, 10 veya 11 Ocak tarihlerinin birinde \u00dclker Stadyumu Fenerbah\u00e7e \u015e\u00fckr\u00fc Saraco\u011flu Spor Kompleksi\u2019nde oynanacak.<\/p>\n\n\n\n<p>Ziraat T\u00fcrkiye Kupas\u0131 5. Eleme Turu Kura \u00e7ekimi kul\u00fcp yetkililerinin kat\u0131l\u0131m\u0131 ile TFF Riva Hasan Do\u011fan Milli Tak\u0131mlar Kamp ve E\u011fitim Tesisleri&#8217;nde ger\u00e7ekle\u015ftirildi.<\/p>\n\n\n\n<p>Orhan Saka Konferans Salonu&#8217;nda yap\u0131lan kura \u00e7ekimine Kul\u00fcb\u00fcm\u00fcz\u00fc temsilen \u0130dari Menajerimiz Emir Yola\u00e7 kat\u0131ld\u0131.<\/p>\n\n\n\n<p><strong>Ziraat T\u00fcrkiye Kupas\u0131&#8217;nda 5. eleme turu e\u015fle\u015fmeleri \u015f\u00f6yle:<\/strong><\/p>\n\n\n\n<p>Fenerbah\u00e7e-Adanaspor<br>Be\u015fikta\u015f-Ey\u00fcpspor<br>Galatasaray-\u00dcmraniyespor<br>Trabzonspor-Manisa FK<br>VavaCars Fatih Karag\u00fcmr\u00fck-Tuna Tar\u0131m K\u0131rklarelispor<br>RAMS Ba\u015fak\u015fehir-Boluspor<br>Corendon Alanyaspor-Y\u0131lport Samsunspor<br>EMS Yap\u0131 Sivasspor-Ankara Ke\u00e7i\u00f6reng\u00fcc\u00fc<br>Gaziantep FK-Bodrumspor<br>MKE Ankarag\u00fcc\u00fc-\u00c7aykur Rizespor<br>Ataka\u015f Hatayspor-Sakaryaspor<br>Bitexen Antalyaspor-Silta\u015f Yap\u0131 Pendikspor<br>Kas\u0131mpa\u015fa-Teks\u00fct Band\u0131rmaspor<br>Mondihome Kayserispor-Gen\u00e7lerbirli\u011fi<br>T\u00fcmosan&nbsp;Konyaspor-G\u00f6ztepe<br>Yukatel Adana Demirspor-Anagold 24Erzincanspor<\/p>\n","protected":false},"excerpt":{"rendered":"<p>Fenerbah\u00e7emizin&nbsp;Ziraat T\u00fcrkiye Kupas\u0131 5. Eleme Turu\u2019ndaki rakibi belli oldu. Tak\u0131m\u0131m\u0131z seri ba\u015f\u0131 olarak kat\u0131ld\u0131\u011f\u0131 kurada&nbsp;Trendyol 1. Lig ekiplerinden Adanaspor ile e\u015fle\u015fti. Tek ma\u00e7 eleme usul\u00fcne g\u00f6re oynanacak ZTK 5. Eleme Turu m\u00fcsabakas\u0131 9, 10 veya 11 Ocak tarihlerinin birinde \u00dclker Stadyumu Fenerbah\u00e7e \u015e\u00fckr\u00fc Saraco\u011flu Spor Kompleksi\u2019nde oynanacak. Ziraat T\u00fcrkiye Kupas\u0131 5. Eleme Turu Kura \u00e7ekimi [&hellip;]<\/p>\n","protected":false},"author":1,"featured_media":19824,"comment_status":"closed","ping_status":"closed","sticky":false,"template":"","format":"standard","meta":{"jnews-multi-image_gallery":[],"jnews_single_post":{"subtitle":"Fenerbah\u00e7em,\u00a0Ziraat T\u00fcrkiye Kupas\u0131 5. Eleme Turu\u2019ndaki Adanaspor ile e\u015fle\u015fti.","format":"standard","video":"","gallery":"","source_name":"","source_url":"","via_name":"","via_url":"","override_template":"0","override":[{"template":"1","single_blog_custom":"","parallax":"1","fullscreen":"1","layout":"right-sidebar","sidebar":"mysidebar","second_sidebar":"default-sidebar","sticky_sidebar":"1","share_position":"float","share_float_style":"share-normal","show_share_counter":"1","show_view_counter":"1","show_featured":"1","show_post_meta":"1","show_post_author":"0","show_post_author_image":"1","show_post_date":"1","post_date_format":"default","post_date_format_custom":"Y\/m\/d","show_post_category":"0","show_post_reading_time":"0","post_reading_time_wpm":"300","show_zoom_button":"0","zoom_button_out_step":"2","zoom_button_in_step":"3","show_post_tag":"0","show_prev_next_post":"1","show_popup_post":"0","number_popup_post":"3","show_author_box":"0","show_post_related":"0","show_inline_post_related":"0"}],"override_image_size":"0","image_override":[{"single_post_thumbnail_size":"crop-500","single_post_gallery_size":"crop-500"}],"trending_post":"0","trending_post_position":"meta","trending_post_label":"Trending","sponsored_post":"0","sponsored_post_label":"Sponsored by","sponsored_post_name":"","sponsored_post_url":"","sponsored_post_logo_enable":"0","sponsored_post_logo":"","sponsored_post_desc":"","disable_ad":"0"},"jnews_primary_category":{"id":"","hide":""},"jnews_social_meta":{"fb_title":"","fb_description":"","fb_image":"","twitter_title":"","twitter_description":"","twitter_image":""},"jnews_override_counter":{"override_view_counter":"0","view_counter_number":"0","override_share_counter":"0","share_counter_number":"0","override_like_counter":"0","like_counter_number":"0","override_dislike_counter":"0","dislike_counter_number":"0"},"footnotes":""},"categories":[4,2,47],"tags":[23,54],"class_list":["post-22575","post","type-post","status-publish","format-standard","has-post-thumbnail","hentry","category-futbol","category-haberler","category-profesyonel-a-futbol-takimi","tag-fenerbahce","tag-futbol"],"amp_enabled":true,"_links":{"self":[{"href":"https:\/\/www.fener.org\/index.php\/wp-json\/wp\/v2\/posts\/22575","targetHints":{"allow":["GET"]}}],"collection":[{"href":"https:\/\/www.fener.org\/index.php\/wp-json\/wp\/v2\/posts"}],"about":[{"href":"https:\/\/www.fener.org\/index.php\/wp-json\/wp\/v2\/types\/post"}],"author":[{"embeddable":true,"href":"https:\/\/www.fener.org\/index.php\/wp-json\/wp\/v2\/users\/1"}],"replies":[{"embeddable":true,"href":"https:\/\/www.fener.org\/index.php\/wp-json\/wp\/v2\/comments?post=22575"}],"version-history":[{"count":1,"href":"https:\/\/www.fener.org\/index.php\/wp-json\/wp\/v2\/posts\/22575\/revisions"}],"predecessor-version":[{"id":22576,"href":"https:\/\/www.fener.org\/index.php\/wp-json\/wp\/v2\/posts\/22575\/revisions\/22576"}],"wp:featuredmedia":[{"embeddable":true,"href":"https:\/\/www.fener.org\/index.php\/wp-json\/wp\/v2\/media\/19824"}],"wp:attachment":[{"href":"https:\/\/www.fener.org\/index.php\/wp-json\/wp\/v2\/media?parent=22575"}],"wp:term":[{"taxonomy":"category","embeddable":true,"href":"https:\/\/www.fener.org\/index.php\/wp-json\/wp\/v2\/categories?post=22575"},{"taxonomy":"post_tag","embeddable":true,"href":"https:\/\/www.fener.org\/index.php\/wp-json\/wp\/v2\/tags?post=22575"}],"curies":[{"name":"wp","href":"https:\/\/api.w.org\/{rel}","templated":true}]}}