{"id":22548,"date":"2023-12-04T23:22:00","date_gmt":"2023-12-04T20:22:00","guid":{"rendered":"https:\/\/www.fener.org\/?p=22548"},"modified":"2023-12-04T23:20:31","modified_gmt":"2023-12-04T20:20:31","slug":"ismail-kartal-kazandigimiz-icin-mutluyum-2","status":"publish","type":"post","link":"https:\/\/www.fener.org\/index.php\/2023\/12\/04\/ismail-kartal-kazandigimiz-icin-mutluyum-2\/","title":{"rendered":"\u0130smail Kartal: Kazand\u0131\u011f\u0131m\u0131z i\u00e7in mutluyum"},"content":{"rendered":"\n<p>Teknik Direkt\u00f6r\u00fcm\u00fcz \u0130smail Kartal, S\u00fcper Lig&#8217;in 14. hafta m\u00fccadelesinde Sivasspor kar\u015f\u0131s\u0131nda al\u0131nan 4-1&#8217;lik galibiyetin ard\u0131ndan yapt\u0131\u011f\u0131 a\u00e7\u0131klamalarda \u015funlar\u0131 s\u00f6yledi:<\/p>\n\n\n\n<blockquote class=\"wp-block-quote is-layout-flow wp-block-quote-is-layout-flow\">\n<p>\u201cPlanlad\u0131\u011f\u0131m\u0131z gibi. Sivasspor\u2019un oyun plan\u0131n\u0131 biliyorduk. \u0130kinci b\u00f6lgede kazand\u0131klar\u0131 toplarla h\u0131zl\u0131 h\u00fccum yapan, bunu da T\u00fcrkiye S\u00fcper Ligi\u2019nde en iyi yapan birka\u00e7 tak\u0131mdan biri. Bug\u00fcne kadar oynad\u0131klar\u0131 ma\u00e7larda elde ettikleri istatistiklerden bunu tespit etmi\u015ftik. Biz h\u00fccum ederken ayn\u0131 zamanda savunma g\u00fcvenli\u011fimize \u00e7ok \u00f6nem verdik. Bunu da gayet iyi bir \u015fekilde yapt\u0131k. \u0130yi ba\u015flad\u0131k, biraz d\u00fc\u015ft\u00fck. \u0130lk yar\u0131n\u0131n sonuna do\u011fru tekrar bir y\u00fckseli\u015f, ikinci yar\u0131 tekrar bir duraklama\u2026 Tekrar oyunun sonuna do\u011fru tempoyu artt\u0131rd\u0131k. Sonu\u00e7ta bug\u00fcn kazanmam\u0131z gereken ma\u00e7ta taraftarlar\u0131m\u0131zla beraber g\u00fczel bir \u015fekilde farkl\u0131 galip gelerek 3 puan\u0131 ald\u0131k. Yolumuza devam ediyoruz. \u015eimdi hafta sonu oynayaca\u011f\u0131m\u0131z Be\u015fikta\u015f ma\u00e7\u0131 i\u00e7in haz\u0131rl\u0131klar\u0131m\u0131z\u0131 s\u00fcrd\u00fcrece\u011fiz.<\/p>\n\n\n\n<p>Burada \u00f6nemli olan \u015fu var, Tamam, ma\u00e7\u0131 kazand\u0131k 4-1. Bug\u00fcn sakatl\u0131ktan d\u00f6nen Ferdi, Fred gibi oyuncular\u0131m\u0131z, bu ge\u00e7i\u015f ma\u00e7\u0131nda, -\u00f6n haz\u0131rl\u0131k ma\u00e7\u0131 diyelim onlar i\u00e7in- sakatl\u0131ktan sonraki ilk ma\u00e7lar\u0131nda g\u00fczel bir reaksiyon verdiler. \u0130n\u015fallah elde ettikleri bu \u00f6zg\u00fcvenle Be\u015fikta\u015f ma\u00e7\u0131na kadar \u00e7ok daha iyi olacaklar\u0131n\u0131 d\u00fc\u015f\u00fcn\u00fcyorum. Kazand\u0131\u011f\u0131m\u0131z i\u00e7in mutluyum. Taraftarlar\u0131m\u0131za te\u015fekk\u00fcr ediyorum.<\/p>\n\n\n\n<p>Bug\u00fcn gayet mutluyum. 4-1 kazanm\u0131\u015f\u0131z. Ba\u015ftan sona \u00fcst\u00fcn oynad\u0131\u011f\u0131m\u0131z bir ma\u00e7ta neden mutlu olmayay\u0131m? Futbolda zaman zaman geri \u00e7ekileceksiniz, zaman zaman topu rakibe vereceksiniz, zaman zaman ikinci b\u00f6lgede kar\u015f\u0131la\u015facaks\u0131n\u0131z. Biz bug\u00fcn bunu gayet iyi yapt\u0131k. Zaman zaman Sivasspor\u2019a vererek kompakt bir \u015fekilde topun kar\u015f\u0131s\u0131nda kald\u0131k. 5-1 de, 6-1 de olabilirdi.\u201d<\/p>\n<\/blockquote>\n","protected":false},"excerpt":{"rendered":"<p>Teknik Direkt\u00f6r\u00fcm\u00fcz \u0130smail Kartal, S\u00fcper Lig&#8217;in 14. hafta m\u00fccadelesinde Sivasspor kar\u015f\u0131s\u0131nda al\u0131nan 4-1&#8217;lik galibiyetin ard\u0131ndan yapt\u0131\u011f\u0131 a\u00e7\u0131klamalarda \u015funlar\u0131 s\u00f6yledi: \u201cPlanlad\u0131\u011f\u0131m\u0131z gibi. Sivasspor\u2019un oyun plan\u0131n\u0131 biliyorduk. \u0130kinci b\u00f6lgede kazand\u0131klar\u0131 toplarla h\u0131zl\u0131 h\u00fccum yapan, bunu da T\u00fcrkiye S\u00fcper Ligi\u2019nde en iyi yapan birka\u00e7 tak\u0131mdan biri. Bug\u00fcne kadar oynad\u0131klar\u0131 ma\u00e7larda elde ettikleri istatistiklerden bunu tespit etmi\u015ftik. Biz h\u00fccum [&hellip;]<\/p>\n","protected":false},"author":1,"featured_media":22549,"comment_status":"closed","ping_status":"closed","sticky":false,"template":"","format":"standard","meta":{"jnews-multi-image_gallery":[],"jnews_single_post":{"subtitle":"Teknik Direkt\u00f6r\u00fcm\u00fcz \u0130smail Kartal, Sivasspor\u2019u 4-1 ma\u011flup etti\u011fimiz kar\u015f\u0131la\u015fman\u0131n ard\u0131ndan yay\u0131nc\u0131 kurulu\u015fa a\u00e7\u0131klamalarda bulundu.","format":"standard","video":"","gallery":"","source_name":"","source_url":"","via_name":"","via_url":"","override_template":"0","override":[{"template":"1","single_blog_custom":"","parallax":"1","fullscreen":"1","layout":"right-sidebar","sidebar":"mysidebar","second_sidebar":"default-sidebar","sticky_sidebar":"1","share_position":"float","share_float_style":"share-normal","show_share_counter":"1","show_view_counter":"1","show_featured":"1","show_post_meta":"1","show_post_author":"0","show_post_author_image":"1","show_post_date":"1","post_date_format":"default","post_date_format_custom":"Y\/m\/d","show_post_category":"0","show_post_reading_time":"0","post_reading_time_wpm":"300","show_zoom_button":"0","zoom_button_out_step":"2","zoom_button_in_step":"3","show_post_tag":"0","show_prev_next_post":"1","show_popup_post":"0","number_popup_post":"3","show_author_box":"0","show_post_related":"0","show_inline_post_related":"0"}],"override_image_size":"0","image_override":[{"single_post_thumbnail_size":"crop-500","single_post_gallery_size":"crop-500"}],"trending_post":"0","trending_post_position":"meta","trending_post_label":"Trending","sponsored_post":"0","sponsored_post_label":"Sponsored by","sponsored_post_name":"","sponsored_post_url":"","sponsored_post_logo_enable":"0","sponsored_post_logo":"","sponsored_post_desc":"","disable_ad":"0"},"jnews_primary_category":{"id":"4","hide":""},"jnews_social_meta":{"fb_title":"","fb_description":"","fb_image":"","twitter_title":"","twitter_description":"","twitter_image":""},"jnews_override_counter":{"override_view_counter":"0","view_counter_number":"0","override_share_counter":"0","share_counter_number":"0","override_like_counter":"0","like_counter_number":"0","override_dislike_counter":"0","dislike_counter_number":"0"},"footnotes":""},"categories":[4,2,47],"tags":[23,54],"class_list":["post-22548","post","type-post","status-publish","format-standard","has-post-thumbnail","hentry","category-futbol","category-haberler","category-profesyonel-a-futbol-takimi","tag-fenerbahce","tag-futbol"],"amp_enabled":true,"_links":{"self":[{"href":"https:\/\/www.fener.org\/index.php\/wp-json\/wp\/v2\/posts\/22548","targetHints":{"allow":["GET"]}}],"collection":[{"href":"https:\/\/www.fener.org\/index.php\/wp-json\/wp\/v2\/posts"}],"about":[{"href":"https:\/\/www.fener.org\/index.php\/wp-json\/wp\/v2\/types\/post"}],"author":[{"embeddable":true,"href":"https:\/\/www.fener.org\/index.php\/wp-json\/wp\/v2\/users\/1"}],"replies":[{"embeddable":true,"href":"https:\/\/www.fener.org\/index.php\/wp-json\/wp\/v2\/comments?post=22548"}],"version-history":[{"count":1,"href":"https:\/\/www.fener.org\/index.php\/wp-json\/wp\/v2\/posts\/22548\/revisions"}],"predecessor-version":[{"id":22550,"href":"https:\/\/www.fener.org\/index.php\/wp-json\/wp\/v2\/posts\/22548\/revisions\/22550"}],"wp:featuredmedia":[{"embeddable":true,"href":"https:\/\/www.fener.org\/index.php\/wp-json\/wp\/v2\/media\/22549"}],"wp:attachment":[{"href":"https:\/\/www.fener.org\/index.php\/wp-json\/wp\/v2\/media?parent=22548"}],"wp:term":[{"taxonomy":"category","embeddable":true,"href":"https:\/\/www.fener.org\/index.php\/wp-json\/wp\/v2\/categories?post=22548"},{"taxonomy":"post_tag","embeddable":true,"href":"https:\/\/www.fener.org\/index.php\/wp-json\/wp\/v2\/tags?post=22548"}],"curies":[{"name":"wp","href":"https:\/\/api.w.org\/{rel}","templated":true}]}}