{"id":22540,"date":"2023-12-03T21:29:00","date_gmt":"2023-12-03T18:29:00","guid":{"rendered":"https:\/\/www.fener.org\/?p=22540"},"modified":"2023-12-03T21:26:26","modified_gmt":"2023-12-03T18:26:26","slug":"fenerbahce-sivassporu-konuk-ediyor-6","status":"publish","type":"post","link":"https:\/\/www.fener.org\/index.php\/2023\/12\/03\/fenerbahce-sivassporu-konuk-ediyor-6\/","title":{"rendered":"Fenerbah\u00e7e, Sivasspor\u2019u konuk ediyor"},"content":{"rendered":"\n<p>Fenerbah\u00e7emiz, Trendyol S\u00fcper Lig&#8217;in 14. hafta m\u00fccadelesinde EMS Yap\u0131 Sivasspor\u2019u a\u011f\u0131rl\u0131yor. 4 Aral\u0131k Pazartesi g\u00fcn\u00fc \u00dclker Stadyumu Fenerbah\u00e7e \u015e\u00fckr\u00fc Saraco\u011flu Spor Kompleksi&#8217;nde oynanacak ma\u00e7 saat 20.00\u2019da ba\u015flayacak. M\u00fccadelede Bahattin \u015eim\u015fek d\u00fcd\u00fck \u00e7alacak.<br>\u00a0<br>Geride kalan 13 ma\u00e7ta 11 galibiyet, 1\u2019er beraberlik ve ma\u011flubiyetle 34 puan toplayan Fenerbah\u00e7emiz, ma\u00e7 eksi\u011fiyle ikinci s\u0131rada bulunuyor. Tak\u0131m\u0131m\u0131z, ligde \u00e7\u0131kt\u0131\u011f\u0131 ma\u00e7larda 33 gol at\u0131p, 9 gol yedi. 15 puana sahip rakip EMS Yap\u0131 Sivasspor ise haftaya 13. s\u0131rada girdi.<br>\u00a0<br>Ma\u00e7\u0131 hakem Bahattin \u015eim\u015fek y\u00f6netecek. \u015eim\u015fek\u2019in yard\u0131mc\u0131l\u0131klar\u0131n\u0131 Esat Sancaktar ve Mehmet K\u0131sal yapacak. M\u00fccadelenin 4. hakemi ise Turgut Doman.<br>\u00a0<br>Ge\u00e7ti\u011fimiz sezon ligde oynanan iki m\u00fccadelede de Fenerbah\u00e7emiz sahadan galibiyetle ayr\u0131ld\u0131. \u0130lk yar\u0131 konuk etti\u011fi Sivas ekibini 1-0 ma\u011flup eden Tak\u0131m\u0131m\u0131z, deplasmanda oynanan ma\u00e7\u0131 ise 3-1 kazanm\u0131\u015ft\u0131. Ziraat T\u00fcrkiye Kupas\u0131 Yar\u0131 Finali\u2019nde de e\u015fle\u015fen iki tak\u0131m aras\u0131nda g\u00fclen taraf 0-0 ve 3-0\u2019l\u0131k skorlarla Futbol A Tak\u0131m\u0131m\u0131z oldu.<\/p>\n","protected":false},"excerpt":{"rendered":"<p>Fenerbah\u00e7emiz, Trendyol S\u00fcper Lig&#8217;in 14. hafta m\u00fccadelesinde EMS Yap\u0131 Sivasspor\u2019u a\u011f\u0131rl\u0131yor. 4 Aral\u0131k Pazartesi g\u00fcn\u00fc \u00dclker Stadyumu Fenerbah\u00e7e \u015e\u00fckr\u00fc Saraco\u011flu Spor Kompleksi&#8217;nde oynanacak ma\u00e7 saat 20.00\u2019da ba\u015flayacak. M\u00fccadelede Bahattin \u015eim\u015fek d\u00fcd\u00fck \u00e7alacak.\u00a0Geride kalan 13 ma\u00e7ta 11 galibiyet, 1\u2019er beraberlik ve ma\u011flubiyetle 34 puan toplayan Fenerbah\u00e7emiz, ma\u00e7 eksi\u011fiyle ikinci s\u0131rada bulunuyor. Tak\u0131m\u0131m\u0131z, ligde \u00e7\u0131kt\u0131\u011f\u0131 ma\u00e7larda 33 [&hellip;]<\/p>\n","protected":false},"author":1,"featured_media":21695,"comment_status":"closed","ping_status":"closed","sticky":false,"template":"","format":"standard","meta":{"jnews-multi-image_gallery":[],"jnews_single_post":{"subtitle":"Fenerbah\u00e7e, S\u00fcper Lig'in 14. hafta m\u00fccadelesinde sahas\u0131nda Sivasspor ile kar\u015f\u0131la\u015f\u0131yor.","format":"standard","video":"","gallery":"","source_name":"","source_url":"","via_name":"","via_url":"","override_template":"0","override":[{"template":"1","single_blog_custom":"","parallax":"1","fullscreen":"1","layout":"right-sidebar","sidebar":"mysidebar","second_sidebar":"default-sidebar","sticky_sidebar":"1","share_position":"float","share_float_style":"share-normal","show_share_counter":"1","show_view_counter":"1","show_featured":"1","show_post_meta":"1","show_post_author":"0","show_post_author_image":"1","show_post_date":"1","post_date_format":"default","post_date_format_custom":"Y\/m\/d","show_post_category":"0","show_post_reading_time":"0","post_reading_time_wpm":"300","show_zoom_button":"0","zoom_button_out_step":"2","zoom_button_in_step":"3","show_post_tag":"0","show_prev_next_post":"1","show_popup_post":"0","number_popup_post":"3","show_author_box":"0","show_post_related":"0","show_inline_post_related":"0"}],"override_image_size":"0","image_override":[{"single_post_thumbnail_size":"crop-500","single_post_gallery_size":"crop-500"}],"trending_post":"0","trending_post_position":"meta","trending_post_label":"Trending","sponsored_post":"0","sponsored_post_label":"Sponsored by","sponsored_post_name":"","sponsored_post_url":"","sponsored_post_logo_enable":"0","sponsored_post_logo":"","sponsored_post_desc":"","disable_ad":"0"},"jnews_primary_category":{"id":"4","hide":""},"jnews_social_meta":{"fb_title":"","fb_description":"","fb_image":"","twitter_title":"","twitter_description":"","twitter_image":""},"jnews_override_counter":{"override_view_counter":"0","view_counter_number":"0","override_share_counter":"0","share_counter_number":"0","override_like_counter":"0","like_counter_number":"0","override_dislike_counter":"0","dislike_counter_number":"0"},"footnotes":""},"categories":[4,2,47],"tags":[23,54],"class_list":["post-22540","post","type-post","status-publish","format-standard","has-post-thumbnail","hentry","category-futbol","category-haberler","category-profesyonel-a-futbol-takimi","tag-fenerbahce","tag-futbol"],"amp_enabled":true,"_links":{"self":[{"href":"https:\/\/www.fener.org\/index.php\/wp-json\/wp\/v2\/posts\/22540","targetHints":{"allow":["GET"]}}],"collection":[{"href":"https:\/\/www.fener.org\/index.php\/wp-json\/wp\/v2\/posts"}],"about":[{"href":"https:\/\/www.fener.org\/index.php\/wp-json\/wp\/v2\/types\/post"}],"author":[{"embeddable":true,"href":"https:\/\/www.fener.org\/index.php\/wp-json\/wp\/v2\/users\/1"}],"replies":[{"embeddable":true,"href":"https:\/\/www.fener.org\/index.php\/wp-json\/wp\/v2\/comments?post=22540"}],"version-history":[{"count":1,"href":"https:\/\/www.fener.org\/index.php\/wp-json\/wp\/v2\/posts\/22540\/revisions"}],"predecessor-version":[{"id":22541,"href":"https:\/\/www.fener.org\/index.php\/wp-json\/wp\/v2\/posts\/22540\/revisions\/22541"}],"wp:featuredmedia":[{"embeddable":true,"href":"https:\/\/www.fener.org\/index.php\/wp-json\/wp\/v2\/media\/21695"}],"wp:attachment":[{"href":"https:\/\/www.fener.org\/index.php\/wp-json\/wp\/v2\/media?parent=22540"}],"wp:term":[{"taxonomy":"category","embeddable":true,"href":"https:\/\/www.fener.org\/index.php\/wp-json\/wp\/v2\/categories?post=22540"},{"taxonomy":"post_tag","embeddable":true,"href":"https:\/\/www.fener.org\/index.php\/wp-json\/wp\/v2\/tags?post=22540"}],"curies":[{"name":"wp","href":"https:\/\/api.w.org\/{rel}","templated":true}]}}