{"id":22446,"date":"2023-11-26T22:14:00","date_gmt":"2023-11-26T19:14:00","guid":{"rendered":"https:\/\/www.fener.org\/?p=22446"},"modified":"2023-11-26T22:17:47","modified_gmt":"2023-11-26T19:17:47","slug":"ismail-kartal-kazanmamiz-cok-cok-onemliydi","status":"publish","type":"post","link":"https:\/\/www.fener.org\/index.php\/2023\/11\/26\/ismail-kartal-kazanmamiz-cok-cok-onemliydi\/","title":{"rendered":"\u0130smail Kartal: Kazanmam\u0131z \u00e7ok \u00e7ok \u00f6nemliydi"},"content":{"rendered":"\n<p>Teknik Direkt\u00f6r\u00fcm\u00fcz \u0130smail Kartal, Fatih Karag\u00fcmr\u00fck m\u00fccadelesinin ard\u0131ndan yapt\u0131\u011f\u0131 a\u00e7\u0131klamada \u015funlar\u0131 s\u00f6yledi:<\/p>\n\n\n\n<blockquote class=\"wp-block-quote is-layout-flow wp-block-quote-is-layout-flow\">\n<p>\u201cBu ma\u00e7\u0131n zor ge\u00e7ece\u011fini biliyorduk. Son haftalarda \u00e7\u0131k\u0131\u015fta olan bir Karag\u00fcmr\u00fck tak\u0131m\u0131 vard\u0131. Sonu\u00e7ta bakt\u0131\u011f\u0131n\u0131z zaman S\u00fcper Lig\u2019de milli tak\u0131mlara en \u00e7ok oyuncu veren Fenerbah\u00e7e. Milli tak\u0131mlara 13 oyuncu veriyoruz. Ve milli tak\u0131mlar\u0131ndaki oyuncular\u0131m 3 g\u00fcnde, 4 g\u00fcnde bir ma\u00e7 oynuyorlar. Bu kolay bir i\u015f de\u011fil. Bir de \u00f6b\u00fcr taraf\u0131ndan bakal\u0131m; ben hi\u00e7bir zaman sakatl\u0131klara, eksiklere s\u0131\u011f\u0131nan bir antren\u00f6r de\u011filim demi\u015ftim ama maalesef bug\u00fcn de \u00f6nemli eksiklerimizle ma\u00e7a \u00e7\u0131kt\u0131k. O eksiklerin yerinde oynayan oyuncular\u0131m da ellerinden gelenin en iyisini yapt\u0131lar. Bug\u00fcnk\u00fc ma\u00e7\u0131 kazanmam\u0131z \u00e7ok \u00e7ok \u00f6nemliydi.<\/p>\n\n\n\n<p>Bir de oyuncular\u0131m 1-0 geriden gelip ikinci yar\u0131da ma\u00e7a bir karakter koydular. Devre aras\u0131 soyunma odas\u0131nda, daha \u00f6nce geriden gelip ma\u00e7lar\u0131 \u00e7evirmesini bildik diye oyuncular\u0131mla konu\u015fmu\u015ftum. Sadece i\u015fimizi yapmam\u0131z gerekti\u011finiz, oyuna a\u011f\u0131rl\u0131\u011f\u0131m\u0131z\u0131 koyarak ma\u00e7\u0131 kazanabilece\u011fimizi hep beraber konu\u015ftuk. Onlar da ikinci yar\u0131ya gayet iyi ba\u015flad\u0131lar. Planlad\u0131\u011f\u0131m\u0131z gibi elimizdeki oyuncular da ellerinden gelenin en iyisini yapt\u0131lar. Onlar\u0131 tebrik ediyorum. Ma\u00e7 ba\u015f\u0131ndan sonuna kadar oyuncular\u0131m\u0131 destekleyen taraftarlar\u0131m\u0131za da te\u015fekk\u00fcr ediyorum.<\/p>\n\n\n\n<p>\u015eu anda %100 herhangi bir (oyuncu) aray\u0131\u015f\u0131m\u0131z yok. Zaten sakat oyuncular\u0131m\u0131z da yava\u015f yava\u015f tak\u0131ma gelmeye ba\u015flad\u0131lar. Zaman i\u00e7erisinde Ba\u015fkan\u0131m\u0131z ve Y\u00f6neticilerimizle konu\u015farak, eksik yerlerimize devre aras\u0131nda tabii ki takviyeler olabilir. Ama \u015fu an \u00f6nceli\u011fimiz, 4 g\u00fcn sonra oynayaca\u011f\u0131m\u0131z Nordsjaelland ma\u00e7\u0131na elimdeki oyuncular\u0131 en iyi \u015fekilde haz\u0131rlayarak oradan en iyi sonu\u00e7la gelmek.\u201d<\/p>\n<\/blockquote>\n","protected":false},"excerpt":{"rendered":"<p>Teknik Direkt\u00f6r\u00fcm\u00fcz \u0130smail Kartal, Fatih Karag\u00fcmr\u00fck m\u00fccadelesinin ard\u0131ndan yapt\u0131\u011f\u0131 a\u00e7\u0131klamada \u015funlar\u0131 s\u00f6yledi: \u201cBu ma\u00e7\u0131n zor ge\u00e7ece\u011fini biliyorduk. Son haftalarda \u00e7\u0131k\u0131\u015fta olan bir Karag\u00fcmr\u00fck tak\u0131m\u0131 vard\u0131. Sonu\u00e7ta bakt\u0131\u011f\u0131n\u0131z zaman S\u00fcper Lig\u2019de milli tak\u0131mlara en \u00e7ok oyuncu veren Fenerbah\u00e7e. Milli tak\u0131mlara 13 oyuncu veriyoruz. Ve milli tak\u0131mlar\u0131ndaki oyuncular\u0131m 3 g\u00fcnde, 4 g\u00fcnde bir ma\u00e7 oynuyorlar. Bu kolay [&hellip;]<\/p>\n","protected":false},"author":1,"featured_media":22447,"comment_status":"closed","ping_status":"closed","sticky":false,"template":"","format":"standard","meta":{"jnews-multi-image_gallery":[],"jnews_single_post":{"subtitle":"Teknik Direkt\u00f6r\u00fcm\u00fcz \u0130smail Kartal, S\u00fcper Lig'de 13. hafta ma\u00e7\u0131nda Fatih Karag\u00fcmr\u00fck kar\u015f\u0131s\u0131nda al\u0131nan 2-1'lik galibiyetin ard\u0131ndan de\u011ferlendirmelerde bulundu.","format":"standard","video":"","gallery":"","source_name":"","source_url":"","via_name":"","via_url":"","override_template":"0","override":[{"template":"1","single_blog_custom":"","parallax":"1","fullscreen":"1","layout":"right-sidebar","sidebar":"mysidebar","second_sidebar":"default-sidebar","sticky_sidebar":"1","share_position":"float","share_float_style":"share-normal","show_share_counter":"1","show_view_counter":"1","show_featured":"1","show_post_meta":"1","show_post_author":"0","show_post_author_image":"1","show_post_date":"1","post_date_format":"default","post_date_format_custom":"Y\/m\/d","show_post_category":"0","show_post_reading_time":"0","post_reading_time_wpm":"300","show_zoom_button":"0","zoom_button_out_step":"2","zoom_button_in_step":"3","show_post_tag":"0","show_prev_next_post":"1","show_popup_post":"0","number_popup_post":"3","show_author_box":"0","show_post_related":"0","show_inline_post_related":"0"}],"override_image_size":"0","image_override":[{"single_post_thumbnail_size":"crop-500","single_post_gallery_size":"crop-500"}],"trending_post":"0","trending_post_position":"meta","trending_post_label":"Trending","sponsored_post":"0","sponsored_post_label":"Sponsored by","sponsored_post_name":"","sponsored_post_url":"","sponsored_post_logo_enable":"0","sponsored_post_logo":"","sponsored_post_desc":"","disable_ad":"0"},"jnews_primary_category":{"id":"4","hide":""},"jnews_social_meta":{"fb_title":"","fb_description":"","fb_image":"","twitter_title":"","twitter_description":"","twitter_image":""},"jnews_override_counter":{"override_view_counter":"0","view_counter_number":"0","override_share_counter":"0","share_counter_number":"0","override_like_counter":"0","like_counter_number":"0","override_dislike_counter":"0","dislike_counter_number":"0"},"footnotes":""},"categories":[4,2,47],"tags":[23,54],"class_list":["post-22446","post","type-post","status-publish","format-standard","has-post-thumbnail","hentry","category-futbol","category-haberler","category-profesyonel-a-futbol-takimi","tag-fenerbahce","tag-futbol"],"amp_enabled":true,"_links":{"self":[{"href":"https:\/\/www.fener.org\/index.php\/wp-json\/wp\/v2\/posts\/22446","targetHints":{"allow":["GET"]}}],"collection":[{"href":"https:\/\/www.fener.org\/index.php\/wp-json\/wp\/v2\/posts"}],"about":[{"href":"https:\/\/www.fener.org\/index.php\/wp-json\/wp\/v2\/types\/post"}],"author":[{"embeddable":true,"href":"https:\/\/www.fener.org\/index.php\/wp-json\/wp\/v2\/users\/1"}],"replies":[{"embeddable":true,"href":"https:\/\/www.fener.org\/index.php\/wp-json\/wp\/v2\/comments?post=22446"}],"version-history":[{"count":5,"href":"https:\/\/www.fener.org\/index.php\/wp-json\/wp\/v2\/posts\/22446\/revisions"}],"predecessor-version":[{"id":22457,"href":"https:\/\/www.fener.org\/index.php\/wp-json\/wp\/v2\/posts\/22446\/revisions\/22457"}],"wp:featuredmedia":[{"embeddable":true,"href":"https:\/\/www.fener.org\/index.php\/wp-json\/wp\/v2\/media\/22447"}],"wp:attachment":[{"href":"https:\/\/www.fener.org\/index.php\/wp-json\/wp\/v2\/media?parent=22446"}],"wp:term":[{"taxonomy":"category","embeddable":true,"href":"https:\/\/www.fener.org\/index.php\/wp-json\/wp\/v2\/categories?post=22446"},{"taxonomy":"post_tag","embeddable":true,"href":"https:\/\/www.fener.org\/index.php\/wp-json\/wp\/v2\/tags?post=22446"}],"curies":[{"name":"wp","href":"https:\/\/api.w.org\/{rel}","templated":true}]}}