{"id":22443,"date":"2023-11-26T21:17:00","date_gmt":"2023-11-26T18:17:00","guid":{"rendered":"https:\/\/www.fener.org\/?p=22443"},"modified":"2023-11-26T22:00:02","modified_gmt":"2023-11-26T19:00:02","slug":"fenerbahce-2-1-vavacars-fatih-karagumruk","status":"publish","type":"post","link":"https:\/\/www.fener.org\/index.php\/2023\/11\/26\/fenerbahce-2-1-vavacars-fatih-karagumruk\/","title":{"rendered":"Fenerbah\u00e7e 2-1 VavaCars Fatih Karag\u00fcmr\u00fck"},"content":{"rendered":"\n<p>Fenerbah\u00e7emiz, Trendyol S\u00fcper Lig&#8217;de 13. hafta ma\u00e7\u0131nda VavaCars Fatih Karag\u00fcmr\u00fck ile kar\u015f\u0131 kar\u015f\u0131ya geldi. \u00dclker Stadyumu Fenerbah\u00e7e \u015e\u00fckr\u00fc Saraco\u011flu Spor Kompleksi\u2019nin ev sahipli\u011fi yapt\u0131\u011f\u0131 kar\u015f\u0131la\u015fman\u0131n kazanan\u0131 Fenerbah\u00e7emiz oldu. Biri penalt\u0131dan olmak \u00fczere Dusan Tadic\u2019in kaydetti\u011fi iki golle (48 ve 58. dakikalar) m\u00fccadeleden 2-1 galip ayr\u0131lan Tak\u0131m\u0131m\u0131z puan\u0131n\u0131 34\u2019e y\u00fckselterek averajla liderli\u011fini s\u00fcrd\u00fcrd\u00fc.<\/p>\n\n\n\n<p>Tak\u0131m\u0131m\u0131z seremoniye \u201824 Kas\u0131m \u00d6\u011fretmenler G\u00fcn\u00fc Kutlu Olsun\u2019 pankart\u0131yla \u00e7\u0131karken; 25 Kas\u0131m Kad\u0131na Y\u00f6nelik \u015eiddete Kar\u015f\u0131 Uluslararas\u0131 M\u00fccadele G\u00fcn\u00fc nedeniyle saha kenar\u0131ndaki ledlerde ise \u2018Kad\u0131na Y\u00f6nelik \u015eiddetin #bahanesiyok\u2019 ifadeleri yer ald\u0131.<\/p>\n\n\n<p><strong>Ma\u00e7tan dakikalar:<\/strong><br \/>\u00a0<br \/>13.dakikada Topu orta alanda kapan Fenerbah\u00e7emizde \u0130rfan Can Kahveci, sol \u00e7apradaki Sebastian Szymanski&#8217;yi g\u00f6rd\u00fc. Topu sa\u011f\u0131na \u00e7eken Szymanski, sa\u011f aya\u011f\u0131yla vuru\u015funu yapt\u0131. Top, yandan auta gitti.<br \/>\u00a0<br \/>25.dakikada Jayden Oosterwolde&#8217;nin uzun pas\u0131n\u0131 Edin Dzeko g\u00f6\u011fs\u00fcyle ceza yay\u0131ndaki Szymanski&#8217;ye indirdi. Szymanski&#8217;nin sol aya\u011f\u0131yla yapt\u0131\u011f\u0131 vuru\u015f \u00fcstten auta gitti.<br \/>\u00a0<br \/>36.dakikada Ceza yay\u0131 \u00fczerinden kazan\u0131lan serbest vuru\u015fta topun ba\u015f\u0131na ge\u00e7en Sebastian Szymanski, sert vurdu. Top, \u00fcst direkten geri geldi.<br \/>\u00a0<br \/>39.dakikada VavaCars Fatih Karag\u00fcmr\u00fck, \u00f6ne ge\u00e7ti. G\u00fcven Yal\u00e7\u0131n&#8217;\u0131n topla birlikte ceza yay\u0131na kadar s\u00fcr\u00fckledi\u011fi atakta Mendes, sol kanattan gelen Can Kele\u015f&#8217;in \u00f6n\u00fcne b\u0131rakt\u0131. Kaleciyle kar\u015f\u0131 kar\u015f\u0131ya kalan Can, Dominik Livakovic&#8217;i ge\u00e7tikten sonra dar a\u00e7\u0131dan topu kaleye g\u00f6nderdi ve top a\u011flarla bulu\u015ftu.<br \/>\u00a0<br \/>47. dakikada Fenerbah\u00e7emiz penalt\u0131 kazand\u0131. Crespo&#8217;nun soldan ceza sahas\u0131na g\u00f6nderdi\u011fi ortaya y\u00fckselen \u0130rfan Can Kahveci&#8217;ye Dituro&#8217;nun m\u00fcdahalesi sonras\u0131nda hakem Arka Karde\u015fler penalt\u0131 noktas\u0131n\u0131 g\u00f6sterdi.<br \/>\u00a0<br \/>48. dakikada kazan\u0131lan penalt\u0131 at\u0131\u015f\u0131nda topun ba\u015f\u0131na Tadic ge\u00e7ti. S\u0131rp futbolcu k\u00f6\u015feye sert bir vuru\u015fla skora e\u015fitlik getirdi: 1-1.<br \/>\u00a0<br \/>49. dakikada Fatih Karag\u00fcmr\u00fck ata\u011f\u0131nda sa\u011f tarafta topla bulu\u015fan Eysseric, ceza sahas\u0131 i\u00e7indeki G\u00fcven Yal\u00e7\u0131n&#8217;a pas\u0131n\u0131 aktard\u0131. Bu futbolcunun penalt\u0131 noktas\u0131 \u00fczerinden sert \u015futunda kaleci Livakovic uzanarak gole engel oldu.<br \/>\u00a0<br \/>58. dakikada Fenerbah\u00e7emiz \u00f6ne ge\u00e7ti. Orta sahada topu kapan \u0130rfan Can Kahveci ceza sahas\u0131 \u00f6n\u00fcne gelip sa\u011fdan ata\u011fa kat\u0131lan Szymanski&#8217;yi topla bulu\u015fturdu. Son \u00e7izgiye inen bu futbolcunun kale sahas\u0131na g\u00f6nderdi\u011fi ortada Tadic topu bo\u015f kaleye g\u00f6nderdi: 2-1.<br \/><br \/>Kar\u015f\u0131la\u015fmada ba\u015fka gol olmad\u0131 ve m\u00fccadele 2-1 Fenerbah\u00e7emizin \u00fcst\u00fcnl\u00fc\u011f\u00fcyle sona erdi.<\/p>","protected":false},"excerpt":{"rendered":"<p>Fenerbah\u00e7emiz, Trendyol S\u00fcper Lig&#8217;de 13. hafta ma\u00e7\u0131nda VavaCars Fatih Karag\u00fcmr\u00fck ile kar\u015f\u0131 kar\u015f\u0131ya geldi. \u00dclker Stadyumu Fenerbah\u00e7e \u015e\u00fckr\u00fc Saraco\u011flu Spor Kompleksi\u2019nin ev sahipli\u011fi yapt\u0131\u011f\u0131 kar\u015f\u0131la\u015fman\u0131n kazanan\u0131 Fenerbah\u00e7emiz oldu. Biri penalt\u0131dan olmak \u00fczere Dusan Tadic\u2019in kaydetti\u011fi iki golle (48 ve 58. dakikalar) m\u00fccadeleden 2-1 galip ayr\u0131lan Tak\u0131m\u0131m\u0131z puan\u0131n\u0131 34\u2019e y\u00fckselterek averajla liderli\u011fini s\u00fcrd\u00fcrd\u00fc. Tak\u0131m\u0131m\u0131z seremoniye \u201824 [&hellip;]<\/p>\n","protected":false},"author":1,"featured_media":22444,"comment_status":"closed","ping_status":"closed","sticky":false,"template":"","format":"standard","meta":{"jnews-multi-image_gallery":[],"jnews_single_post":{"subtitle":"Fenerbah\u00e7e, S\u00fcper Lig'de 13. hafta ma\u00e7\u0131nda Fatih Karag\u00fcmr\u00fck'\u00fc konuk etti\u011fi m\u00fccadeleden 2-1 \u00fcst\u00fcnl\u00fckle ayr\u0131ld\u0131 ve liderli\u011fini korudu.","format":"standard","video":"","gallery":"","source_name":"","source_url":"","via_name":"","via_url":"","override_template":"0","override":[{"template":"1","single_blog_custom":"","parallax":"1","fullscreen":"1","layout":"right-sidebar","sidebar":"mysidebar","second_sidebar":"default-sidebar","sticky_sidebar":"1","share_position":"float","share_float_style":"share-normal","show_share_counter":"1","show_view_counter":"1","show_featured":"1","show_post_meta":"1","show_post_author":"0","show_post_author_image":"1","show_post_date":"1","post_date_format":"default","post_date_format_custom":"Y\/m\/d","show_post_category":"0","show_post_reading_time":"0","post_reading_time_wpm":"300","show_zoom_button":"0","zoom_button_out_step":"2","zoom_button_in_step":"3","show_post_tag":"0","show_prev_next_post":"1","show_popup_post":"0","number_popup_post":"3","show_author_box":"0","show_post_related":"0","show_inline_post_related":"0"}],"override_image_size":"0","image_override":[{"single_post_thumbnail_size":"crop-500","single_post_gallery_size":"crop-500"}],"trending_post":"0","trending_post_position":"meta","trending_post_label":"Trending","sponsored_post":"0","sponsored_post_label":"Sponsored by","sponsored_post_name":"","sponsored_post_url":"","sponsored_post_logo_enable":"0","sponsored_post_logo":"","sponsored_post_desc":"","disable_ad":"0"},"jnews_primary_category":{"id":"4","hide":""},"jnews_social_meta":{"fb_title":"","fb_description":"","fb_image":"","twitter_title":"","twitter_description":"","twitter_image":""},"jnews_override_counter":{"override_view_counter":"0","view_counter_number":"0","override_share_counter":"0","share_counter_number":"0","override_like_counter":"0","like_counter_number":"0","override_dislike_counter":"0","dislike_counter_number":"0"},"footnotes":""},"categories":[4,2,47],"tags":[23,54],"class_list":["post-22443","post","type-post","status-publish","format-standard","has-post-thumbnail","hentry","category-futbol","category-haberler","category-profesyonel-a-futbol-takimi","tag-fenerbahce","tag-futbol"],"amp_enabled":true,"_links":{"self":[{"href":"https:\/\/www.fener.org\/index.php\/wp-json\/wp\/v2\/posts\/22443","targetHints":{"allow":["GET"]}}],"collection":[{"href":"https:\/\/www.fener.org\/index.php\/wp-json\/wp\/v2\/posts"}],"about":[{"href":"https:\/\/www.fener.org\/index.php\/wp-json\/wp\/v2\/types\/post"}],"author":[{"embeddable":true,"href":"https:\/\/www.fener.org\/index.php\/wp-json\/wp\/v2\/users\/1"}],"replies":[{"embeddable":true,"href":"https:\/\/www.fener.org\/index.php\/wp-json\/wp\/v2\/comments?post=22443"}],"version-history":[{"count":2,"href":"https:\/\/www.fener.org\/index.php\/wp-json\/wp\/v2\/posts\/22443\/revisions"}],"predecessor-version":[{"id":22450,"href":"https:\/\/www.fener.org\/index.php\/wp-json\/wp\/v2\/posts\/22443\/revisions\/22450"}],"wp:featuredmedia":[{"embeddable":true,"href":"https:\/\/www.fener.org\/index.php\/wp-json\/wp\/v2\/media\/22444"}],"wp:attachment":[{"href":"https:\/\/www.fener.org\/index.php\/wp-json\/wp\/v2\/media?parent=22443"}],"wp:term":[{"taxonomy":"category","embeddable":true,"href":"https:\/\/www.fener.org\/index.php\/wp-json\/wp\/v2\/categories?post=22443"},{"taxonomy":"post_tag","embeddable":true,"href":"https:\/\/www.fener.org\/index.php\/wp-json\/wp\/v2\/tags?post=22443"}],"curies":[{"name":"wp","href":"https:\/\/api.w.org\/{rel}","templated":true}]}}