{"id":22422,"date":"2023-11-25T21:59:00","date_gmt":"2023-11-25T18:59:00","guid":{"rendered":"https:\/\/www.fener.org\/?p=22422"},"modified":"2023-11-25T21:57:53","modified_gmt":"2023-11-25T18:57:53","slug":"fenerbahcenin-konugu-fatih-karagumruk","status":"publish","type":"post","link":"https:\/\/www.fener.org\/index.php\/2023\/11\/25\/fenerbahcenin-konugu-fatih-karagumruk\/","title":{"rendered":"Fenerbah\u00e7e&#8217;nin konu\u011fu Fatih Karag\u00fcmr\u00fck"},"content":{"rendered":"\n<p>Fenerbah\u00e7emiz, Trendol S\u00fcper Lig&#8217;in 13. hafta m\u00fccadelesinde VavaCars Fatih Karag\u00fcmr\u00fck\u2019\u00fc a\u011f\u0131rl\u0131yor. 26 Kas\u0131m Pazar g\u00fcn\u00fc \u00dclker Stadyumu Fenerbah\u00e7e \u015e\u00fckr\u00fc Saraco\u011flu Spor Kompleksi&#8217;nde oynanacak ma\u00e7 saat 19.00\u2019da ba\u015flayacak. M\u00fccadeleyi Arda Karde\u015fler y\u00f6netecek.<br>\u00a0<br>Geride kalan 12 ma\u00e7ta 10 galibiyet, 1\u2019er beraberlik ve ma\u011flubiyetle 31 puan toplayan Fenerbah\u00e7emiz, averaj \u00fcst\u00fcnl\u00fc\u011f\u00fcyle liderlik koltu\u011funda oturuyor. Tak\u0131m\u0131m\u0131z, ligde \u00e7\u0131kt\u0131\u011f\u0131 ma\u00e7larda 31 gol at\u0131p, 8 gol yedi. 14 puana sahip rakip VavaCars Fatih Karag\u00fcmr\u00fck ise haftaya 12. s\u0131rada girdi.<br>\u00a0<br>Ma\u00e7\u0131 hakem Arda Karde\u015fler y\u00f6netecek. Karde\u015fler\u2019in yard\u0131mc\u0131l\u0131klar\u0131n\u0131 Mehmet Emin Tu\u011fral ile S\u00fcleyman \u00d6zay yapacak. M\u00fccadelenin d\u00f6rd\u00fcnc\u00fc hakemi ise Burak Kappan.<br>\u00a0<br>Fenerbah\u00e7emiz ile VavaCars Fatih Karag\u00fcmr\u00fck, S\u00fcper Lig tarihinde 15. kez kar\u015f\u0131la\u015facak. \u0130ki ekip aras\u0131nda S\u00fcper Lig&#8217;deki rekabet, 1959-1960 sezonunda Fatih Karag\u00fcmr\u00fck&#8217;\u00fcn deplasmanda ald\u0131\u011f\u0131 2-0&#8217;l\u0131k galibiyetle ba\u015flad\u0131. Bu ma\u00e7\u0131n ard\u0131ndan iki ekip, S\u00fcper Lig&#8217;de 13 kez kozlar\u0131n\u0131 payla\u015ft\u0131. Fenerbah\u00e7e, s\u00f6z konusu m\u00fcsabakalarda rakibini 9 kez ma\u011flup ederken 4 ma\u00e7 ise beraberlikle sonu\u00e7land\u0131. Sar\u0131-lacivertli ekibin 14 ma\u00e7ta att\u0131\u011f\u0131 24 gole kar\u015f\u0131l\u0131k Fatih Karag\u00fcmr\u00fck 16 kez gol sevinci ya\u015fad\u0131. Kad\u0131k\u00f6y&#8217;de oynanan 7 m\u00fcsabakan\u0131n 5&#8217;i sar\u0131-lacivertlilerin galibiyetiyle sonu\u00e7lan\u0131rken, 1 ma\u00e7 berabere tamamland\u0131, 1 kez de Fatih Karag\u00fcmr\u00fck galibiyetle ayr\u0131lan taraf oldu.<br>\u00a0<br>\u0130ki tak\u0131m, ge\u00e7en sezon Kad\u0131k\u00f6y&#8217;de oynanan ma\u00e7ta ligin en goll\u00fc 90 dakikas\u0131na imza att\u0131. 9 gol\u00fcn at\u0131ld\u0131\u011f\u0131 m\u00fcsabakadan Fenerbah\u00e7emiz, 5-4&#8217;l\u00fck galibiyetle ayr\u0131lmay\u0131 ba\u015fard\u0131.<\/p>\n","protected":false},"excerpt":{"rendered":"<p>Fenerbah\u00e7emiz, Trendol S\u00fcper Lig&#8217;in 13. hafta m\u00fccadelesinde VavaCars Fatih Karag\u00fcmr\u00fck\u2019\u00fc a\u011f\u0131rl\u0131yor. 26 Kas\u0131m Pazar g\u00fcn\u00fc \u00dclker Stadyumu Fenerbah\u00e7e \u015e\u00fckr\u00fc Saraco\u011flu Spor Kompleksi&#8217;nde oynanacak ma\u00e7 saat 19.00\u2019da ba\u015flayacak. M\u00fccadeleyi Arda Karde\u015fler y\u00f6netecek.\u00a0Geride kalan 12 ma\u00e7ta 10 galibiyet, 1\u2019er beraberlik ve ma\u011flubiyetle 31 puan toplayan Fenerbah\u00e7emiz, averaj \u00fcst\u00fcnl\u00fc\u011f\u00fcyle liderlik koltu\u011funda oturuyor. Tak\u0131m\u0131m\u0131z, ligde \u00e7\u0131kt\u0131\u011f\u0131 ma\u00e7larda 31 gol [&hellip;]<\/p>\n","protected":false},"author":1,"featured_media":22129,"comment_status":"closed","ping_status":"closed","sticky":false,"template":"","format":"standard","meta":{"jnews-multi-image_gallery":[],"jnews_single_post":{"subtitle":"Fenerbah\u00e7e, S\u00fcper Lig'in 13. hafta m\u00fccadelesinde sahas\u0131nda Fatih Karag\u00fcmr\u00fck ile kar\u015f\u0131la\u015f\u0131yor.","format":"standard","video":"","gallery":"","source_name":"","source_url":"","via_name":"","via_url":"","override_template":"0","override":[{"template":"1","single_blog_custom":"","parallax":"1","fullscreen":"1","layout":"right-sidebar","sidebar":"mysidebar","second_sidebar":"default-sidebar","sticky_sidebar":"1","share_position":"float","share_float_style":"share-normal","show_share_counter":"1","show_view_counter":"1","show_featured":"1","show_post_meta":"1","show_post_author":"0","show_post_author_image":"1","show_post_date":"1","post_date_format":"default","post_date_format_custom":"Y\/m\/d","show_post_category":"0","show_post_reading_time":"0","post_reading_time_wpm":"300","show_zoom_button":"0","zoom_button_out_step":"2","zoom_button_in_step":"3","show_post_tag":"0","show_prev_next_post":"1","show_popup_post":"0","number_popup_post":"3","show_author_box":"0","show_post_related":"0","show_inline_post_related":"0"}],"override_image_size":"0","image_override":[{"single_post_thumbnail_size":"crop-500","single_post_gallery_size":"crop-500"}],"trending_post":"0","trending_post_position":"meta","trending_post_label":"Trending","sponsored_post":"0","sponsored_post_label":"Sponsored by","sponsored_post_name":"","sponsored_post_url":"","sponsored_post_logo_enable":"0","sponsored_post_logo":"","sponsored_post_desc":"","disable_ad":"0"},"jnews_primary_category":{"id":"4","hide":""},"jnews_social_meta":{"fb_title":"","fb_description":"","fb_image":"","twitter_title":"","twitter_description":"","twitter_image":""},"jnews_override_counter":{"override_view_counter":"0","view_counter_number":"0","override_share_counter":"0","share_counter_number":"0","override_like_counter":"0","like_counter_number":"0","override_dislike_counter":"0","dislike_counter_number":"0"},"footnotes":""},"categories":[4,2,47],"tags":[23,54],"class_list":["post-22422","post","type-post","status-publish","format-standard","has-post-thumbnail","hentry","category-futbol","category-haberler","category-profesyonel-a-futbol-takimi","tag-fenerbahce","tag-futbol"],"amp_enabled":true,"_links":{"self":[{"href":"https:\/\/www.fener.org\/index.php\/wp-json\/wp\/v2\/posts\/22422","targetHints":{"allow":["GET"]}}],"collection":[{"href":"https:\/\/www.fener.org\/index.php\/wp-json\/wp\/v2\/posts"}],"about":[{"href":"https:\/\/www.fener.org\/index.php\/wp-json\/wp\/v2\/types\/post"}],"author":[{"embeddable":true,"href":"https:\/\/www.fener.org\/index.php\/wp-json\/wp\/v2\/users\/1"}],"replies":[{"embeddable":true,"href":"https:\/\/www.fener.org\/index.php\/wp-json\/wp\/v2\/comments?post=22422"}],"version-history":[{"count":1,"href":"https:\/\/www.fener.org\/index.php\/wp-json\/wp\/v2\/posts\/22422\/revisions"}],"predecessor-version":[{"id":22423,"href":"https:\/\/www.fener.org\/index.php\/wp-json\/wp\/v2\/posts\/22422\/revisions\/22423"}],"wp:featuredmedia":[{"embeddable":true,"href":"https:\/\/www.fener.org\/index.php\/wp-json\/wp\/v2\/media\/22129"}],"wp:attachment":[{"href":"https:\/\/www.fener.org\/index.php\/wp-json\/wp\/v2\/media?parent=22422"}],"wp:term":[{"taxonomy":"category","embeddable":true,"href":"https:\/\/www.fener.org\/index.php\/wp-json\/wp\/v2\/categories?post=22422"},{"taxonomy":"post_tag","embeddable":true,"href":"https:\/\/www.fener.org\/index.php\/wp-json\/wp\/v2\/tags?post=22422"}],"curies":[{"name":"wp","href":"https:\/\/api.w.org\/{rel}","templated":true}]}}