{"id":2241,"date":"2018-10-16T22:23:51","date_gmt":"2018-10-16T19:23:51","guid":{"rendered":"https:\/\/www.fener.org\/?p=2241"},"modified":"2018-10-16T22:23:51","modified_gmt":"2018-10-16T19:23:51","slug":"sivasspor-maci-hazirliklari-tek-antrenmanla-surdu","status":"publish","type":"post","link":"https:\/\/www.fener.org\/index.php\/2018\/10\/16\/sivasspor-maci-hazirliklari-tek-antrenmanla-surdu\/","title":{"rendered":"Sivasspor ma\u00e7\u0131 haz\u0131rl\u0131klar\u0131 tek antrenmanla s\u00fcrd\u00fc"},"content":{"rendered":"<p>Fenerbah\u00e7emiz, DG Sivasspor ile oynayaca\u011f\u0131 lig ma\u00e7\u0131n\u0131n haz\u0131rl\u0131klar\u0131n\u0131 bug\u00fcn yapt\u0131\u011f\u0131 tek antrenmanla s\u00fcrd\u00fcrd\u00fc.<\/p>\n<p>Teknik Direkt\u00f6r\u00fcm\u00fcz Phillip Cocu y\u00f6netimindeki antrenman saat 11.30\u2019da salonda yap\u0131lan core \u00e7al\u0131\u015fmas\u0131 ile ba\u015flad\u0131. Oyuncular\u0131m\u0131z daha sonra \u00e7abukluk ve pas \u00e7al\u0131\u015fmalar\u0131 ile devam etti. Dar alanda yap\u0131lan h\u00fccum-defans organizasyonlar\u0131n\u0131n ard\u0131ndan antrenman, \u00e7ift kale ma\u00e7larla noktaland\u0131.<\/p>\n<p><img decoding=\"async\" src=\"https:\/\/www.fener.org\/xwebsites\/wp\/fener\/wp-content\/uploads\/2018\/10\/haber_futbol_Sivasspor-hazirliklari-devam-ediyor-salon_20181016.jpg\" alt=\"Antrenman salonda yap\u0131lan core \u00e7al\u0131\u015fmas\u0131 ile ba\u015flad\u0131\" width=\"538\" height=\"307\" class=\"alignnone size-full wp-image-2243\" srcset=\"https:\/\/www.fener.org\/xwebsites\/wp\/fener\/wp-content\/uploads\/2018\/10\/haber_futbol_Sivasspor-hazirliklari-devam-ediyor-salon_20181016.jpg 538w, https:\/\/www.fener.org\/xwebsites\/wp\/fener\/wp-content\/uploads\/2018\/10\/haber_futbol_Sivasspor-hazirliklari-devam-ediyor-salon_20181016-300x171.jpg 300w\" sizes=\"(max-width: 538px) 100vw, 538px\" \/><\/p>\n<p>Fenerbah\u00e7emiz haz\u0131rl\u0131klar\u0131n\u0131, 17 Ekim \u00c7ar\u015famba g\u00fcn\u00fc yapaca\u011f\u0131 \u00e7al\u0131\u015fmalarla s\u00fcrd\u00fcrecek.<\/p>\n","protected":false},"excerpt":{"rendered":"<p>Fenerbah\u00e7emiz, DG Sivasspor ile oynayaca\u011f\u0131 lig ma\u00e7\u0131n\u0131n haz\u0131rl\u0131klar\u0131n\u0131 bug\u00fcn yapt\u0131\u011f\u0131 tek antrenmanla s\u00fcrd\u00fcrd\u00fc. Teknik Direkt\u00f6r\u00fcm\u00fcz Phillip Cocu y\u00f6netimindeki antrenman saat 11.30\u2019da salonda yap\u0131lan core \u00e7al\u0131\u015fmas\u0131 ile ba\u015flad\u0131. Oyuncular\u0131m\u0131z daha sonra \u00e7abukluk ve pas \u00e7al\u0131\u015fmalar\u0131 ile devam etti. Dar alanda yap\u0131lan h\u00fccum-defans organizasyonlar\u0131n\u0131n ard\u0131ndan antrenman, \u00e7ift kale ma\u00e7larla noktaland\u0131. Fenerbah\u00e7emiz haz\u0131rl\u0131klar\u0131n\u0131, 17 Ekim \u00c7ar\u015famba g\u00fcn\u00fc yapaca\u011f\u0131 [&hellip;]<\/p>\n","protected":false},"author":1,"featured_media":2242,"comment_status":"closed","ping_status":"closed","sticky":false,"template":"","format":"standard","meta":{"jnews-multi-image_gallery":[],"jnews_single_post":{"override_template":"0","override":[{"template":"1","single_blog_custom":"","parallax":"1","fullscreen":"0","layout":"right-sidebar","sidebar":"default-sidebar","second_sidebar":"default-sidebar","sticky_sidebar":"1","share_position":"top","share_float_style":"share-monocrhome","show_share_counter":"1","show_view_counter":"1","show_featured":"1","show_post_meta":"1","show_post_author":"1","show_post_author_image":"1","show_post_date":"1","post_date_format":"default","post_date_format_custom":"Y\/m\/d","show_post_category":"1","show_post_tag":"1","show_prev_next_post":"1","show_popup_post":"1","number_popup_post":"1","show_author_box":"0","show_post_related":"1","show_inline_post_related":"0"}],"override_image_size":"0","image_override":[{"single_post_thumbnail_size":"crop-500","single_post_gallery_size":"crop-500"}],"trending_post":"0","trending_post_position":"meta","trending_post_label":"Trending"},"jnews_primary_category":{"id":"4"},"jnews_social_meta":{"fb_title":"","fb_description":"","fb_image":"","twitter_title":"","twitter_description":"","twitter_image":""},"jnews_override_counter":{"override_view_counter":"0","view_counter_number":"0","override_share_counter":"0","share_counter_number":"0","override_like_counter":"0","like_counter_number":"0","override_dislike_counter":"0","dislike_counter_number":"0"},"footnotes":""},"categories":[4,2,47],"tags":[54,53],"class_list":["post-2241","post","type-post","status-publish","format-standard","has-post-thumbnail","hentry","category-futbol","category-haberler","category-profesyonel-a-futbol-takimi","tag-futbol","tag-profesyonel-a-futbol-takimi"],"amp_enabled":true,"_links":{"self":[{"href":"https:\/\/www.fener.org\/index.php\/wp-json\/wp\/v2\/posts\/2241","targetHints":{"allow":["GET"]}}],"collection":[{"href":"https:\/\/www.fener.org\/index.php\/wp-json\/wp\/v2\/posts"}],"about":[{"href":"https:\/\/www.fener.org\/index.php\/wp-json\/wp\/v2\/types\/post"}],"author":[{"embeddable":true,"href":"https:\/\/www.fener.org\/index.php\/wp-json\/wp\/v2\/users\/1"}],"replies":[{"embeddable":true,"href":"https:\/\/www.fener.org\/index.php\/wp-json\/wp\/v2\/comments?post=2241"}],"version-history":[{"count":1,"href":"https:\/\/www.fener.org\/index.php\/wp-json\/wp\/v2\/posts\/2241\/revisions"}],"predecessor-version":[{"id":2244,"href":"https:\/\/www.fener.org\/index.php\/wp-json\/wp\/v2\/posts\/2241\/revisions\/2244"}],"wp:featuredmedia":[{"embeddable":true,"href":"https:\/\/www.fener.org\/index.php\/wp-json\/wp\/v2\/media\/2242"}],"wp:attachment":[{"href":"https:\/\/www.fener.org\/index.php\/wp-json\/wp\/v2\/media?parent=2241"}],"wp:term":[{"taxonomy":"category","embeddable":true,"href":"https:\/\/www.fener.org\/index.php\/wp-json\/wp\/v2\/categories?post=2241"},{"taxonomy":"post_tag","embeddable":true,"href":"https:\/\/www.fener.org\/index.php\/wp-json\/wp\/v2\/tags?post=2241"}],"curies":[{"name":"wp","href":"https:\/\/api.w.org\/{rel}","templated":true}]}}