{"id":22384,"date":"2023-11-23T14:15:33","date_gmt":"2023-11-23T11:15:33","guid":{"rendered":"https:\/\/www.fener.org\/?p=22384"},"modified":"2023-11-23T14:15:41","modified_gmt":"2023-11-23T11:15:41","slug":"fenerbahce-fatih-karagumruk-macinin-hakemleri-aciklandi-2","status":"publish","type":"post","link":"https:\/\/www.fener.org\/index.php\/2023\/11\/23\/fenerbahce-fatih-karagumruk-macinin-hakemleri-aciklandi-2\/","title":{"rendered":"Fenerbah\u00e7e &#8211; Fatih Karag\u00fcmr\u00fck ma\u00e7\u0131n\u0131n hakemleri a\u00e7\u0131kland\u0131"},"content":{"rendered":"\n<p>Trendyol S\u00fcper Lig&#8217;in 13. hafta m\u00fcsabakalar\u0131nda g\u00f6rev yapacak hakemler a\u00e7\u0131kland\u0131. Buna g\u00f6re 26 Kas\u0131m Pazar ak\u015fam\u0131 \u00dclker Stadyumu Fenerbah\u00e7e \u015e\u00fckr\u00fc Saraco\u011flu Spor Kompleksi\u2019nde oynanacak ma\u00e7ta Arda Karde\u015fler d\u00fcd\u00fck \u00e7alacak. Karde\u015fler\u2019in yard\u0131mc\u0131l\u0131klar\u0131n\u0131 Mehmet Emin Tu\u011fral ile S\u00fcleyman \u00d6zay yapacak. M\u00fccadelenin d\u00f6rd\u00fcnc\u00fc hakemi ise Burak Kappan.<\/p>\n","protected":false},"excerpt":{"rendered":"<p>Trendyol S\u00fcper Lig&#8217;in 13. hafta m\u00fcsabakalar\u0131nda g\u00f6rev yapacak hakemler a\u00e7\u0131kland\u0131. Buna g\u00f6re 26 Kas\u0131m Pazar ak\u015fam\u0131 \u00dclker Stadyumu Fenerbah\u00e7e \u015e\u00fckr\u00fc Saraco\u011flu Spor Kompleksi\u2019nde oynanacak ma\u00e7ta Arda Karde\u015fler d\u00fcd\u00fck \u00e7alacak. Karde\u015fler\u2019in yard\u0131mc\u0131l\u0131klar\u0131n\u0131 Mehmet Emin Tu\u011fral ile S\u00fcleyman \u00d6zay yapacak. M\u00fccadelenin d\u00f6rd\u00fcnc\u00fc hakemi ise Burak Kappan.<\/p>\n","protected":false},"author":1,"featured_media":5425,"comment_status":"closed","ping_status":"closed","sticky":false,"template":"","format":"standard","meta":{"jnews-multi-image_gallery":[],"jnews_single_post":{"subtitle":"Fenerbah\u00e7emiz ile VavaCars Fatih Karag\u00fcmr\u00fck aras\u0131nda oynanacak ma\u00e7\u0131 hakem Arda Karde\u015fler y\u00f6netecek.","format":"standard","video":"","gallery":"","source_name":"","source_url":"","via_name":"","via_url":"","override_template":"0","override":[{"template":"1","single_blog_custom":"","parallax":"1","fullscreen":"1","layout":"right-sidebar","sidebar":"mysidebar","second_sidebar":"default-sidebar","sticky_sidebar":"1","share_position":"float","share_float_style":"share-normal","show_share_counter":"1","show_view_counter":"1","show_featured":"1","show_post_meta":"1","show_post_author":"0","show_post_author_image":"1","show_post_date":"1","post_date_format":"default","post_date_format_custom":"Y\/m\/d","show_post_category":"0","show_post_reading_time":"0","post_reading_time_wpm":"300","show_zoom_button":"0","zoom_button_out_step":"2","zoom_button_in_step":"3","show_post_tag":"0","show_prev_next_post":"1","show_popup_post":"0","number_popup_post":"3","show_author_box":"0","show_post_related":"0","show_inline_post_related":"0"}],"override_image_size":"0","image_override":[{"single_post_thumbnail_size":"crop-500","single_post_gallery_size":"crop-500"}],"trending_post":"0","trending_post_position":"meta","trending_post_label":"Trending","sponsored_post":"0","sponsored_post_label":"Sponsored by","sponsored_post_name":"","sponsored_post_url":"","sponsored_post_logo_enable":"0","sponsored_post_logo":"","sponsored_post_desc":"","disable_ad":"0"},"jnews_primary_category":{"id":"4","hide":""},"jnews_social_meta":{"fb_title":"","fb_description":"","fb_image":"","twitter_title":"","twitter_description":"","twitter_image":""},"jnews_override_counter":{"override_view_counter":"0","view_counter_number":"0","override_share_counter":"0","share_counter_number":"0","override_like_counter":"0","like_counter_number":"0","override_dislike_counter":"0","dislike_counter_number":"0"},"footnotes":""},"categories":[4,2,47],"tags":[23,54],"class_list":["post-22384","post","type-post","status-publish","format-standard","has-post-thumbnail","hentry","category-futbol","category-haberler","category-profesyonel-a-futbol-takimi","tag-fenerbahce","tag-futbol"],"amp_enabled":true,"_links":{"self":[{"href":"https:\/\/www.fener.org\/index.php\/wp-json\/wp\/v2\/posts\/22384","targetHints":{"allow":["GET"]}}],"collection":[{"href":"https:\/\/www.fener.org\/index.php\/wp-json\/wp\/v2\/posts"}],"about":[{"href":"https:\/\/www.fener.org\/index.php\/wp-json\/wp\/v2\/types\/post"}],"author":[{"embeddable":true,"href":"https:\/\/www.fener.org\/index.php\/wp-json\/wp\/v2\/users\/1"}],"replies":[{"embeddable":true,"href":"https:\/\/www.fener.org\/index.php\/wp-json\/wp\/v2\/comments?post=22384"}],"version-history":[{"count":1,"href":"https:\/\/www.fener.org\/index.php\/wp-json\/wp\/v2\/posts\/22384\/revisions"}],"predecessor-version":[{"id":22385,"href":"https:\/\/www.fener.org\/index.php\/wp-json\/wp\/v2\/posts\/22384\/revisions\/22385"}],"wp:featuredmedia":[{"embeddable":true,"href":"https:\/\/www.fener.org\/index.php\/wp-json\/wp\/v2\/media\/5425"}],"wp:attachment":[{"href":"https:\/\/www.fener.org\/index.php\/wp-json\/wp\/v2\/media?parent=22384"}],"wp:term":[{"taxonomy":"category","embeddable":true,"href":"https:\/\/www.fener.org\/index.php\/wp-json\/wp\/v2\/categories?post=22384"},{"taxonomy":"post_tag","embeddable":true,"href":"https:\/\/www.fener.org\/index.php\/wp-json\/wp\/v2\/tags?post=22384"}],"curies":[{"name":"wp","href":"https:\/\/api.w.org\/{rel}","templated":true}]}}