{"id":22312,"date":"2023-11-18T10:24:38","date_gmt":"2023-11-18T07:24:38","guid":{"rendered":"https:\/\/www.fener.org\/?p=22312"},"modified":"2023-11-18T10:24:46","modified_gmt":"2023-11-18T07:24:46","slug":"fatih-kaya-ve-can-kaya-avrupa-ucuncusu","status":"publish","type":"post","link":"https:\/\/www.fener.org\/index.php\/2023\/11\/18\/fatih-kaya-ve-can-kaya-avrupa-ucuncusu\/","title":{"rendered":"Fatih Kaya ve Can Kaya Avrupa \u00dc\u00e7\u00fcnc\u00fcs\u00fc"},"content":{"rendered":"\n<p>Karada\u011f\/Budva\u2019n\u0131n ev sahipli\u011fi yapt\u0131\u011f\u0131 U22 Avrupa Boks \u015eampiyonas\u0131\u2019nda mili forma ile m\u00fccadele eden boks\u00f6rlerimiz yar\u0131 final ma\u00e7lar\u0131na \u00e7\u0131kt\u0131.<\/p>\n\n\n\n<p>Sporcular\u0131m\u0131zdan 75 kiloda B\u00fc\u015fra I\u015f\u0131ldar, yar\u0131 final m\u00fcsabakas\u0131nda kar\u015f\u0131la\u015ft\u0131\u011f\u0131 Polonyal\u0131 rakibi Oliwia Toborek\u2019i ezici bir \u00fcst\u00fcnl\u00fckle ma\u011flup ederek ad\u0131n\u0131 finale yazd\u0131rd\u0131.<\/p>\n\n\n\n<p>Ak\u015fam seans\u0131nda ringe \u00e7\u0131kan boks\u00f6rlerimizden Can Kaya, Rus sporcu Andrei Peglivanian\u2019a, Fatih Kaya ise bir di\u011fer Rus boks\u00f6r Akhmadshokh Makhmadshoev\u2019e ma\u011flup olarak Avrupa \u00fc\u00e7\u00fcnc\u00fcs\u00fc oldu ve bronz madalya kazand\u0131.<\/p>\n","protected":false},"excerpt":{"rendered":"<p>Karada\u011f\/Budva\u2019n\u0131n ev sahipli\u011fi yapt\u0131\u011f\u0131 U22 Avrupa Boks \u015eampiyonas\u0131\u2019nda mili forma ile m\u00fccadele eden boks\u00f6rlerimiz yar\u0131 final ma\u00e7lar\u0131na \u00e7\u0131kt\u0131. Sporcular\u0131m\u0131zdan 75 kiloda B\u00fc\u015fra I\u015f\u0131ldar, yar\u0131 final m\u00fcsabakas\u0131nda kar\u015f\u0131la\u015ft\u0131\u011f\u0131 Polonyal\u0131 rakibi Oliwia Toborek\u2019i ezici bir \u00fcst\u00fcnl\u00fckle ma\u011flup ederek ad\u0131n\u0131 finale yazd\u0131rd\u0131. Ak\u015fam seans\u0131nda ringe \u00e7\u0131kan boks\u00f6rlerimizden Can Kaya, Rus sporcu Andrei Peglivanian\u2019a, Fatih Kaya ise bir di\u011fer [&hellip;]<\/p>\n","protected":false},"author":1,"featured_media":1281,"comment_status":"closed","ping_status":"closed","sticky":false,"template":"","format":"standard","meta":{"jnews-multi-image_gallery":[],"jnews_single_post":{"subtitle":"","format":"standard","video":"","gallery":"","source_name":"","source_url":"","via_name":"","via_url":"","override_template":"0","override":[{"template":"1","single_blog_custom":"","parallax":"1","fullscreen":"1","layout":"right-sidebar","sidebar":"mysidebar","second_sidebar":"default-sidebar","sticky_sidebar":"1","share_position":"float","share_float_style":"share-normal","show_share_counter":"1","show_view_counter":"1","show_featured":"1","show_post_meta":"1","show_post_author":"0","show_post_author_image":"1","show_post_date":"1","post_date_format":"default","post_date_format_custom":"Y\/m\/d","show_post_category":"0","show_post_reading_time":"0","post_reading_time_wpm":"300","show_zoom_button":"0","zoom_button_out_step":"2","zoom_button_in_step":"3","show_post_tag":"0","show_prev_next_post":"1","show_popup_post":"0","number_popup_post":"3","show_author_box":"0","show_post_related":"0","show_inline_post_related":"0"}],"override_image_size":"0","image_override":[{"single_post_thumbnail_size":"crop-500","single_post_gallery_size":"crop-500"}],"trending_post":"0","trending_post_position":"meta","trending_post_label":"Trending","sponsored_post":"0","sponsored_post_label":"Sponsored by","sponsored_post_name":"","sponsored_post_url":"","sponsored_post_logo_enable":"0","sponsored_post_logo":"","sponsored_post_desc":"","disable_ad":"0"},"jnews_primary_category":{"id":"15","hide":""},"jnews_social_meta":{"fb_title":"","fb_description":"","fb_image":"","twitter_title":"","twitter_description":"","twitter_image":""},"jnews_override_counter":{"override_view_counter":"0","view_counter_number":"0","override_share_counter":"0","share_counter_number":"0","override_like_counter":"0","like_counter_number":"0","override_dislike_counter":"0","dislike_counter_number":"0"},"footnotes":""},"categories":[15,2],"tags":[34,23],"class_list":["post-22312","post","type-post","status-publish","format-standard","has-post-thumbnail","hentry","category-boks","category-haberler","tag-boks","tag-fenerbahce"],"amp_enabled":true,"_links":{"self":[{"href":"https:\/\/www.fener.org\/index.php\/wp-json\/wp\/v2\/posts\/22312","targetHints":{"allow":["GET"]}}],"collection":[{"href":"https:\/\/www.fener.org\/index.php\/wp-json\/wp\/v2\/posts"}],"about":[{"href":"https:\/\/www.fener.org\/index.php\/wp-json\/wp\/v2\/types\/post"}],"author":[{"embeddable":true,"href":"https:\/\/www.fener.org\/index.php\/wp-json\/wp\/v2\/users\/1"}],"replies":[{"embeddable":true,"href":"https:\/\/www.fener.org\/index.php\/wp-json\/wp\/v2\/comments?post=22312"}],"version-history":[{"count":1,"href":"https:\/\/www.fener.org\/index.php\/wp-json\/wp\/v2\/posts\/22312\/revisions"}],"predecessor-version":[{"id":22313,"href":"https:\/\/www.fener.org\/index.php\/wp-json\/wp\/v2\/posts\/22312\/revisions\/22313"}],"wp:featuredmedia":[{"embeddable":true,"href":"https:\/\/www.fener.org\/index.php\/wp-json\/wp\/v2\/media\/1281"}],"wp:attachment":[{"href":"https:\/\/www.fener.org\/index.php\/wp-json\/wp\/v2\/media?parent=22312"}],"wp:term":[{"taxonomy":"category","embeddable":true,"href":"https:\/\/www.fener.org\/index.php\/wp-json\/wp\/v2\/categories?post=22312"},{"taxonomy":"post_tag","embeddable":true,"href":"https:\/\/www.fener.org\/index.php\/wp-json\/wp\/v2\/tags?post=22312"}],"curies":[{"name":"wp","href":"https:\/\/api.w.org\/{rel}","templated":true}]}}