{"id":22081,"date":"2023-10-29T21:05:06","date_gmt":"2023-10-29T18:05:06","guid":{"rendered":"https:\/\/www.fener.org\/?p=22081"},"modified":"2023-10-29T21:05:16","modified_gmt":"2023-10-29T18:05:16","slug":"dimitris-itoudis-macin-sonunu-getirmeyi-basardik","status":"publish","type":"post","link":"https:\/\/www.fener.org\/index.php\/2023\/10\/29\/dimitris-itoudis-macin-sonunu-getirmeyi-basardik\/","title":{"rendered":"Dimitris Itoudis: Ma\u00e7\u0131n sonunu getirmeyi ba\u015fard\u0131k"},"content":{"rendered":"\n<p>Ba\u015fantren\u00f6r\u00fcm\u00fcz Dimitris Itoudis, Tak\u0131m\u0131m\u0131z\u0131n Basketbol S\u00fcper Ligi sezonu be\u015finci hafta ma\u00e7\u0131nda Reeder Samsunspor\u2019u 83-53 ma\u011flup etti\u011fi kar\u015f\u0131la\u015fman\u0131n ard\u0131ndan yapt\u0131\u011f\u0131 a\u00e7\u0131klamada \u015funlar\u0131 s\u00f6yledi:<\/p>\n\n\n\n<blockquote class=\"wp-block-quote is-layout-flow wp-block-quote-is-layout-flow\">\n<p>\u201c\u0130lk olarak Cumhuriyet Bayram\u0131 i\u00e7in herkesi tebrik ediyorum. \u00c7ok m\u00fcthi\u015f kutlamalar oldu. Tak\u0131m\u0131 da tebrik ediyorum. Ma\u00e7a biraz yava\u015f ba\u015flad\u0131k, \u00f6zellikle ikinci \u00e7eyrekte. Sonradan b\u00fcy\u00fck m\u00fccadele oldu. Sestina, \u015eehmus, Serta\u00e7 ve Melih\u2019in say\u0131lar\u0131yla\u2026 Profesyonel \u015fekilde ma\u00e7\u0131n sonunu getirmeyi ba\u015fard\u0131k.\u201d<\/p>\n<\/blockquote>\n","protected":false},"excerpt":{"rendered":"<p>Ba\u015fantren\u00f6r\u00fcm\u00fcz Dimitris Itoudis, Tak\u0131m\u0131m\u0131z\u0131n Basketbol S\u00fcper Ligi sezonu be\u015finci hafta ma\u00e7\u0131nda Reeder Samsunspor\u2019u 83-53 ma\u011flup etti\u011fi kar\u015f\u0131la\u015fman\u0131n ard\u0131ndan yapt\u0131\u011f\u0131 a\u00e7\u0131klamada \u015funlar\u0131 s\u00f6yledi: \u201c\u0130lk olarak Cumhuriyet Bayram\u0131 i\u00e7in herkesi tebrik ediyorum. \u00c7ok m\u00fcthi\u015f kutlamalar oldu. Tak\u0131m\u0131 da tebrik ediyorum. Ma\u00e7a biraz yava\u015f ba\u015flad\u0131k, \u00f6zellikle ikinci \u00e7eyrekte. Sonradan b\u00fcy\u00fck m\u00fccadele oldu. Sestina, \u015eehmus, Serta\u00e7 ve Melih\u2019in say\u0131lar\u0131yla\u2026 [&hellip;]<\/p>\n","protected":false},"author":1,"featured_media":22082,"comment_status":"closed","ping_status":"closed","sticky":false,"template":"","format":"standard","meta":{"jnews-multi-image_gallery":[],"jnews_single_post":{"subtitle":"Fenerbah\u00e7e Erkek Basketbol Tak\u0131m\u0131m\u0131z Ba\u015fantren\u00f6r\u00fc Dimitris Itoudis, Samsunspor kar\u015f\u0131la\u015fmas\u0131n\u0131n ard\u0131ndan de\u011ferlendirmelerde bulundu.","format":"standard","video":"","gallery":"","source_name":"","source_url":"","via_name":"","via_url":"","override_template":"0","override":[{"template":"1","single_blog_custom":"","parallax":"1","fullscreen":"1","layout":"right-sidebar","sidebar":"mysidebar","second_sidebar":"default-sidebar","sticky_sidebar":"1","share_position":"float","share_float_style":"share-normal","show_share_counter":"1","show_view_counter":"1","show_featured":"1","show_post_meta":"1","show_post_author":"0","show_post_author_image":"1","show_post_date":"1","post_date_format":"default","post_date_format_custom":"Y\/m\/d","show_post_category":"0","show_post_reading_time":"0","post_reading_time_wpm":"300","show_zoom_button":"0","zoom_button_out_step":"2","zoom_button_in_step":"3","show_post_tag":"0","show_prev_next_post":"1","show_popup_post":"0","number_popup_post":"3","show_author_box":"0","show_post_related":"0","show_inline_post_related":"0"}],"override_image_size":"0","image_override":[{"single_post_thumbnail_size":"crop-500","single_post_gallery_size":"crop-500"}],"trending_post":"0","trending_post_position":"meta","trending_post_label":"Trending","sponsored_post":"0","sponsored_post_label":"Sponsored by","sponsored_post_name":"","sponsored_post_url":"","sponsored_post_logo_enable":"0","sponsored_post_logo":"","sponsored_post_desc":"","disable_ad":"0"},"jnews_primary_category":{"id":"5","hide":""},"jnews_social_meta":{"fb_title":"","fb_description":"","fb_image":"","twitter_title":"","twitter_description":"","twitter_image":""},"jnews_override_counter":{"override_view_counter":"0","view_counter_number":"0","override_share_counter":"0","share_counter_number":"0","override_like_counter":"0","like_counter_number":"0","override_dislike_counter":"0","dislike_counter_number":"0"},"footnotes":""},"categories":[5,6,2],"tags":[24,23],"class_list":["post-22081","post","type-post","status-publish","format-standard","has-post-thumbnail","hentry","category-basketbol","category-erkek-basketbol","category-haberler","tag-basketbol","tag-fenerbahce"],"amp_enabled":true,"_links":{"self":[{"href":"https:\/\/www.fener.org\/index.php\/wp-json\/wp\/v2\/posts\/22081","targetHints":{"allow":["GET"]}}],"collection":[{"href":"https:\/\/www.fener.org\/index.php\/wp-json\/wp\/v2\/posts"}],"about":[{"href":"https:\/\/www.fener.org\/index.php\/wp-json\/wp\/v2\/types\/post"}],"author":[{"embeddable":true,"href":"https:\/\/www.fener.org\/index.php\/wp-json\/wp\/v2\/users\/1"}],"replies":[{"embeddable":true,"href":"https:\/\/www.fener.org\/index.php\/wp-json\/wp\/v2\/comments?post=22081"}],"version-history":[{"count":1,"href":"https:\/\/www.fener.org\/index.php\/wp-json\/wp\/v2\/posts\/22081\/revisions"}],"predecessor-version":[{"id":22083,"href":"https:\/\/www.fener.org\/index.php\/wp-json\/wp\/v2\/posts\/22081\/revisions\/22083"}],"wp:featuredmedia":[{"embeddable":true,"href":"https:\/\/www.fener.org\/index.php\/wp-json\/wp\/v2\/media\/22082"}],"wp:attachment":[{"href":"https:\/\/www.fener.org\/index.php\/wp-json\/wp\/v2\/media?parent=22081"}],"wp:term":[{"taxonomy":"category","embeddable":true,"href":"https:\/\/www.fener.org\/index.php\/wp-json\/wp\/v2\/categories?post=22081"},{"taxonomy":"post_tag","embeddable":true,"href":"https:\/\/www.fener.org\/index.php\/wp-json\/wp\/v2\/tags?post=22081"}],"curies":[{"name":"wp","href":"https:\/\/api.w.org\/{rel}","templated":true}]}}