{"id":22077,"date":"2023-10-29T20:08:37","date_gmt":"2023-10-29T17:08:37","guid":{"rendered":"https:\/\/www.fener.org\/?p=22077"},"modified":"2023-10-29T20:10:18","modified_gmt":"2023-10-29T17:10:18","slug":"fenerbahce-beko-83-53-reeder-samsunspor","status":"publish","type":"post","link":"https:\/\/www.fener.org\/index.php\/2023\/10\/29\/fenerbahce-beko-83-53-reeder-samsunspor\/","title":{"rendered":"Fenerbah\u00e7e Beko 83-53 Reeder Samsunspor"},"content":{"rendered":"\n<p>Fenerbah\u00e7e Beko Erkek Basketbol Tak\u0131m\u0131m\u0131z, T\u00fcrkiye Sigorta Basketbol S\u00fcper Ligi 2023-24 sezonu be\u015finci hafta ma\u00e7\u0131nda Reeder Samsunspor\u2019u konuk etti. M\u00fcsabakadan 83-53 galip ayr\u0131lan Tak\u0131m\u0131m\u0131z, ligdeki d\u00f6rd\u00fcnc\u00fc galibiyetini ald\u0131.<\/p>\n\n\n\n<p>Erkek Basketbol Tak\u0131m\u0131m\u0131z, ma\u00e7a Cumhuriyetimizin 100. y\u0131l\u0131na \u00f6zel haz\u0131rlanan formayla \u00e7\u0131kt\u0131.<\/p>\n\n\n\n<p>Fenerbah\u00e7e Beko \u0131s\u0131nmaya da \u201cSonsuza Dek Cumhuriyet\u201d pankart\u0131yla \u00e7\u0131karken, iki tak\u0131m oyuncular\u0131 da \u201cCumhuriyetimizin 100. Y\u0131l\u0131 Kutlu Olsun\u201d pankart\u0131yla foto\u011fraf \u00e7ektirdi. &nbsp;Altyap\u0131 sporcular\u0131m\u0131z da rakip tak\u0131m oyuncular\u0131na \u00e7i\u00e7ek takdim etti.<\/p>\n\n\n\n<p>Kar\u015f\u0131la\u015fmadan \u00f6nce Ulu \u00d6nderimiz Mustafa Kemal Atat\u00fcrk ve silah arkada\u015flar\u0131 i\u00e7in sayg\u0131 duru\u015funda bulunuldu ve \u0130stiklal Mar\u015f\u0131m\u0131z okundu.<\/p>\n\n\n\n<p>\u00dclker Spor ve Etkinlik Salonu\u2019nda oynanan ma\u00e7a \u015eehmus Hazer, Melih Mahmuto\u011flu, Tar\u0131k Biberovic, Yi\u011fit Hamza Mesto\u011flu ve Serta\u00e7 \u015eanl\u0131 be\u015fiyle ba\u015flayan Fenerbah\u00e7e Beko, ilk \u00e7eyre\u011fi 22-12 \u00f6nde tamamlad\u0131. Konuk tak\u0131m ikinci \u00e7eyrekte fark\u0131 eritse de Tak\u0131m\u0131m\u0131z soyunma odas\u0131na 33-29 \u00f6nde girmeyi ba\u015fard\u0131. \u00dc\u00e7\u00fcnc\u00fc \u00e7eyrekte tekrardan oyunun kontrol\u00fc eline alan ve periyotu 55-41 \u00fcst\u00fcn tamamlayan Tak\u0131m\u0131m\u0131z, d\u00f6rd\u00fcnc\u00fc \u00e7eyrekte fark\u0131 iyice a\u00e7t\u0131 ma\u00e7tan 83-53 galip ayr\u0131ld\u0131. &nbsp;<\/p>\n\n\n\n<p><strong>Fenerbah\u00e7e Beko (83):<\/strong> Serta\u00e7 19, Melih 18, Sestina 12, \u015eehmus 8, Papagiannis 6, Yi\u011fit Hamza 5, Calathes 5, Tar\u0131k 4, Biberovic 4, Pierre 2, Dorsey 2, Emre 2.<\/p>\n","protected":false},"excerpt":{"rendered":"<p>Fenerbah\u00e7e Beko Erkek Basketbol Tak\u0131m\u0131m\u0131z, T\u00fcrkiye Sigorta Basketbol S\u00fcper Ligi 2023-24 sezonu be\u015finci hafta ma\u00e7\u0131nda Reeder Samsunspor\u2019u konuk etti. M\u00fcsabakadan 83-53 galip ayr\u0131lan Tak\u0131m\u0131m\u0131z, ligdeki d\u00f6rd\u00fcnc\u00fc galibiyetini ald\u0131. Erkek Basketbol Tak\u0131m\u0131m\u0131z, ma\u00e7a Cumhuriyetimizin 100. y\u0131l\u0131na \u00f6zel haz\u0131rlanan formayla \u00e7\u0131kt\u0131. Fenerbah\u00e7e Beko \u0131s\u0131nmaya da \u201cSonsuza Dek Cumhuriyet\u201d pankart\u0131yla \u00e7\u0131karken, iki tak\u0131m oyuncular\u0131 da \u201cCumhuriyetimizin 100. Y\u0131l\u0131 [&hellip;]<\/p>\n","protected":false},"author":1,"featured_media":22078,"comment_status":"closed","ping_status":"closed","sticky":false,"template":"","format":"standard","meta":{"jnews-multi-image_gallery":[],"jnews_single_post":{"subtitle":"Fenerbah\u00e7e Erkek Basketbol Tak\u0131m\u0131m\u0131z, Basketbol S\u00fcper Ligi'nde be\u015finci hafta ma\u00e7\u0131nda sahas\u0131nda kar\u015f\u0131la\u015ft\u0131\u011f\u0131 Samsunspor\u2019u 83-53 ma\u011flup etti.","format":"standard","video":"","gallery":"","source_name":"","source_url":"","via_name":"","via_url":"","override_template":"0","override":[{"template":"1","single_blog_custom":"","parallax":"1","fullscreen":"1","layout":"right-sidebar","sidebar":"mysidebar","second_sidebar":"default-sidebar","sticky_sidebar":"1","share_position":"float","share_float_style":"share-normal","show_share_counter":"1","show_view_counter":"1","show_featured":"1","show_post_meta":"1","show_post_author":"0","show_post_author_image":"1","show_post_date":"1","post_date_format":"default","post_date_format_custom":"Y\/m\/d","show_post_category":"0","show_post_reading_time":"0","post_reading_time_wpm":"300","show_zoom_button":"0","zoom_button_out_step":"2","zoom_button_in_step":"3","show_post_tag":"0","show_prev_next_post":"1","show_popup_post":"0","number_popup_post":"3","show_author_box":"0","show_post_related":"0","show_inline_post_related":"0"}],"override_image_size":"0","image_override":[{"single_post_thumbnail_size":"crop-500","single_post_gallery_size":"crop-500"}],"trending_post":"0","trending_post_position":"meta","trending_post_label":"Trending","sponsored_post":"0","sponsored_post_label":"Sponsored by","sponsored_post_name":"","sponsored_post_url":"","sponsored_post_logo_enable":"0","sponsored_post_logo":"","sponsored_post_desc":"","disable_ad":"0"},"jnews_primary_category":{"id":"5","hide":""},"jnews_social_meta":{"fb_title":"","fb_description":"","fb_image":"","twitter_title":"","twitter_description":"","twitter_image":""},"jnews_override_counter":{"override_view_counter":"0","view_counter_number":"0","override_share_counter":"0","share_counter_number":"0","override_like_counter":"0","like_counter_number":"0","override_dislike_counter":"0","dislike_counter_number":"0"},"footnotes":""},"categories":[5,6,2],"tags":[24,23],"class_list":["post-22077","post","type-post","status-publish","format-standard","has-post-thumbnail","hentry","category-basketbol","category-erkek-basketbol","category-haberler","tag-basketbol","tag-fenerbahce"],"amp_enabled":true,"_links":{"self":[{"href":"https:\/\/www.fener.org\/index.php\/wp-json\/wp\/v2\/posts\/22077","targetHints":{"allow":["GET"]}}],"collection":[{"href":"https:\/\/www.fener.org\/index.php\/wp-json\/wp\/v2\/posts"}],"about":[{"href":"https:\/\/www.fener.org\/index.php\/wp-json\/wp\/v2\/types\/post"}],"author":[{"embeddable":true,"href":"https:\/\/www.fener.org\/index.php\/wp-json\/wp\/v2\/users\/1"}],"replies":[{"embeddable":true,"href":"https:\/\/www.fener.org\/index.php\/wp-json\/wp\/v2\/comments?post=22077"}],"version-history":[{"count":1,"href":"https:\/\/www.fener.org\/index.php\/wp-json\/wp\/v2\/posts\/22077\/revisions"}],"predecessor-version":[{"id":22079,"href":"https:\/\/www.fener.org\/index.php\/wp-json\/wp\/v2\/posts\/22077\/revisions\/22079"}],"wp:featuredmedia":[{"embeddable":true,"href":"https:\/\/www.fener.org\/index.php\/wp-json\/wp\/v2\/media\/22078"}],"wp:attachment":[{"href":"https:\/\/www.fener.org\/index.php\/wp-json\/wp\/v2\/media?parent=22077"}],"wp:term":[{"taxonomy":"category","embeddable":true,"href":"https:\/\/www.fener.org\/index.php\/wp-json\/wp\/v2\/categories?post=22077"},{"taxonomy":"post_tag","embeddable":true,"href":"https:\/\/www.fener.org\/index.php\/wp-json\/wp\/v2\/tags?post=22077"}],"curies":[{"name":"wp","href":"https:\/\/api.w.org\/{rel}","templated":true}]}}