{"id":22070,"date":"2023-10-28T23:11:07","date_gmt":"2023-10-28T20:11:07","guid":{"rendered":"https:\/\/www.fener.org\/?p=22070"},"modified":"2023-10-28T23:12:50","modified_gmt":"2023-10-28T20:12:50","slug":"fenerbahce-pendikspora-konuk-oluyor","status":"publish","type":"post","link":"https:\/\/www.fener.org\/index.php\/2023\/10\/28\/fenerbahce-pendikspora-konuk-oluyor\/","title":{"rendered":"Fenerbah\u00e7e, Pendikspor\u2019a konuk oluyor"},"content":{"rendered":"\n<p>Fenerbah\u00e7emiz, Trendyol S\u00fcper Lig&#8217;in 10. haftas\u0131nda yar\u0131n deplasmanda Silta\u015f Yap\u0131 Pendikspor ile kar\u015f\u0131la\u015facak. Pendik Stad\u0131&#8217;nda saat 19.00&#8217;da ba\u015flayacak m\u00fcsabakay\u0131 hakem Abdulkadir Bitigen y\u00f6netecek.<\/p>\n\n\n\n<p>Bu sezon oynad\u0131\u011f\u0131 18 resmi ma\u00e7\u0131n 18\u2019ini de kazanan Futbol A Tak\u0131m\u0131m\u0131z, ligde 10.haftaya 27 puanla lider girerken, Pendikspor ise 7 puanla 18. s\u0131rada yer al\u0131yor.<\/p>\n\n\n\n<p>Bu sezon ligde boy g\u00f6sterdi\u011fi 4 deplasman m\u00fccadelesinden 12 puanla ayr\u0131lmay\u0131 ba\u015faran Ekibimiz, rakip sahada kalesini gole kapatt\u0131. Tak\u0131m\u0131m\u0131z geride kalan 4 d\u0131\u015f saha ma\u00e7\u0131nda Y\u0131lport Samsunspor&#8217;u 2-0, MKE Ankarag\u00fcc\u00fc&#8217;n\u00fc 1-0, Corendon Alanyaspor&#8217;u 1-0 ve Kas\u0131mpa\u015fa&#8217;y\u0131 2-0 ma\u011flup etti.<\/p>\n\n\n\n<p>Fenerbah\u00e7emiz, tarihinde ilk kez S\u00fcper Lig&#8217;de boy g\u00f6steren Pendikspor&#8217;la ligde ilk kez kar\u015f\u0131 kar\u015f\u0131ya gelecek. \u0130ki tak\u0131m bug\u00fcne kadar T\u00fcrkiye Kupas\u0131&#8217;nda 2 kez rakip oldu. 14 Aral\u0131k 1999&#8217;da oynanan kar\u015f\u0131la\u015fmay\u0131 Pendikspor 2-1 kazan\u0131rken, 28 Kas\u0131m 2012&#8217;deki m\u00fccadeleden Fenerbah\u00e7emiz 1-0&#8217;l\u0131k galibiyetle ayr\u0131ld\u0131.<\/p>\n","protected":false},"excerpt":{"rendered":"<p>Fenerbah\u00e7emiz, Trendyol S\u00fcper Lig&#8217;in 10. haftas\u0131nda yar\u0131n deplasmanda Silta\u015f Yap\u0131 Pendikspor ile kar\u015f\u0131la\u015facak. Pendik Stad\u0131&#8217;nda saat 19.00&#8217;da ba\u015flayacak m\u00fcsabakay\u0131 hakem Abdulkadir Bitigen y\u00f6netecek. Bu sezon oynad\u0131\u011f\u0131 18 resmi ma\u00e7\u0131n 18\u2019ini de kazanan Futbol A Tak\u0131m\u0131m\u0131z, ligde 10.haftaya 27 puanla lider girerken, Pendikspor ise 7 puanla 18. s\u0131rada yer al\u0131yor. Bu sezon ligde boy g\u00f6sterdi\u011fi 4 [&hellip;]<\/p>\n","protected":false},"author":1,"featured_media":22071,"comment_status":"closed","ping_status":"closed","sticky":false,"template":"","format":"standard","meta":{"jnews-multi-image_gallery":[],"jnews_single_post":{"subtitle":"Fenerbah\u00e7e, S\u00fcper Lig'in 10. haftas\u0131nda deplasmanda Pendikspor ile m\u00fccadele edecek.","format":"standard","video":"","gallery":"","source_name":"","source_url":"","via_name":"","via_url":"","override_template":"0","override":[{"template":"1","single_blog_custom":"","parallax":"1","fullscreen":"1","layout":"right-sidebar","sidebar":"mysidebar","second_sidebar":"default-sidebar","sticky_sidebar":"1","share_position":"float","share_float_style":"share-normal","show_share_counter":"1","show_view_counter":"1","show_featured":"1","show_post_meta":"1","show_post_author":"0","show_post_author_image":"1","show_post_date":"1","post_date_format":"default","post_date_format_custom":"Y\/m\/d","show_post_category":"0","show_post_reading_time":"0","post_reading_time_wpm":"300","show_zoom_button":"0","zoom_button_out_step":"2","zoom_button_in_step":"3","show_post_tag":"0","show_prev_next_post":"1","show_popup_post":"0","number_popup_post":"3","show_author_box":"0","show_post_related":"0","show_inline_post_related":"0"}],"override_image_size":"0","image_override":[{"single_post_thumbnail_size":"crop-500","single_post_gallery_size":"crop-500"}],"trending_post":"0","trending_post_position":"meta","trending_post_label":"Trending","sponsored_post":"0","sponsored_post_label":"Sponsored by","sponsored_post_name":"","sponsored_post_url":"","sponsored_post_logo_enable":"0","sponsored_post_logo":"","sponsored_post_desc":"","disable_ad":"0"},"jnews_primary_category":{"id":"4","hide":""},"jnews_social_meta":{"fb_title":"","fb_description":"","fb_image":"","twitter_title":"","twitter_description":"","twitter_image":""},"jnews_override_counter":{"override_view_counter":"0","view_counter_number":"0","override_share_counter":"0","share_counter_number":"0","override_like_counter":"0","like_counter_number":"0","override_dislike_counter":"0","dislike_counter_number":"0"},"footnotes":""},"categories":[4,2,47],"tags":[23,54],"class_list":["post-22070","post","type-post","status-publish","format-standard","has-post-thumbnail","hentry","category-futbol","category-haberler","category-profesyonel-a-futbol-takimi","tag-fenerbahce","tag-futbol"],"amp_enabled":true,"_links":{"self":[{"href":"https:\/\/www.fener.org\/index.php\/wp-json\/wp\/v2\/posts\/22070","targetHints":{"allow":["GET"]}}],"collection":[{"href":"https:\/\/www.fener.org\/index.php\/wp-json\/wp\/v2\/posts"}],"about":[{"href":"https:\/\/www.fener.org\/index.php\/wp-json\/wp\/v2\/types\/post"}],"author":[{"embeddable":true,"href":"https:\/\/www.fener.org\/index.php\/wp-json\/wp\/v2\/users\/1"}],"replies":[{"embeddable":true,"href":"https:\/\/www.fener.org\/index.php\/wp-json\/wp\/v2\/comments?post=22070"}],"version-history":[{"count":1,"href":"https:\/\/www.fener.org\/index.php\/wp-json\/wp\/v2\/posts\/22070\/revisions"}],"predecessor-version":[{"id":22072,"href":"https:\/\/www.fener.org\/index.php\/wp-json\/wp\/v2\/posts\/22070\/revisions\/22072"}],"wp:featuredmedia":[{"embeddable":true,"href":"https:\/\/www.fener.org\/index.php\/wp-json\/wp\/v2\/media\/22071"}],"wp:attachment":[{"href":"https:\/\/www.fener.org\/index.php\/wp-json\/wp\/v2\/media?parent=22070"}],"wp:term":[{"taxonomy":"category","embeddable":true,"href":"https:\/\/www.fener.org\/index.php\/wp-json\/wp\/v2\/categories?post=22070"},{"taxonomy":"post_tag","embeddable":true,"href":"https:\/\/www.fener.org\/index.php\/wp-json\/wp\/v2\/tags?post=22070"}],"curies":[{"name":"wp","href":"https:\/\/api.w.org\/{rel}","templated":true}]}}