{"id":22049,"date":"2023-10-28T00:10:00","date_gmt":"2023-10-27T21:10:00","guid":{"rendered":"https:\/\/www.fener.org\/?p=22049"},"modified":"2023-10-28T10:30:39","modified_gmt":"2023-10-28T07:30:39","slug":"dimitris-itoudis-inanilmaz-bir-atmosfer-vardi","status":"publish","type":"post","link":"https:\/\/www.fener.org\/index.php\/2023\/10\/28\/dimitris-itoudis-inanilmaz-bir-atmosfer-vardi\/","title":{"rendered":"Dimitris Itoudis: \u0130nan\u0131lmaz bir atmosfer vard\u0131"},"content":{"rendered":"\n<p>Turkish Airlines EuroLeague\u2019in 5. haftas\u0131nda deplasmanda 76-67 ma\u011flup etti\u011fimiz Bayern M\u00fcnih ma\u00e7\u0131n\u0131n ard\u0131ndan Ba\u015fantren\u00f6r\u00fcm\u00fcz Dimitris Itoudis, Fenerbah\u00e7e Televizyonu\u2019na \u015fu a\u00e7\u0131klamalarda bulundu:<\/p>\n\n\n\n<blockquote class=\"wp-block-quote is-layout-flow wp-block-quote-is-layout-flow\">\n<p>\u201cTak\u0131m\u0131 tebrik etmek istiyorum ama onlardan sonra da taraftarlar\u0131m\u0131z\u0131 tebrik etmek istiyorum. \u0130nan\u0131lmaz bir atmosfer vard\u0131. Tak\u0131ma \u00e7ok b\u00fcy\u00fck enerji veriyorlar. Her yerde destek vermeleri \u00e7ok \u00f6nemli. Onlar\u0131 tebrik ediyorum.<\/p>\n\n\n\n<p>Ma\u00e7\u0131n ba\u015f\u0131ndan beri kontrol bizdeydi ama savunma olarak istedi\u011fimiz seviyede de\u011fildik, h\u0131zl\u0131 h\u00fccumlardan fazla say\u0131lar verdik. Ba\u015fka hatalar\u0131m\u0131z da oldu. Sonra momentumu de\u011fi\u015ftirdik. Savunmalar\u0131na iyi cevap verebildik. Farkl\u0131 be\u015flerine g\u00fczel kar\u015f\u0131l\u0131k verdik. Oyunculara bazen yol g\u00f6stermek gerekiyor, o anda her \u015feyi g\u00f6remeyebiliyorlar. Oyunculara b\u00fcy\u00fck alk\u0131\u015f. Daha da iyi olabilmemiz i\u00e7in \u00e7ok i\u015f var. Bug\u00fcn Yam yoktu ama di\u011fer oyun kurucular \u00e7ok iyiydi. EuroLeague\u2019de \u00e7ok fazla detay ve \u00e7ok iyi tak\u0131mlar var. O y\u00fczden her ma\u00e7 \u00e7ok \u00f6nemli.\u201d<\/p>\n<\/blockquote>\n","protected":false},"excerpt":{"rendered":"<p>Turkish Airlines EuroLeague\u2019in 5. haftas\u0131nda deplasmanda 76-67 ma\u011flup etti\u011fimiz Bayern M\u00fcnih ma\u00e7\u0131n\u0131n ard\u0131ndan Ba\u015fantren\u00f6r\u00fcm\u00fcz Dimitris Itoudis, Fenerbah\u00e7e Televizyonu\u2019na \u015fu a\u00e7\u0131klamalarda bulundu: \u201cTak\u0131m\u0131 tebrik etmek istiyorum ama onlardan sonra da taraftarlar\u0131m\u0131z\u0131 tebrik etmek istiyorum. \u0130nan\u0131lmaz bir atmosfer vard\u0131. Tak\u0131ma \u00e7ok b\u00fcy\u00fck enerji veriyorlar. Her yerde destek vermeleri \u00e7ok \u00f6nemli. Onlar\u0131 tebrik ediyorum. Ma\u00e7\u0131n ba\u015f\u0131ndan beri kontrol [&hellip;]<\/p>\n","protected":false},"author":1,"featured_media":21932,"comment_status":"closed","ping_status":"closed","sticky":false,"template":"","format":"standard","meta":{"jnews-multi-image_gallery":[],"jnews_single_post":{"subtitle":"Fenerbah\u00e7e Erkek Basketbol Tak\u0131m\u0131m\u0131z Ba\u015fantren\u00f6r\u00fc Dimitris Itoudis, EuroLeague'in 5. hafta ma\u00e7\u0131nda deplasmanda Bayern M\u00fcnih ile oynad\u0131\u011f\u0131m\u0131z kar\u015f\u0131la\u015fman\u0131n ard\u0131ndan de\u011ferlendirmelerde bulundu.","format":"standard","video":"","gallery":"","source_name":"","source_url":"","via_name":"","via_url":"","override_template":"0","override":[{"template":"1","single_blog_custom":"","parallax":"1","fullscreen":"1","layout":"right-sidebar","sidebar":"mysidebar","second_sidebar":"default-sidebar","sticky_sidebar":"1","share_position":"float","share_float_style":"share-normal","show_share_counter":"1","show_view_counter":"1","show_featured":"1","show_post_meta":"1","show_post_author":"0","show_post_author_image":"1","show_post_date":"1","post_date_format":"default","post_date_format_custom":"Y\/m\/d","show_post_category":"0","show_post_reading_time":"0","post_reading_time_wpm":"300","show_zoom_button":"0","zoom_button_out_step":"2","zoom_button_in_step":"3","show_post_tag":"0","show_prev_next_post":"1","show_popup_post":"0","number_popup_post":"3","show_author_box":"0","show_post_related":"0","show_inline_post_related":"0"}],"override_image_size":"0","image_override":[{"single_post_thumbnail_size":"crop-500","single_post_gallery_size":"crop-500"}],"trending_post":"0","trending_post_position":"meta","trending_post_label":"Trending","sponsored_post":"0","sponsored_post_label":"Sponsored by","sponsored_post_name":"","sponsored_post_url":"","sponsored_post_logo_enable":"0","sponsored_post_logo":"","sponsored_post_desc":"","disable_ad":"0"},"jnews_primary_category":{"id":"5","hide":""},"jnews_social_meta":{"fb_title":"","fb_description":"","fb_image":"","twitter_title":"","twitter_description":"","twitter_image":""},"jnews_override_counter":{"override_view_counter":"0","view_counter_number":"0","override_share_counter":"0","share_counter_number":"0","override_like_counter":"0","like_counter_number":"0","override_dislike_counter":"0","dislike_counter_number":"0"},"footnotes":""},"categories":[5,6,2],"tags":[24,74,23],"class_list":["post-22049","post","type-post","status-publish","format-standard","has-post-thumbnail","hentry","category-basketbol","category-erkek-basketbol","category-haberler","tag-basketbol","tag-euroleague","tag-fenerbahce"],"amp_enabled":true,"_links":{"self":[{"href":"https:\/\/www.fener.org\/index.php\/wp-json\/wp\/v2\/posts\/22049","targetHints":{"allow":["GET"]}}],"collection":[{"href":"https:\/\/www.fener.org\/index.php\/wp-json\/wp\/v2\/posts"}],"about":[{"href":"https:\/\/www.fener.org\/index.php\/wp-json\/wp\/v2\/types\/post"}],"author":[{"embeddable":true,"href":"https:\/\/www.fener.org\/index.php\/wp-json\/wp\/v2\/users\/1"}],"replies":[{"embeddable":true,"href":"https:\/\/www.fener.org\/index.php\/wp-json\/wp\/v2\/comments?post=22049"}],"version-history":[{"count":1,"href":"https:\/\/www.fener.org\/index.php\/wp-json\/wp\/v2\/posts\/22049\/revisions"}],"predecessor-version":[{"id":22050,"href":"https:\/\/www.fener.org\/index.php\/wp-json\/wp\/v2\/posts\/22049\/revisions\/22050"}],"wp:featuredmedia":[{"embeddable":true,"href":"https:\/\/www.fener.org\/index.php\/wp-json\/wp\/v2\/media\/21932"}],"wp:attachment":[{"href":"https:\/\/www.fener.org\/index.php\/wp-json\/wp\/v2\/media?parent=22049"}],"wp:term":[{"taxonomy":"category","embeddable":true,"href":"https:\/\/www.fener.org\/index.php\/wp-json\/wp\/v2\/categories?post=22049"},{"taxonomy":"post_tag","embeddable":true,"href":"https:\/\/www.fener.org\/index.php\/wp-json\/wp\/v2\/tags?post=22049"}],"curies":[{"name":"wp","href":"https:\/\/api.w.org\/{rel}","templated":true}]}}