{"id":21978,"date":"2023-10-22T09:04:39","date_gmt":"2023-10-22T06:04:39","guid":{"rendered":"https:\/\/www.fener.org\/?p=21978"},"modified":"2023-10-22T09:06:19","modified_gmt":"2023-10-22T06:06:19","slug":"fenerbahce-hataysporu-konuk-ediyor-4","status":"publish","type":"post","link":"https:\/\/www.fener.org\/index.php\/2023\/10\/22\/fenerbahce-hataysporu-konuk-ediyor-4\/","title":{"rendered":"Fenerbah\u00e7e, Hatayspor&#8217;u konuk ediyor"},"content":{"rendered":"\n<p>Fenerbah\u00e7emiz, Trendyol S\u00fcper Lig 9. hafta ma\u00e7\u0131nda Ataka\u015f Hatayspor&#8217;u konuk ediyor. Bug\u00fcn (22 Ekim Pazar g\u00fcn\u00fc) \u00dclker Stadyumu Fenerbah\u00e7e \u015e\u00fckr\u00fc Saraco\u011flu Spor Kompleksi&#8217;nde oynanacak ma\u00e7 saat 19.00&#8217;da ba\u015flayacak. M\u00fccadeleyi hakem Volkan Bayarslan y\u00f6netecek.<\/p>\n\n\n\n<p>2023-2024 sezonunda \u00e7\u0131kt\u0131\u011f\u0131 16 resmi m\u00fcsabakay\u0131 da kazanan Fenerbah\u00e7emiz, rakibini yenerek galibiyet serisini s\u00fcrd\u00fcrmeyi hedefliyor.<\/p>\n\n\n\n<p>Sar\u0131 lacivertliler haftaya 24 puanla nama\u011flup lider girerken, 3 galibiyet ve 5 beraberli\u011fi bulunan Ataka\u015f Hatayspor ise 8. haftay\u0131 14 puanla 5. s\u0131rada tamamlad\u0131.<\/p>\n\n\n\n<p>Tak\u0131m\u0131m\u0131z, ge\u00e7ti\u011fimiz sezon Kad\u0131k\u00f6y&#8217;de Ataka\u015f Hatayspor&#8217;u 4-0 ma\u011flup etmi\u015fti.<\/p>\n","protected":false},"excerpt":{"rendered":"<p>Fenerbah\u00e7emiz, Trendyol S\u00fcper Lig 9. hafta ma\u00e7\u0131nda Ataka\u015f Hatayspor&#8217;u konuk ediyor. Bug\u00fcn (22 Ekim Pazar g\u00fcn\u00fc) \u00dclker Stadyumu Fenerbah\u00e7e \u015e\u00fckr\u00fc Saraco\u011flu Spor Kompleksi&#8217;nde oynanacak ma\u00e7 saat 19.00&#8217;da ba\u015flayacak. M\u00fccadeleyi hakem Volkan Bayarslan y\u00f6netecek. 2023-2024 sezonunda \u00e7\u0131kt\u0131\u011f\u0131 16 resmi m\u00fcsabakay\u0131 da kazanan Fenerbah\u00e7emiz, rakibini yenerek galibiyet serisini s\u00fcrd\u00fcrmeyi hedefliyor. Sar\u0131 lacivertliler haftaya 24 puanla nama\u011flup lider [&hellip;]<\/p>\n","protected":false},"author":1,"featured_media":21979,"comment_status":"closed","ping_status":"closed","sticky":false,"template":"","format":"standard","meta":{"jnews-multi-image_gallery":[],"jnews_single_post":{"subtitle":"Fenerbah\u00e7e, S\u00fcper Lig 9. hafta ma\u00e7\u0131nda sahas\u0131nda Hatayspor ile kar\u015f\u0131la\u015f\u0131yor.","format":"standard","video":"","gallery":"","source_name":"","source_url":"","via_name":"","via_url":"","override_template":"0","override":[{"template":"1","single_blog_custom":"","parallax":"1","fullscreen":"1","layout":"right-sidebar","sidebar":"mysidebar","second_sidebar":"default-sidebar","sticky_sidebar":"1","share_position":"float","share_float_style":"share-normal","show_share_counter":"1","show_view_counter":"1","show_featured":"1","show_post_meta":"1","show_post_author":"0","show_post_author_image":"1","show_post_date":"1","post_date_format":"default","post_date_format_custom":"Y\/m\/d","show_post_category":"0","show_post_reading_time":"0","post_reading_time_wpm":"300","show_zoom_button":"0","zoom_button_out_step":"2","zoom_button_in_step":"3","show_post_tag":"0","show_prev_next_post":"1","show_popup_post":"0","number_popup_post":"3","show_author_box":"0","show_post_related":"0","show_inline_post_related":"0"}],"override_image_size":"0","image_override":[{"single_post_thumbnail_size":"crop-500","single_post_gallery_size":"crop-500"}],"trending_post":"0","trending_post_position":"meta","trending_post_label":"Trending","sponsored_post":"0","sponsored_post_label":"Sponsored by","sponsored_post_name":"","sponsored_post_url":"","sponsored_post_logo_enable":"0","sponsored_post_logo":"","sponsored_post_desc":"","disable_ad":"0"},"jnews_primary_category":{"id":"4","hide":""},"jnews_social_meta":{"fb_title":"","fb_description":"","fb_image":"","twitter_title":"","twitter_description":"","twitter_image":""},"jnews_override_counter":{"override_view_counter":"0","view_counter_number":"0","override_share_counter":"0","share_counter_number":"0","override_like_counter":"0","like_counter_number":"0","override_dislike_counter":"0","dislike_counter_number":"0"},"footnotes":""},"categories":[4,2,47],"tags":[23,54],"class_list":["post-21978","post","type-post","status-publish","format-standard","has-post-thumbnail","hentry","category-futbol","category-haberler","category-profesyonel-a-futbol-takimi","tag-fenerbahce","tag-futbol"],"amp_enabled":true,"_links":{"self":[{"href":"https:\/\/www.fener.org\/index.php\/wp-json\/wp\/v2\/posts\/21978","targetHints":{"allow":["GET"]}}],"collection":[{"href":"https:\/\/www.fener.org\/index.php\/wp-json\/wp\/v2\/posts"}],"about":[{"href":"https:\/\/www.fener.org\/index.php\/wp-json\/wp\/v2\/types\/post"}],"author":[{"embeddable":true,"href":"https:\/\/www.fener.org\/index.php\/wp-json\/wp\/v2\/users\/1"}],"replies":[{"embeddable":true,"href":"https:\/\/www.fener.org\/index.php\/wp-json\/wp\/v2\/comments?post=21978"}],"version-history":[{"count":1,"href":"https:\/\/www.fener.org\/index.php\/wp-json\/wp\/v2\/posts\/21978\/revisions"}],"predecessor-version":[{"id":21980,"href":"https:\/\/www.fener.org\/index.php\/wp-json\/wp\/v2\/posts\/21978\/revisions\/21980"}],"wp:featuredmedia":[{"embeddable":true,"href":"https:\/\/www.fener.org\/index.php\/wp-json\/wp\/v2\/media\/21979"}],"wp:attachment":[{"href":"https:\/\/www.fener.org\/index.php\/wp-json\/wp\/v2\/media?parent=21978"}],"wp:term":[{"taxonomy":"category","embeddable":true,"href":"https:\/\/www.fener.org\/index.php\/wp-json\/wp\/v2\/categories?post=21978"},{"taxonomy":"post_tag","embeddable":true,"href":"https:\/\/www.fener.org\/index.php\/wp-json\/wp\/v2\/tags?post=21978"}],"curies":[{"name":"wp","href":"https:\/\/api.w.org\/{rel}","templated":true}]}}