{"id":21973,"date":"2023-10-22T08:49:29","date_gmt":"2023-10-22T05:49:29","guid":{"rendered":"https:\/\/www.fener.org\/?p=21973"},"modified":"2023-10-22T08:49:34","modified_gmt":"2023-10-22T05:49:34","slug":"fenerbahce-beko-galatasaraya-konuk-oluyor","status":"publish","type":"post","link":"https:\/\/www.fener.org\/index.php\/2023\/10\/22\/fenerbahce-beko-galatasaraya-konuk-oluyor\/","title":{"rendered":"Fenerbah\u00e7e Beko, Galatasaray&#8217;a konuk oluyor"},"content":{"rendered":"\n<p>Fenerbah\u00e7e Beko Erkek Basketbol Tak\u0131m\u0131m\u0131z, T\u00fcrkiye Sigorta Basketbol S\u00fcper Ligi 2023-24 sezonu d\u00f6rd\u00fcnc\u00fc hafta ma\u00e7\u0131nda Galatasaray Ekmas deplasman\u0131na \u00e7\u0131k\u0131yor. Bug\u00fcn (22 Ekim Pazar g\u00fcn\u00fc) saat 20.30\u2019da Sinan Erdem Spor Salonu\u2019nda oynanacak m\u00fccadele beIN Sports 5 taraf\u0131ndan canl\u0131 yay\u0131nlanacak. Kar\u015f\u0131la\u015fmay\u0131 Emin Mo\u011fulko\u00e7, Mehmet Karabilecen, \u00c7a\u011flar \u00d6zkan hakem \u00fc\u00e7l\u00fcs\u00fc y\u00f6netecek.<\/p>\n\n\n\n<p>Ekibimiz, son resmi ma\u00e7lar\u0131na Turkish Airlines EuroLeague\u2019de \u00e7\u0131kt\u0131. Fenerbah\u00e7e Beko, geride kalan \u00e7ift ma\u00e7 haftas\u0131nda iki galibiyet elde etti. 17 Ekim Sal\u0131 g\u00fcn\u00fc Panathinaikos\u2019u \u00dclker Spor ve Etkinlik Salonu\u2019nda konuk eden tak\u0131m\u0131m\u0131z, rakibini 83-69 yendi.<\/p>\n\n\n\n<p>Sar\u0131-lacivertliler, 19 Ekim Per\u015fembe g\u00fcn\u00fc ise Frans\u0131z temsilcisi LDLC ASVEL\u2019i konuk etti\u011fi m\u00fccadeleyi, bir ara 18 say\u0131 geriye d\u00fc\u015fmesine ra\u011fmen 101-86 galip bitirdi.<\/p>\n\n\n\n<p>Fenerbah\u00e7e Beko, T\u00fcrkiye Sigorta Basketbol S\u00fcper Ligi\u2019ndeki son kar\u015f\u0131la\u015fmas\u0131nda 15 Ekim Pazar g\u00fcn\u00fc konuk etti\u011fi Bah\u00e7e\u015fehir Koleji\u2019ni 113-98 yenerek \u00fc\u00e7\u00fcnc\u00fc ma\u00e7\u0131nda ikinci galibiyetini ald\u0131.<\/p>\n\n\n\n<p>Tak\u0131m\u0131m\u0131zda sakatl\u0131klar\u0131 bulunan Tyler Dorsey, Metecan Birsen ve Yi\u011fit Hamza Mesto\u011flu\u2019nun yan\u0131 s\u0131ra, cezal\u0131 olan Scottie Wilbekin de bu ma\u00e7ta forma giyemeyecek.<\/p>\n\n\n\n<p>Ko\u00e7 Zvezdan Mitrovic taraf\u0131ndan \u00e7al\u0131\u015ft\u0131r\u0131lan Galatasaray Ekmas, T\u00fcrkiye Sigorta Basketbol S\u00fcper Ligi\u2019nde bu sezon oynad\u0131\u011f\u0131 \u00fc\u00e7 ma\u00e7ta iki galibiyet ald\u0131. Rakibimiz son olarak 15 Ekim Pazar g\u00fcn\u00fc konuk oldu\u011fu Alia\u011fa Petkimspor\u2019a 76-74 ma\u011flup oldu.<\/p>\n\n\n\n<p>2023-24 sezonunda Fiba \u015eampiyonlar Ligi\u2019nde m\u00fccadele eden Galatasaray Ekmas, ilk ma\u00e7\u0131nda 18 Ekim \u00c7ar\u015famba g\u00fcn\u00fc konuk etti\u011fi PAOK\u2019a 77-88 ma\u011flup oldu.<\/p>\n","protected":false},"excerpt":{"rendered":"<p>Fenerbah\u00e7e Beko Erkek Basketbol Tak\u0131m\u0131m\u0131z, T\u00fcrkiye Sigorta Basketbol S\u00fcper Ligi 2023-24 sezonu d\u00f6rd\u00fcnc\u00fc hafta ma\u00e7\u0131nda Galatasaray Ekmas deplasman\u0131na \u00e7\u0131k\u0131yor. Bug\u00fcn (22 Ekim Pazar g\u00fcn\u00fc) saat 20.30\u2019da Sinan Erdem Spor Salonu\u2019nda oynanacak m\u00fccadele beIN Sports 5 taraf\u0131ndan canl\u0131 yay\u0131nlanacak. Kar\u015f\u0131la\u015fmay\u0131 Emin Mo\u011fulko\u00e7, Mehmet Karabilecen, \u00c7a\u011flar \u00d6zkan hakem \u00fc\u00e7l\u00fcs\u00fc y\u00f6netecek. Ekibimiz, son resmi ma\u00e7lar\u0131na Turkish Airlines EuroLeague\u2019de [&hellip;]<\/p>\n","protected":false},"author":1,"featured_media":21974,"comment_status":"closed","ping_status":"closed","sticky":false,"template":"","format":"standard","meta":{"jnews-multi-image_gallery":[],"jnews_single_post":{"subtitle":"Fenerbah\u00e7e Erkek Basketbol Tak\u0131m\u0131m\u0131z, Basketbol S\u00fcper Ligi d\u00f6rd\u00fcnc\u00fc hafta ma\u00e7\u0131nda deplasmanda Galatasaray ile m\u00fccadele edecek.","format":"standard","video":"","gallery":"","source_name":"","source_url":"","via_name":"","via_url":"","override_template":"0","override":[{"template":"1","single_blog_custom":"","parallax":"1","fullscreen":"1","layout":"right-sidebar","sidebar":"mysidebar","second_sidebar":"default-sidebar","sticky_sidebar":"1","share_position":"float","share_float_style":"share-normal","show_share_counter":"1","show_view_counter":"1","show_featured":"1","show_post_meta":"1","show_post_author":"0","show_post_author_image":"1","show_post_date":"1","post_date_format":"default","post_date_format_custom":"Y\/m\/d","show_post_category":"0","show_post_reading_time":"0","post_reading_time_wpm":"300","show_zoom_button":"0","zoom_button_out_step":"2","zoom_button_in_step":"3","show_post_tag":"0","show_prev_next_post":"1","show_popup_post":"0","number_popup_post":"3","show_author_box":"0","show_post_related":"0","show_inline_post_related":"0"}],"override_image_size":"0","image_override":[{"single_post_thumbnail_size":"crop-500","single_post_gallery_size":"crop-500"}],"trending_post":"0","trending_post_position":"meta","trending_post_label":"Trending","sponsored_post":"0","sponsored_post_label":"Sponsored by","sponsored_post_name":"","sponsored_post_url":"","sponsored_post_logo_enable":"0","sponsored_post_logo":"","sponsored_post_desc":"","disable_ad":"0"},"jnews_primary_category":{"id":"5","hide":""},"jnews_social_meta":{"fb_title":"","fb_description":"","fb_image":"","twitter_title":"","twitter_description":"","twitter_image":""},"jnews_override_counter":{"override_view_counter":"0","view_counter_number":"0","override_share_counter":"0","share_counter_number":"0","override_like_counter":"0","like_counter_number":"0","override_dislike_counter":"0","dislike_counter_number":"0"},"footnotes":""},"categories":[5,6,2],"tags":[24,23],"class_list":["post-21973","post","type-post","status-publish","format-standard","has-post-thumbnail","hentry","category-basketbol","category-erkek-basketbol","category-haberler","tag-basketbol","tag-fenerbahce"],"amp_enabled":true,"_links":{"self":[{"href":"https:\/\/www.fener.org\/index.php\/wp-json\/wp\/v2\/posts\/21973","targetHints":{"allow":["GET"]}}],"collection":[{"href":"https:\/\/www.fener.org\/index.php\/wp-json\/wp\/v2\/posts"}],"about":[{"href":"https:\/\/www.fener.org\/index.php\/wp-json\/wp\/v2\/types\/post"}],"author":[{"embeddable":true,"href":"https:\/\/www.fener.org\/index.php\/wp-json\/wp\/v2\/users\/1"}],"replies":[{"embeddable":true,"href":"https:\/\/www.fener.org\/index.php\/wp-json\/wp\/v2\/comments?post=21973"}],"version-history":[{"count":1,"href":"https:\/\/www.fener.org\/index.php\/wp-json\/wp\/v2\/posts\/21973\/revisions"}],"predecessor-version":[{"id":21975,"href":"https:\/\/www.fener.org\/index.php\/wp-json\/wp\/v2\/posts\/21973\/revisions\/21975"}],"wp:featuredmedia":[{"embeddable":true,"href":"https:\/\/www.fener.org\/index.php\/wp-json\/wp\/v2\/media\/21974"}],"wp:attachment":[{"href":"https:\/\/www.fener.org\/index.php\/wp-json\/wp\/v2\/media?parent=21973"}],"wp:term":[{"taxonomy":"category","embeddable":true,"href":"https:\/\/www.fener.org\/index.php\/wp-json\/wp\/v2\/categories?post=21973"},{"taxonomy":"post_tag","embeddable":true,"href":"https:\/\/www.fener.org\/index.php\/wp-json\/wp\/v2\/tags?post=21973"}],"curies":[{"name":"wp","href":"https:\/\/api.w.org\/{rel}","templated":true}]}}