{"id":2196,"date":"2018-10-15T12:43:52","date_gmt":"2018-10-15T09:43:52","guid":{"rendered":"https:\/\/www.fener.org\/?p=2196"},"modified":"2018-10-15T12:43:52","modified_gmt":"2018-10-15T09:43:52","slug":"atletlerimiz-yaz-genclik-olimpiyat-oyunlarinda-piste-cikti","status":"publish","type":"post","link":"https:\/\/www.fener.org\/index.php\/2018\/10\/15\/atletlerimiz-yaz-genclik-olimpiyat-oyunlarinda-piste-cikti\/","title":{"rendered":"Atletlerimiz Yaz Gen\u00e7lik Olimpiyat Oyunlar\u0131&#8217;nda piste \u00e7\u0131kt\u0131"},"content":{"rendered":"<p>Arjantin&#8217;in ba\u015fkenti Buenos Aires&#8217;te d\u00fczenlenen ve 206 \u00fclkeden yakla\u015f\u0131k 4 bin sporcunun kat\u0131l\u0131m\u0131yla ger\u00e7ekle\u015ftirilen Yaz Gen\u00e7lik Olimpiyat Oyunlar\u0131\u2019nda m\u00fccadele eden Fenerbah\u00e7eli milli atletlerimiz oyunlar\u0131n \u00fc\u00e7\u00fcnc\u00fc g\u00fcn\u00fcnde piste \u00e7\u0131kt\u0131.<\/p>\n<p>Kad\u0131nlar cirit atma ve erkekler \u00fc\u00e7 ad\u0131m atlama birinci final yar\u0131\u015flar\u0131 ger\u00e7ekle\u015ftirildi.<\/p>\n<p>Cirit atma m\u00fccadele eden Fenerbah\u00e7eli milli atlet M\u00fcnevver Hanc\u0131, 57.41\u2019lik derecesiyle 3. s\u0131rada yer al\u0131rken, \u00fc\u00e7 ad\u0131m atlamada m\u00fccadele eden di\u011fer bir Fenerbah\u00e7eli milli atlet Batuhan \u00c7ak\u0131r ise 15.45\u2019lik derecesiyle 5. oldu. \u0130ki atletimiz de ikinci etapta madalya i\u00e7in \u015fans\u0131n\u0131 s\u00fcrd\u00fcr\u00fcyor.<\/p>\n<p><img decoding=\"async\" src=\"https:\/\/www.fener.org\/xwebsites\/wp\/fener\/wp-content\/uploads\/2018\/10\/haber_atletizm_MunevverHanci_20181015.jpg\" alt=\"M\u00fcnevver Hanc\u0131\" width=\"538\" height=\"358\" class=\"alignnone size-full wp-image-2198\" srcset=\"https:\/\/www.fener.org\/xwebsites\/wp\/fener\/wp-content\/uploads\/2018\/10\/haber_atletizm_MunevverHanci_20181015.jpg 538w, https:\/\/www.fener.org\/xwebsites\/wp\/fener\/wp-content\/uploads\/2018\/10\/haber_atletizm_MunevverHanci_20181015-300x200.jpg 300w\" sizes=\"(max-width: 538px) 100vw, 538px\" \/><\/p>\n<p>Erkekler 3 ad\u0131m atlama ve kad\u0131nlar cirit atma ikinci final yar\u0131\u015flar\u0131, 16 Ekim Sal\u0131 g\u00fcn\u00fc saat 20.05 ve 20.10\u2019da ba\u015flayacak.<\/p>\n","protected":false},"excerpt":{"rendered":"<p>Arjantin&#8217;in ba\u015fkenti Buenos Aires&#8217;te d\u00fczenlenen ve 206 \u00fclkeden yakla\u015f\u0131k 4 bin sporcunun kat\u0131l\u0131m\u0131yla ger\u00e7ekle\u015ftirilen Yaz Gen\u00e7lik Olimpiyat Oyunlar\u0131\u2019nda m\u00fccadele eden Fenerbah\u00e7eli milli atletlerimiz oyunlar\u0131n \u00fc\u00e7\u00fcnc\u00fc g\u00fcn\u00fcnde piste \u00e7\u0131kt\u0131. Kad\u0131nlar cirit atma ve erkekler \u00fc\u00e7 ad\u0131m atlama birinci final yar\u0131\u015flar\u0131 ger\u00e7ekle\u015ftirildi. Cirit atma m\u00fccadele eden Fenerbah\u00e7eli milli atlet M\u00fcnevver Hanc\u0131, 57.41\u2019lik derecesiyle 3. s\u0131rada yer al\u0131rken, [&hellip;]<\/p>\n","protected":false},"author":1,"featured_media":2197,"comment_status":"closed","ping_status":"closed","sticky":false,"template":"","format":"standard","meta":{"jnews-multi-image_gallery":[],"jnews_single_post":{"override_template":"0","override":[{"template":"1","single_blog_custom":"","parallax":"1","fullscreen":"0","layout":"right-sidebar","sidebar":"default-sidebar","second_sidebar":"default-sidebar","sticky_sidebar":"1","share_position":"top","share_float_style":"share-monocrhome","show_share_counter":"1","show_view_counter":"1","show_featured":"1","show_post_meta":"1","show_post_author":"1","show_post_author_image":"1","show_post_date":"1","post_date_format":"default","post_date_format_custom":"Y\/m\/d","show_post_category":"1","show_post_tag":"1","show_prev_next_post":"1","show_popup_post":"1","number_popup_post":"1","show_author_box":"0","show_post_related":"1","show_inline_post_related":"0"}],"override_image_size":"0","image_override":[{"single_post_thumbnail_size":"crop-500","single_post_gallery_size":"crop-500"}],"trending_post":"0","trending_post_position":"meta","trending_post_label":"Trending"},"jnews_primary_category":{"id":"13"},"jnews_social_meta":{"fb_title":"","fb_description":"","fb_image":"","twitter_title":"","twitter_description":"","twitter_image":""},"jnews_override_counter":{"override_view_counter":"0","view_counter_number":"0","override_share_counter":"0","share_counter_number":"0","override_like_counter":"0","like_counter_number":"0","override_dislike_counter":"0","dislike_counter_number":"0"},"footnotes":""},"categories":[13,2],"tags":[32],"class_list":["post-2196","post","type-post","status-publish","format-standard","has-post-thumbnail","hentry","category-atletizm","category-haberler","tag-atletizm"],"amp_enabled":true,"_links":{"self":[{"href":"https:\/\/www.fener.org\/index.php\/wp-json\/wp\/v2\/posts\/2196","targetHints":{"allow":["GET"]}}],"collection":[{"href":"https:\/\/www.fener.org\/index.php\/wp-json\/wp\/v2\/posts"}],"about":[{"href":"https:\/\/www.fener.org\/index.php\/wp-json\/wp\/v2\/types\/post"}],"author":[{"embeddable":true,"href":"https:\/\/www.fener.org\/index.php\/wp-json\/wp\/v2\/users\/1"}],"replies":[{"embeddable":true,"href":"https:\/\/www.fener.org\/index.php\/wp-json\/wp\/v2\/comments?post=2196"}],"version-history":[{"count":2,"href":"https:\/\/www.fener.org\/index.php\/wp-json\/wp\/v2\/posts\/2196\/revisions"}],"predecessor-version":[{"id":2200,"href":"https:\/\/www.fener.org\/index.php\/wp-json\/wp\/v2\/posts\/2196\/revisions\/2200"}],"wp:featuredmedia":[{"embeddable":true,"href":"https:\/\/www.fener.org\/index.php\/wp-json\/wp\/v2\/media\/2197"}],"wp:attachment":[{"href":"https:\/\/www.fener.org\/index.php\/wp-json\/wp\/v2\/media?parent=2196"}],"wp:term":[{"taxonomy":"category","embeddable":true,"href":"https:\/\/www.fener.org\/index.php\/wp-json\/wp\/v2\/categories?post=2196"},{"taxonomy":"post_tag","embeddable":true,"href":"https:\/\/www.fener.org\/index.php\/wp-json\/wp\/v2\/tags?post=2196"}],"curies":[{"name":"wp","href":"https:\/\/api.w.org\/{rel}","templated":true}]}}