{"id":21951,"date":"2023-10-19T23:06:12","date_gmt":"2023-10-19T20:06:12","guid":{"rendered":"https:\/\/www.fener.org\/?p=21951"},"modified":"2023-10-19T23:06:18","modified_gmt":"2023-10-19T20:06:18","slug":"fenerbahce-beko-101-86-asvel","status":"publish","type":"post","link":"https:\/\/www.fener.org\/index.php\/2023\/10\/19\/fenerbahce-beko-101-86-asvel\/","title":{"rendered":"Fenerbah\u00e7e Beko 101-86 Asvel"},"content":{"rendered":"\n<p>Fenerbah\u00e7e Beko Erkek Basketbol Tak\u0131m\u0131m\u0131z, Turkish Airlines EuroLeague 2023-24 sezonu 4. ma\u00e7\u0131nda Asvel\u2019i konuk etti. \u00dclker Spor ve Etkinlik Salonu\u2019nda oynanan ve \u00f6zellikle d\u00f6rd\u00fcnc\u00fc \u00e7eyrekte harika bir basketbol oynayan Tak\u0131m\u0131m\u0131z, 100 say\u0131 baraj\u0131n\u0131 a\u015farak parkeden 101-86 galip ayr\u0131ld\u0131. EuroLeague\u2019de \u00e7ift ma\u00e7 haftas\u0131n\u0131 kay\u0131ps\u0131z ge\u00e7en Fenerbah\u00e7e Beko, d\u00f6rd\u00fcnc\u00fc ma\u00e7\u0131ndan \u00fc\u00e7\u00fcnc\u00fc galibiyetini \u00e7\u0131kartt\u0131.<br><br>Fenerbah\u00e7e Beko\u2019nun Asvel kar\u015f\u0131s\u0131ndaki m\u00fccadeledeye Dyshawn Pierre, Nigel Hayes-Davis, Marko Guduric, Motley ve Nick Calathes be\u015fiyle ba\u015flad\u0131.<br><br>Lauvergne ve Guduric\u2019in kar\u015f\u0131l\u0131kl\u0131 basketleriyle ba\u015flayan m\u00fccadelede Jackson ve Paris\u2019le bir ritim bulan Frans\u0131z temsilcisi TV molas\u0131na 8-15\u2019lik \u00fcst\u00fcnl\u00fckle gitti. Mola d\u00f6n\u00fc\u015f\u00fcnce Fall\u2019u pota alt\u0131nda etkili kullanan Asvel, Frank Jackson\u2019\u0131n skorer oyunuyla fark\u0131 \u00e7ift hanelere \u00e7\u0131kard\u0131. (8-21) \u00c7eyrekte son iki dakikan\u0131n i\u00e7ine girilirken Tak\u0131m\u0131m\u0131z, Papagiannis ve Scottie Wilbekin\u2019le skoru 13-24\u2019e getirdi. Bitime 9 saniye kala Wilbekin\u2019in isabeti \u00e7eyre\u011fin sonucunu belirledi. (16-28)<br><br>\u0130kinci \u00e7eyrekte ilk isabet Fenerbah\u00e7emizden geldi. (18-28) Egbunu ve Yaacov ikilisiyle skoru 18-32\u2019ye ta\u015f\u0131yan Asvel kar\u015f\u0131s\u0131nda Yam Madar ve Dyshawn Pierre\u2019in h\u0131zl\u0131 h\u00fccumlar\u0131yla sonuca giden Fenerbah\u00e7e Beko Erkek Basketbol Tak\u0131m\u0131m\u0131z fark\u0131 9 say\u0131ya indirdi. (25-34) \u00c7eyrekte ilk 5 dakikay\u0131 28-43\u2019le \u00f6nde ge\u00e7en konuk tak\u0131m olurken, Pierre ve Wilbekin\u2019le skor 30-43\u2019e geldi. Yay\u0131n gerisini iyi kullanan rakibine Tar\u0131k Biberovic ve Nick Calathes\u2019le cevap veren Ekibimiz, bitine 1 dakika kala 40-52\u2019yi buldu. Soyunma odas\u0131na \u00f6nde giren taraf 42-55\u2019le Frans\u0131z temsilcisi oldu.<br><br>\u00c7eyre\u011fin hemen ba\u015f\u0131nda 9-0\u2019l\u0131k bir seri bulan Fenerbah\u00e7e Beko Erkek Basketbol Tak\u0131m\u0131m\u0131z fark\u0131 6 say\u0131ya kadar d\u00fc\u015f\u00fcrd\u00fc. (51-57) De Colo ve Jackson\u2019la fark\u0131 yeniden \u00e7ift hanelere (51-61) \u00e7\u0131karan Asvel\u2019i Marko Guduric ve Tar\u0131k Biberovic\u2019le durduran Tak\u0131m\u0131m\u0131z, fark\u0131 2 say\u0131ya kadar d\u00fc\u015f\u00fcrd\u00fc. (59-61) Son iki dakikal\u0131k b\u00f6l\u00fcmde ma\u00e7a ortak olan ve skora denge getiren Ekibimiz, son 1 dakikada skor \u00fcst\u00fcnl\u00fc\u011f\u00fcn\u00fc yakalad\u0131. Final \u00e7eyre\u011fine 72-70\u2019le \u00f6nde giden Fenerbah\u00e7e Beko Erkek Basketbol Tak\u0131m\u0131m\u0131z oldu.<br><br>Tak\u0131m\u0131m\u0131z, Nigel Hayes-Davis\u2019in basketleriyle \u00e7ok iyi ba\u015flad\u0131\u011f\u0131 \u00e7eyrekte Tar\u0131k Biberovic, Johnathan Motley ve Wilbekin\u2019in \u00fcretken oyunuyla 85-77\u2019lik \u00fcst\u00fcnl\u00fc\u011f\u00fc yakalad\u0131. Skor avantaj\u0131n\u0131 koruyan ve savunmada \u00f6nemli bir diren\u00e7 ortaya koyan Fenerbah\u00e7emiz, parkeden 101-86 galip ayr\u0131ld\u0131.<br><br><strong>Fenerbah\u00e7e Beko (101):<\/strong> Wilbekin 18, Biberovic 17, Motley 15, Guduric 14, Hayes-Davis 14, Calathes 7, Pierre 7, Madar 7, Papagiannis 2.\u00a0<\/p>\n","protected":false},"excerpt":{"rendered":"<p>Fenerbah\u00e7e Beko Erkek Basketbol Tak\u0131m\u0131m\u0131z, Turkish Airlines EuroLeague 2023-24 sezonu 4. ma\u00e7\u0131nda Asvel\u2019i konuk etti. \u00dclker Spor ve Etkinlik Salonu\u2019nda oynanan ve \u00f6zellikle d\u00f6rd\u00fcnc\u00fc \u00e7eyrekte harika bir basketbol oynayan Tak\u0131m\u0131m\u0131z, 100 say\u0131 baraj\u0131n\u0131 a\u015farak parkeden 101-86 galip ayr\u0131ld\u0131. EuroLeague\u2019de \u00e7ift ma\u00e7 haftas\u0131n\u0131 kay\u0131ps\u0131z ge\u00e7en Fenerbah\u00e7e Beko, d\u00f6rd\u00fcnc\u00fc ma\u00e7\u0131ndan \u00fc\u00e7\u00fcnc\u00fc galibiyetini \u00e7\u0131kartt\u0131. Fenerbah\u00e7e Beko\u2019nun Asvel kar\u015f\u0131s\u0131ndaki [&hellip;]<\/p>\n","protected":false},"author":1,"featured_media":21952,"comment_status":"closed","ping_status":"closed","sticky":false,"template":"","format":"standard","meta":{"jnews-multi-image_gallery":[],"jnews_single_post":{"subtitle":"Fenerbah\u00e7e Erkek Basketbol Tak\u0131m\u0131m\u0131z, EuroLeague'de 4. hafta ma\u00e7\u0131nda Asvel\u2019i konuk etti\u011fi m\u00fccadeleden 101-86 galip ayr\u0131ld\u0131.","format":"standard","video":"","gallery":"","source_name":"","source_url":"","via_name":"","via_url":"","override_template":"0","override":[{"template":"1","single_blog_custom":"","parallax":"1","fullscreen":"1","layout":"right-sidebar","sidebar":"mysidebar","second_sidebar":"default-sidebar","sticky_sidebar":"1","share_position":"float","share_float_style":"share-normal","show_share_counter":"1","show_view_counter":"1","show_featured":"1","show_post_meta":"1","show_post_author":"0","show_post_author_image":"1","show_post_date":"1","post_date_format":"default","post_date_format_custom":"Y\/m\/d","show_post_category":"0","show_post_reading_time":"0","post_reading_time_wpm":"300","show_zoom_button":"0","zoom_button_out_step":"2","zoom_button_in_step":"3","show_post_tag":"0","show_prev_next_post":"1","show_popup_post":"0","number_popup_post":"3","show_author_box":"0","show_post_related":"0","show_inline_post_related":"0"}],"override_image_size":"0","image_override":[{"single_post_thumbnail_size":"crop-500","single_post_gallery_size":"crop-500"}],"trending_post":"0","trending_post_position":"meta","trending_post_label":"Trending","sponsored_post":"0","sponsored_post_label":"Sponsored by","sponsored_post_name":"","sponsored_post_url":"","sponsored_post_logo_enable":"0","sponsored_post_logo":"","sponsored_post_desc":"","disable_ad":"0"},"jnews_primary_category":{"id":"5","hide":""},"jnews_social_meta":{"fb_title":"","fb_description":"","fb_image":"","twitter_title":"","twitter_description":"","twitter_image":""},"jnews_override_counter":{"override_view_counter":"0","view_counter_number":"0","override_share_counter":"0","share_counter_number":"0","override_like_counter":"0","like_counter_number":"0","override_dislike_counter":"0","dislike_counter_number":"0"},"footnotes":""},"categories":[5,6,2],"tags":[24,74,23],"class_list":["post-21951","post","type-post","status-publish","format-standard","has-post-thumbnail","hentry","category-basketbol","category-erkek-basketbol","category-haberler","tag-basketbol","tag-euroleague","tag-fenerbahce"],"amp_enabled":true,"_links":{"self":[{"href":"https:\/\/www.fener.org\/index.php\/wp-json\/wp\/v2\/posts\/21951","targetHints":{"allow":["GET"]}}],"collection":[{"href":"https:\/\/www.fener.org\/index.php\/wp-json\/wp\/v2\/posts"}],"about":[{"href":"https:\/\/www.fener.org\/index.php\/wp-json\/wp\/v2\/types\/post"}],"author":[{"embeddable":true,"href":"https:\/\/www.fener.org\/index.php\/wp-json\/wp\/v2\/users\/1"}],"replies":[{"embeddable":true,"href":"https:\/\/www.fener.org\/index.php\/wp-json\/wp\/v2\/comments?post=21951"}],"version-history":[{"count":1,"href":"https:\/\/www.fener.org\/index.php\/wp-json\/wp\/v2\/posts\/21951\/revisions"}],"predecessor-version":[{"id":21953,"href":"https:\/\/www.fener.org\/index.php\/wp-json\/wp\/v2\/posts\/21951\/revisions\/21953"}],"wp:featuredmedia":[{"embeddable":true,"href":"https:\/\/www.fener.org\/index.php\/wp-json\/wp\/v2\/media\/21952"}],"wp:attachment":[{"href":"https:\/\/www.fener.org\/index.php\/wp-json\/wp\/v2\/media?parent=21951"}],"wp:term":[{"taxonomy":"category","embeddable":true,"href":"https:\/\/www.fener.org\/index.php\/wp-json\/wp\/v2\/categories?post=21951"},{"taxonomy":"post_tag","embeddable":true,"href":"https:\/\/www.fener.org\/index.php\/wp-json\/wp\/v2\/tags?post=21951"}],"curies":[{"name":"wp","href":"https:\/\/api.w.org\/{rel}","templated":true}]}}