{"id":2190,"date":"2018-10-15T11:36:13","date_gmt":"2018-10-15T08:36:13","guid":{"rendered":"https:\/\/www.fener.org\/?p=2190"},"modified":"2018-10-15T11:36:13","modified_gmt":"2018-10-15T08:36:13","slug":"u14-u15-u16-takimlarimiz-umraniyespor-ile-karsilasti","status":"publish","type":"post","link":"https:\/\/www.fener.org\/index.php\/2018\/10\/15\/u14-u15-u16-takimlarimiz-umraniyespor-ile-karsilasti\/","title":{"rendered":"U14-U15-U16 Tak\u0131mlar\u0131m\u0131z \u00dcmraniyespor ile kar\u015f\u0131la\u015ft\u0131"},"content":{"rendered":"<p>Futbol Altyap\u0131 tak\u0131mlar\u0131m\u0131zdan U14, U15 ve U16 ekiplerimiz \u00dcmraniyespor altyap\u0131 tak\u0131mlar\u0131 ile kar\u015f\u0131la\u015ft\u0131.<\/p>\n<p><strong>U16:<\/strong> Fenerbah\u00e7e 2-1 \u00dcmraniyespor<br \/>\n16 Ya\u015f Alt\u0131 Futbol Tak\u0131m\u0131m\u0131z, Spor Toto Geli\u015fim Ligi&#8217;nin 6. haftas\u0131nda \u00dcmraniyespor&#8217;u a\u011f\u0131rlad\u0131. Derea\u011fz\u0131 Lefter K\u00fc\u00e7\u00fckandonyadis Tesislerimizde oynanan m\u00fccadeleden 2-1 galip ayr\u0131lan sar\u0131 lacivertliler puan\u0131n\u0131 13&#8217;e y\u00fckseltti.<\/p>\n<p><img decoding=\"async\" src=\"https:\/\/www.fener.org\/xwebsites\/wp\/fener\/wp-content\/uploads\/2018\/10\/haber_futbol_altyapi_sonuclar_Umraniyespor_20181015.jpg\" alt=\"Fenerbah\u00e7e altyap\u0131 tak\u0131mlar\u0131m\u0131z \u00dcmraniyesporla kar\u015f\u0131la\u015ft\u0131\" width=\"538\" height=\"376\" class=\"alignnone size-full wp-image-2192\" srcset=\"https:\/\/www.fener.org\/xwebsites\/wp\/fener\/wp-content\/uploads\/2018\/10\/haber_futbol_altyapi_sonuclar_Umraniyespor_20181015.jpg 538w, https:\/\/www.fener.org\/xwebsites\/wp\/fener\/wp-content\/uploads\/2018\/10\/haber_futbol_altyapi_sonuclar_Umraniyespor_20181015-300x210.jpg 300w\" sizes=\"(max-width: 538px) 100vw, 538px\" \/><\/p>\n<p>Fenerbah\u00e7e 14 ve 15 Ya\u015f Alt\u0131 Futbol Tak\u0131mlar\u0131m\u0131z ise \u00dcmraniyespor\u2019la Spor Toto Geli\u015fim Elit Ligi&#8217;nin 6. haftas\u0131nda deplasmanda kar\u015f\u0131la\u015ft\u0131. Al\u0131nan sonu\u00e7lar \u015fu \u015fekilde:<\/p>\n<p><strong>U15:<\/strong> \u00dcmraniyespor 0-0 Fenerbah\u00e7e<\/p>\n<p><strong>U14:<\/strong> \u00dcmraniyespor 4-2 Fenerbah\u00e7e<\/p>\n","protected":false},"excerpt":{"rendered":"<p>Futbol Altyap\u0131 tak\u0131mlar\u0131m\u0131zdan U14, U15 ve U16 ekiplerimiz \u00dcmraniyespor altyap\u0131 tak\u0131mlar\u0131 ile kar\u015f\u0131la\u015ft\u0131. U16: Fenerbah\u00e7e 2-1 \u00dcmraniyespor 16 Ya\u015f Alt\u0131 Futbol Tak\u0131m\u0131m\u0131z, Spor Toto Geli\u015fim Ligi&#8217;nin 6. haftas\u0131nda \u00dcmraniyespor&#8217;u a\u011f\u0131rlad\u0131. Derea\u011fz\u0131 Lefter K\u00fc\u00e7\u00fckandonyadis Tesislerimizde oynanan m\u00fccadeleden 2-1 galip ayr\u0131lan sar\u0131 lacivertliler puan\u0131n\u0131 13&#8217;e y\u00fckseltti. Fenerbah\u00e7e 14 ve 15 Ya\u015f Alt\u0131 Futbol Tak\u0131mlar\u0131m\u0131z ise \u00dcmraniyespor\u2019la Spor [&hellip;]<\/p>\n","protected":false},"author":1,"featured_media":2191,"comment_status":"closed","ping_status":"closed","sticky":false,"template":"","format":"standard","meta":{"jnews-multi-image_gallery":[],"jnews_single_post":{"override_template":"0","override":[{"template":"1","single_blog_custom":"","parallax":"1","fullscreen":"0","layout":"right-sidebar","sidebar":"default-sidebar","second_sidebar":"default-sidebar","sticky_sidebar":"1","share_position":"top","share_float_style":"share-monocrhome","show_share_counter":"1","show_view_counter":"1","show_featured":"1","show_post_meta":"1","show_post_author":"1","show_post_author_image":"1","show_post_date":"1","post_date_format":"default","post_date_format_custom":"Y\/m\/d","show_post_category":"1","show_post_tag":"1","show_prev_next_post":"1","show_popup_post":"1","number_popup_post":"1","show_author_box":"0","show_post_related":"1","show_inline_post_related":"0"}],"override_image_size":"0","image_override":[{"single_post_thumbnail_size":"crop-500","single_post_gallery_size":"crop-500"}],"trending_post":"0","trending_post_position":"meta","trending_post_label":"Trending"},"jnews_primary_category":{"id":"4"},"jnews_social_meta":{"fb_title":"","fb_description":"","fb_image":"","twitter_title":"","twitter_description":"","twitter_image":""},"jnews_override_counter":{"override_view_counter":"0","view_counter_number":"0","override_share_counter":"0","share_counter_number":"0","override_like_counter":"0","like_counter_number":"0","override_dislike_counter":"0","dislike_counter_number":"0"},"footnotes":""},"categories":[4,17,2],"tags":[36,54],"class_list":["post-2190","post","type-post","status-publish","format-standard","has-post-thumbnail","hentry","category-futbol","category-futbol-altyapi","category-haberler","tag-altyapi","tag-futbol"],"amp_enabled":true,"_links":{"self":[{"href":"https:\/\/www.fener.org\/index.php\/wp-json\/wp\/v2\/posts\/2190","targetHints":{"allow":["GET"]}}],"collection":[{"href":"https:\/\/www.fener.org\/index.php\/wp-json\/wp\/v2\/posts"}],"about":[{"href":"https:\/\/www.fener.org\/index.php\/wp-json\/wp\/v2\/types\/post"}],"author":[{"embeddable":true,"href":"https:\/\/www.fener.org\/index.php\/wp-json\/wp\/v2\/users\/1"}],"replies":[{"embeddable":true,"href":"https:\/\/www.fener.org\/index.php\/wp-json\/wp\/v2\/comments?post=2190"}],"version-history":[{"count":3,"href":"https:\/\/www.fener.org\/index.php\/wp-json\/wp\/v2\/posts\/2190\/revisions"}],"predecessor-version":[{"id":2195,"href":"https:\/\/www.fener.org\/index.php\/wp-json\/wp\/v2\/posts\/2190\/revisions\/2195"}],"wp:featuredmedia":[{"embeddable":true,"href":"https:\/\/www.fener.org\/index.php\/wp-json\/wp\/v2\/media\/2191"}],"wp:attachment":[{"href":"https:\/\/www.fener.org\/index.php\/wp-json\/wp\/v2\/media?parent=2190"}],"wp:term":[{"taxonomy":"category","embeddable":true,"href":"https:\/\/www.fener.org\/index.php\/wp-json\/wp\/v2\/categories?post=2190"},{"taxonomy":"post_tag","embeddable":true,"href":"https:\/\/www.fener.org\/index.php\/wp-json\/wp\/v2\/tags?post=2190"}],"curies":[{"name":"wp","href":"https:\/\/api.w.org\/{rel}","templated":true}]}}