{"id":21751,"date":"2023-10-02T14:15:00","date_gmt":"2023-10-02T11:15:00","guid":{"rendered":"https:\/\/www.fener.org\/?p=21751"},"modified":"2023-10-02T23:43:59","modified_gmt":"2023-10-02T20:43:59","slug":"fenerbahcede-spartak-trnava-maci-hazirliklari-basladi","status":"publish","type":"post","link":"https:\/\/www.fener.org\/index.php\/2023\/10\/02\/fenerbahcede-spartak-trnava-maci-hazirliklari-basladi\/","title":{"rendered":"Fenerbah\u00e7e&#8217;de Spartak Trnava ma\u00e7\u0131 haz\u0131rl\u0131klar\u0131 ba\u015flad\u0131"},"content":{"rendered":"\n<p>Trendyol S\u00fcper Lig&#8217;de 7. haftay\u0131 5 &#8211; 0&#8217;l\u0131k \u00c7aykur Rizespor galibiyeti ile kapatan Fenerbah\u00e7emiz, rotas\u0131n\u0131 UEFA Konferans ligine \u00e7evirdi. Fenerbah\u00e7emiz, Spartak Trnava ma\u00e7\u0131n\u0131n haz\u0131rl\u0131klar\u0131na ara vermeden ba\u015flad\u0131.<\/p>\n\n\n\n<p>Bu sezon yoluna kay\u0131ps\u0131z devam eden Futbol Tak\u0131m\u0131m\u0131z, UEFA Konferans Ligi H Grubu 2. ma\u00e7\u0131nda per\u015fembe g\u00fcn\u00fc Spartak Trnava&#8217;ya konuk olacak.<\/p>\n\n\n\n<p>Ekibimiz, bu kar\u015f\u0131la\u015fma \u00f6ncesi ilk antrenman\u0131n\u0131 \u00f6\u011fle saatlerinde yapt\u0131.<\/p>\n\n\n\n<p>Can Bartu Tesisleri&#8217;nde Teknik Direkt\u00f6r\u00fcm\u00fcz \u0130smail Kartal y\u00f6netiminde ger\u00e7ekle\u015ftirilen antrenman ko\u015fu, \u0131s\u0131nma ve koordinasyon program\u0131 ile ba\u015flad\u0131. Pas \u00e7al\u0131\u015fmas\u0131 ile devam eden antrenman, dar alanda \u00e7ift kale ma\u00e7larla sona erdi.<\/p>\n\n\n\n<p>\u00c7aykur Rizespor kar\u015f\u0131la\u015fmas\u0131nda ilk 11&#8217;de forma giyen futbolcular\u0131m\u0131z g\u00fcn\u00fc rejenerasyon \u00e7al\u0131\u015fmalar\u0131 ile tamamlad\u0131.<\/p>\n\n\n\n<p>Tak\u0131m\u0131m\u0131z, haz\u0131rl\u0131klar\u0131n\u0131 yar\u0131n yapaca\u011f\u0131 antrenmanla s\u00fcrd\u00fcrecek.<\/p>\n","protected":false},"excerpt":{"rendered":"<p>Trendyol S\u00fcper Lig&#8217;de 7. haftay\u0131 5 &#8211; 0&#8217;l\u0131k \u00c7aykur Rizespor galibiyeti ile kapatan Fenerbah\u00e7emiz, rotas\u0131n\u0131 UEFA Konferans ligine \u00e7evirdi. Fenerbah\u00e7emiz, Spartak Trnava ma\u00e7\u0131n\u0131n haz\u0131rl\u0131klar\u0131na ara vermeden ba\u015flad\u0131. Bu sezon yoluna kay\u0131ps\u0131z devam eden Futbol Tak\u0131m\u0131m\u0131z, UEFA Konferans Ligi H Grubu 2. ma\u00e7\u0131nda per\u015fembe g\u00fcn\u00fc Spartak Trnava&#8217;ya konuk olacak. Ekibimiz, bu kar\u015f\u0131la\u015fma \u00f6ncesi ilk antrenman\u0131n\u0131 \u00f6\u011fle [&hellip;]<\/p>\n","protected":false},"author":1,"featured_media":21752,"comment_status":"closed","ping_status":"closed","sticky":false,"template":"","format":"standard","meta":{"jnews-multi-image_gallery":[],"jnews_single_post":{"subtitle":"Fenerbah\u00e7e, UEFA Konferans Ligi H Grubu 2. ma\u00e7\u0131nda Spartak Trnava ile oynayaca\u011f\u0131 ma\u00e7\u0131n haz\u0131rl\u0131klar\u0131na bug\u00fcn yapt\u0131\u011f\u0131 antrenmanla ba\u015flad\u0131.","format":"standard","video":"","gallery":"","source_name":"","source_url":"","via_name":"","via_url":"","override_template":"0","override":[{"template":"1","single_blog_custom":"","parallax":"1","fullscreen":"1","layout":"right-sidebar","sidebar":"mysidebar","second_sidebar":"default-sidebar","sticky_sidebar":"1","share_position":"float","share_float_style":"share-normal","show_share_counter":"1","show_view_counter":"1","show_featured":"1","show_post_meta":"1","show_post_author":"0","show_post_author_image":"1","show_post_date":"1","post_date_format":"default","post_date_format_custom":"Y\/m\/d","show_post_category":"0","show_post_reading_time":"0","post_reading_time_wpm":"300","show_zoom_button":"0","zoom_button_out_step":"2","zoom_button_in_step":"3","show_post_tag":"0","show_prev_next_post":"1","show_popup_post":"0","number_popup_post":"3","show_author_box":"0","show_post_related":"0","show_inline_post_related":"0"}],"override_image_size":"0","image_override":[{"single_post_thumbnail_size":"crop-500","single_post_gallery_size":"crop-500"}],"trending_post":"0","trending_post_position":"meta","trending_post_label":"Trending","sponsored_post":"0","sponsored_post_label":"Sponsored by","sponsored_post_name":"","sponsored_post_url":"","sponsored_post_logo_enable":"0","sponsored_post_logo":"","sponsored_post_desc":"","disable_ad":"0"},"jnews_primary_category":{"id":"4","hide":""},"jnews_social_meta":{"fb_title":"","fb_description":"","fb_image":"","twitter_title":"","twitter_description":"","twitter_image":""},"jnews_override_counter":{"override_view_counter":"0","view_counter_number":"0","override_share_counter":"0","share_counter_number":"0","override_like_counter":"0","like_counter_number":"0","override_dislike_counter":"0","dislike_counter_number":"0"},"footnotes":""},"categories":[4,2,47],"tags":[23,54],"class_list":["post-21751","post","type-post","status-publish","format-standard","has-post-thumbnail","hentry","category-futbol","category-haberler","category-profesyonel-a-futbol-takimi","tag-fenerbahce","tag-futbol"],"amp_enabled":true,"_links":{"self":[{"href":"https:\/\/www.fener.org\/index.php\/wp-json\/wp\/v2\/posts\/21751","targetHints":{"allow":["GET"]}}],"collection":[{"href":"https:\/\/www.fener.org\/index.php\/wp-json\/wp\/v2\/posts"}],"about":[{"href":"https:\/\/www.fener.org\/index.php\/wp-json\/wp\/v2\/types\/post"}],"author":[{"embeddable":true,"href":"https:\/\/www.fener.org\/index.php\/wp-json\/wp\/v2\/users\/1"}],"replies":[{"embeddable":true,"href":"https:\/\/www.fener.org\/index.php\/wp-json\/wp\/v2\/comments?post=21751"}],"version-history":[{"count":2,"href":"https:\/\/www.fener.org\/index.php\/wp-json\/wp\/v2\/posts\/21751\/revisions"}],"predecessor-version":[{"id":21754,"href":"https:\/\/www.fener.org\/index.php\/wp-json\/wp\/v2\/posts\/21751\/revisions\/21754"}],"wp:featuredmedia":[{"embeddable":true,"href":"https:\/\/www.fener.org\/index.php\/wp-json\/wp\/v2\/media\/21752"}],"wp:attachment":[{"href":"https:\/\/www.fener.org\/index.php\/wp-json\/wp\/v2\/media?parent=21751"}],"wp:term":[{"taxonomy":"category","embeddable":true,"href":"https:\/\/www.fener.org\/index.php\/wp-json\/wp\/v2\/categories?post=21751"},{"taxonomy":"post_tag","embeddable":true,"href":"https:\/\/www.fener.org\/index.php\/wp-json\/wp\/v2\/tags?post=21751"}],"curies":[{"name":"wp","href":"https:\/\/api.w.org\/{rel}","templated":true}]}}