{"id":21729,"date":"2023-10-01T18:16:09","date_gmt":"2023-10-01T15:16:09","guid":{"rendered":"https:\/\/www.fener.org\/?p=21729"},"modified":"2023-10-01T18:17:49","modified_gmt":"2023-10-01T15:17:49","slug":"fenerbahce-5-0-caykur-rizespor","status":"publish","type":"post","link":"https:\/\/www.fener.org\/index.php\/2023\/10\/01\/fenerbahce-5-0-caykur-rizespor\/","title":{"rendered":"Fenerbah\u00e7e 5\u20130 \u00c7aykur Rizespor"},"content":{"rendered":"\n<p>Fenerbah\u00e7emiz, Trendyol S\u00fcper Lig 7. hafta ma\u00e7\u0131nda \u00c7aykur Rizespor\u2019u 5-0 yendi. Bu sonu\u00e7la ligde 7\u2019de 7 yapan Tak\u0131m\u0131m\u0131z, puan\u0131n\u0131 21\u2019e y\u00fckseltti ve zirvedeki yerini korudu. Ekibimiz ayn\u0131 zamanda bu galibiyetle Avrupa ma\u00e7lar\u0131 da dahil, 14\u2019te 14 yapt\u0131. Gollerimizi 3. dakikada Szymanski, 47. dakikada \u0130fan Can, 62. dakikada Dzeko, 75. dakikada Tadic ve 90+3. dakikada King kaydetti.<\/p>\n\n\n\n<p>Tak\u0131m\u0131m\u0131z per\u015fembe g\u00fcn\u00fc Konferans Ligi\u2019nde Spartak Trnava\u2019ya, pazar g\u00fcn\u00fc ise ligde Kas\u0131mpa\u015fa\u2019ya konuk olacak.<\/p>\n","protected":false},"excerpt":{"rendered":"<p>Fenerbah\u00e7emiz, Trendyol S\u00fcper Lig 7. hafta ma\u00e7\u0131nda \u00c7aykur Rizespor\u2019u 5-0 yendi. Bu sonu\u00e7la ligde 7\u2019de 7 yapan Tak\u0131m\u0131m\u0131z, puan\u0131n\u0131 21\u2019e y\u00fckseltti ve zirvedeki yerini korudu. Ekibimiz ayn\u0131 zamanda bu galibiyetle Avrupa ma\u00e7lar\u0131 da dahil, 14\u2019te 14 yapt\u0131. Gollerimizi 3. dakikada Szymanski, 47. dakikada \u0130fan Can, 62. dakikada Dzeko, 75. dakikada Tadic ve 90+3. dakikada King [&hellip;]<\/p>\n","protected":false},"author":1,"featured_media":21730,"comment_status":"closed","ping_status":"closed","sticky":false,"template":"","format":"standard","meta":{"jnews-multi-image_gallery":[],"jnews_single_post":{"subtitle":"Fenerbah\u00e7e, S\u00fcper Lig'de 7. hafta ma\u00e7\u0131nda konuk etti\u011fi Rizespor\u2019u 5-0 ma\u011flup etti.","format":"standard","video":"","gallery":"","source_name":"","source_url":"","via_name":"","via_url":"","override_template":"0","override":[{"template":"1","single_blog_custom":"","parallax":"1","fullscreen":"1","layout":"right-sidebar","sidebar":"mysidebar","second_sidebar":"default-sidebar","sticky_sidebar":"1","share_position":"float","share_float_style":"share-normal","show_share_counter":"1","show_view_counter":"1","show_featured":"1","show_post_meta":"1","show_post_author":"0","show_post_author_image":"1","show_post_date":"1","post_date_format":"default","post_date_format_custom":"Y\/m\/d","show_post_category":"0","show_post_reading_time":"0","post_reading_time_wpm":"300","show_zoom_button":"0","zoom_button_out_step":"2","zoom_button_in_step":"3","show_post_tag":"0","show_prev_next_post":"1","show_popup_post":"0","number_popup_post":"3","show_author_box":"0","show_post_related":"0","show_inline_post_related":"0"}],"override_image_size":"0","image_override":[{"single_post_thumbnail_size":"crop-500","single_post_gallery_size":"crop-500"}],"trending_post":"0","trending_post_position":"meta","trending_post_label":"Trending","sponsored_post":"0","sponsored_post_label":"Sponsored by","sponsored_post_name":"","sponsored_post_url":"","sponsored_post_logo_enable":"0","sponsored_post_logo":"","sponsored_post_desc":"","disable_ad":"0"},"jnews_primary_category":{"id":"4","hide":""},"jnews_social_meta":{"fb_title":"","fb_description":"","fb_image":"","twitter_title":"","twitter_description":"","twitter_image":""},"jnews_override_counter":{"override_view_counter":"0","view_counter_number":"0","override_share_counter":"0","share_counter_number":"0","override_like_counter":"0","like_counter_number":"0","override_dislike_counter":"0","dislike_counter_number":"0"},"footnotes":""},"categories":[4,2,47],"tags":[23,54],"class_list":["post-21729","post","type-post","status-publish","format-standard","has-post-thumbnail","hentry","category-futbol","category-haberler","category-profesyonel-a-futbol-takimi","tag-fenerbahce","tag-futbol"],"amp_enabled":true,"_links":{"self":[{"href":"https:\/\/www.fener.org\/index.php\/wp-json\/wp\/v2\/posts\/21729","targetHints":{"allow":["GET"]}}],"collection":[{"href":"https:\/\/www.fener.org\/index.php\/wp-json\/wp\/v2\/posts"}],"about":[{"href":"https:\/\/www.fener.org\/index.php\/wp-json\/wp\/v2\/types\/post"}],"author":[{"embeddable":true,"href":"https:\/\/www.fener.org\/index.php\/wp-json\/wp\/v2\/users\/1"}],"replies":[{"embeddable":true,"href":"https:\/\/www.fener.org\/index.php\/wp-json\/wp\/v2\/comments?post=21729"}],"version-history":[{"count":3,"href":"https:\/\/www.fener.org\/index.php\/wp-json\/wp\/v2\/posts\/21729\/revisions"}],"predecessor-version":[{"id":21733,"href":"https:\/\/www.fener.org\/index.php\/wp-json\/wp\/v2\/posts\/21729\/revisions\/21733"}],"wp:featuredmedia":[{"embeddable":true,"href":"https:\/\/www.fener.org\/index.php\/wp-json\/wp\/v2\/media\/21730"}],"wp:attachment":[{"href":"https:\/\/www.fener.org\/index.php\/wp-json\/wp\/v2\/media?parent=21729"}],"wp:term":[{"taxonomy":"category","embeddable":true,"href":"https:\/\/www.fener.org\/index.php\/wp-json\/wp\/v2\/categories?post=21729"},{"taxonomy":"post_tag","embeddable":true,"href":"https:\/\/www.fener.org\/index.php\/wp-json\/wp\/v2\/tags?post=21729"}],"curies":[{"name":"wp","href":"https:\/\/api.w.org\/{rel}","templated":true}]}}