{"id":21621,"date":"2023-09-21T22:02:12","date_gmt":"2023-09-21T19:02:12","guid":{"rendered":"https:\/\/www.fener.org\/?p=21621"},"modified":"2023-09-21T22:02:20","modified_gmt":"2023-09-21T19:02:20","slug":"fenerbahce-3-1-fc-nordsjaelland","status":"publish","type":"post","link":"https:\/\/www.fener.org\/index.php\/2023\/09\/21\/fenerbahce-3-1-fc-nordsjaelland\/","title":{"rendered":"Fenerbah\u00e7e 3-1 FC Nordsjaelland"},"content":{"rendered":"\n<p>UEFA Konferans Ligi H Grubu ilk hafta ma\u00e7\u0131nda Danimarka&#8217;n\u0131n Nordsjaelland tak\u0131m\u0131n\u0131 \u00dclker Stadyumu Fenerbah\u00e7e \u015e\u00fckr\u00fc Saraco\u011flu Spor Kompleksi\u2019nde konuk eden Fenerbah\u00e7emiz, m\u00fccadeleden 3-1 galip ayr\u0131ld\u0131. \u00a0Bu sezon oynad\u0131\u011f\u0131 11 resmi ma\u00e7\u0131n 11\u2019inden de zaferle ayr\u0131lan Tak\u0131m\u0131m\u0131za, Nordsjaelland kar\u015f\u0131s\u0131nda galibiyeti getiren golleri 24. dakika Miguel Crespo, 30. dakika Michy Batshuayi, 47. dakikada Serdar Aziz kaydetti. Konuk ekibin tek gol\u00fc ise 55. dakikada Villadsen\u2019den geldi.<br><br>Fas\u2019taki deprem ve Libya\u2019daki sel felaketi sonucunda hayatlar\u0131n\u0131 kaybeden insanlar\u0131n an\u0131s\u0131na kar\u015f\u0131la\u015fma \u00f6ncesinde 1 dakikal\u0131k sayg\u0131 duru\u015funda bulunuldu. Her iki tak\u0131m futbolcular\u0131 sahaya siyah bantla \u00e7\u0131kt\u0131.<br><br>Tak\u0131m\u0131m\u0131z, grubundaki ikinci ma\u00e7\u0131nda 5 Ekim Per\u015fembe g\u00fcn\u00fc Slovak temsilcisi Spartak Trnava ile \u00a0Anton Malatinsk\u00fd Stadyumu\u2019nda kar\u015f\u0131la\u015facak. Bu m\u00fccadele saat 22.00\u2019da ba\u015flayacak.<br><br><strong>Ma\u00e7tan dakikalar:<\/strong><br><br>Kar\u015f\u0131la\u015fman\u0131n ilk tehlikeli ata\u011f\u0131 santra vuru\u015fundan sonra Fenerbah\u00e7emizden geldi. Soldan getirilen topu ceza sahas\u0131 yay\u0131 \u00f6n\u00fcnde alan Mert Hakan Yanda\u015f&#8217;\u0131n sol aya\u011f\u0131yla vuru\u015funda, me\u015fin yuvarlak az farkla auta \u00e7\u0131kt\u0131.<br>24. dakikada Ekibimiz kar\u015f\u0131la\u015fman\u0131n ilk gol\u00fcn\u00fc kaydetti. Sa\u011fdan Fred&#8217;in kulland\u0131\u011f\u0131 serbest vuru\u015fta, \u00f6n direkte Miguel Crespo kafa vuru\u015fuyla me\u015fin yuvarla\u011f\u0131 a\u011flara g\u00f6nderdi: 1-0.<br>30. dakikada Fenerbah\u00e7emiz fark\u0131 ikiye \u00e7\u0131kard\u0131. Orta sahada pas aras\u0131 yapan Fred&#8217;in defans\u0131n arkas\u0131na g\u00f6nderdi\u011fi topu \u00f6n\u00fcne alan Michy Batshuayi, ceza sahas\u0131na girer girmez kaleye vurdu ve me\u015fin yuvarlak filelere y\u00f6neldi: 2-0.<br>39. dakikada konuk ekip tehlikeli geldi. Ceza sahas\u0131 sa\u011f \u00e7apraz\u0131nda Jayden Oosterwolde&#8217;nin kesti\u011fi top \u00f6n\u00fcne d\u00fc\u015fen Ingvartsen&#8217;in \u00e7ekti\u011fi \u015futta kaleci Dominik Livakovic topu \u00e7eldi.<br>47. dakikada sa\u011f kenardan k\u00f6\u015fe vuru\u015funu kullanan Mert Hakan Yanda\u015f&#8217;\u0131n havadan g\u00f6nderdi\u011fi ve savunma oyuncular\u0131n\u0131n kafayla vurarak arkaya sektirdi\u011fi topu, iyi y\u00fckselen Serdar Aziz, kafa vuru\u015fuyla a\u011flara g\u00f6nderdi: 3-0.<br>55. dakikada konuk ekip fark\u0131 ikiye d\u00fc\u015f\u00fcrd\u00fc. Fenerbah\u00e7emiz ceza sahas\u0131nda \u00e7o\u011falan konuk ekipte, Djiku&#8217;nun ceza sahas\u0131ndan uzakla\u015ft\u0131rd\u0131\u011f\u0131 top Miguel Crespo&#8217;ya \u00e7arparak sa\u011f \u00e7aprazda bekleyen Villadsen&#8217;in \u00f6n\u00fcne d\u00fc\u015ft\u00fc. Bu oyuncunun vuru\u015funda top filelere y\u00f6neldi: 3-1.<br>62. dakikada orta sahada kazan\u0131lan topu Joshua King, uzun pasla sol \u00e7apraza aktard\u0131. Ryan Kent&#8217;in driplingle ceza sahas\u0131na kadar g\u00f6t\u00fcrd\u00fckten sonra sol aya\u011f\u0131yla zay\u0131f vuru\u015funda me\u015fin yuvarlak savunmaya \u00e7arparak kornere \u00e7\u0131kt\u0131.<br>65. dakikada sol kenardan geli\u015fen atakta Mert Hakan Yanda\u015f&#8217;\u0131n pas\u0131n\u0131 ceza sahas\u0131 yay\u0131 \u00f6n\u00fcnde iyi de\u011ferlendiren Fred, \u00e7al\u0131mlarla kaleye y\u00f6neldi. Bu oyuncunun vuru\u015funda savunma oyuncular\u0131na \u00e7arpan top kornere gitti.<br>70. dakikada Fred bir kez daha tehlike yaratt\u0131. Ceza sahas\u0131 yay\u0131 \u00f6n\u00fcnde topu soluna alan Fred\u2019in vuru\u015funda, me\u015fin yuvarlak az farkla auta \u00e7\u0131kt\u0131.<br>79. dakikada sa\u011f kenardan topu s\u00fcrerek ceza sahas\u0131na giren Bright Osayi-Samuel, topu penalt\u0131 noktas\u0131na do\u011fru g\u00f6nderdi. Savunman\u0131n uzakla\u015ft\u0131rd\u0131\u011f\u0131 top, oyun sahas\u0131na d\u00f6nd\u00fc.<br>81. dakikada Jayden Oosterwolde&#8217;nin sol kenardan getirdi\u011fi topu Sebastian Szymanski ceza sahas\u0131 yay\u0131 \u00f6n\u00fcnde ald\u0131. Bu oyuncunun sol aya\u011f\u0131yla \u015futunda, kaleci topu zorlukla \u00e7elerek oyun alan\u0131na g\u00f6nderdi.<br><br>M\u00fccadele, Fenerbah\u00e7emizin 3-1 \u00fcst\u00fcnl\u00fc\u011f\u00fcyle sonu\u00e7land\u0131.<\/p>\n","protected":false},"excerpt":{"rendered":"<p>UEFA Konferans Ligi H Grubu ilk hafta ma\u00e7\u0131nda Danimarka&#8217;n\u0131n Nordsjaelland tak\u0131m\u0131n\u0131 \u00dclker Stadyumu Fenerbah\u00e7e \u015e\u00fckr\u00fc Saraco\u011flu Spor Kompleksi\u2019nde konuk eden Fenerbah\u00e7emiz, m\u00fccadeleden 3-1 galip ayr\u0131ld\u0131. \u00a0Bu sezon oynad\u0131\u011f\u0131 11 resmi ma\u00e7\u0131n 11\u2019inden de zaferle ayr\u0131lan Tak\u0131m\u0131m\u0131za, Nordsjaelland kar\u015f\u0131s\u0131nda galibiyeti getiren golleri 24. dakika Miguel Crespo, 30. dakika Michy Batshuayi, 47. dakikada Serdar Aziz kaydetti. Konuk [&hellip;]<\/p>\n","protected":false},"author":1,"featured_media":21623,"comment_status":"closed","ping_status":"closed","sticky":false,"template":"","format":"standard","meta":{"jnews-multi-image_gallery":[],"jnews_single_post":{"subtitle":"Fenerbah\u00e7e, UEFA Konferans Ligi H Grubu ilk hafta ma\u00e7\u0131nda sahas\u0131nda kar\u015f\u0131la\u015ft\u0131\u011f\u0131 Nordsjaelland'\u0131 3-1 ma\u011flup etti.","format":"standard","video":"","gallery":"","source_name":"","source_url":"","via_name":"","via_url":"","override_template":"0","override":[{"template":"1","single_blog_custom":"","parallax":"1","fullscreen":"1","layout":"right-sidebar","sidebar":"mysidebar","second_sidebar":"default-sidebar","sticky_sidebar":"1","share_position":"float","share_float_style":"share-normal","show_share_counter":"1","show_view_counter":"1","show_featured":"1","show_post_meta":"1","show_post_author":"0","show_post_author_image":"1","show_post_date":"1","post_date_format":"default","post_date_format_custom":"Y\/m\/d","show_post_category":"0","show_post_reading_time":"0","post_reading_time_wpm":"300","show_zoom_button":"0","zoom_button_out_step":"2","zoom_button_in_step":"3","show_post_tag":"0","show_prev_next_post":"1","show_popup_post":"0","number_popup_post":"3","show_author_box":"0","show_post_related":"0","show_inline_post_related":"0"}],"override_image_size":"0","image_override":[{"single_post_thumbnail_size":"crop-500","single_post_gallery_size":"crop-500"}],"trending_post":"0","trending_post_position":"meta","trending_post_label":"Trending","sponsored_post":"0","sponsored_post_label":"Sponsored by","sponsored_post_name":"","sponsored_post_url":"","sponsored_post_logo_enable":"0","sponsored_post_logo":"","sponsored_post_desc":"","disable_ad":"0"},"jnews_primary_category":{"id":"4","hide":""},"jnews_social_meta":{"fb_title":"","fb_description":"","fb_image":"","twitter_title":"","twitter_description":"","twitter_image":""},"jnews_override_counter":{"override_view_counter":"0","view_counter_number":"0","override_share_counter":"0","share_counter_number":"0","override_like_counter":"0","like_counter_number":"0","override_dislike_counter":"0","dislike_counter_number":"0"},"footnotes":""},"categories":[4,2,47],"tags":[23,54],"class_list":["post-21621","post","type-post","status-publish","format-standard","has-post-thumbnail","hentry","category-futbol","category-haberler","category-profesyonel-a-futbol-takimi","tag-fenerbahce","tag-futbol"],"amp_enabled":true,"_links":{"self":[{"href":"https:\/\/www.fener.org\/index.php\/wp-json\/wp\/v2\/posts\/21621","targetHints":{"allow":["GET"]}}],"collection":[{"href":"https:\/\/www.fener.org\/index.php\/wp-json\/wp\/v2\/posts"}],"about":[{"href":"https:\/\/www.fener.org\/index.php\/wp-json\/wp\/v2\/types\/post"}],"author":[{"embeddable":true,"href":"https:\/\/www.fener.org\/index.php\/wp-json\/wp\/v2\/users\/1"}],"replies":[{"embeddable":true,"href":"https:\/\/www.fener.org\/index.php\/wp-json\/wp\/v2\/comments?post=21621"}],"version-history":[{"count":2,"href":"https:\/\/www.fener.org\/index.php\/wp-json\/wp\/v2\/posts\/21621\/revisions"}],"predecessor-version":[{"id":21624,"href":"https:\/\/www.fener.org\/index.php\/wp-json\/wp\/v2\/posts\/21621\/revisions\/21624"}],"wp:featuredmedia":[{"embeddable":true,"href":"https:\/\/www.fener.org\/index.php\/wp-json\/wp\/v2\/media\/21623"}],"wp:attachment":[{"href":"https:\/\/www.fener.org\/index.php\/wp-json\/wp\/v2\/media?parent=21621"}],"wp:term":[{"taxonomy":"category","embeddable":true,"href":"https:\/\/www.fener.org\/index.php\/wp-json\/wp\/v2\/categories?post=21621"},{"taxonomy":"post_tag","embeddable":true,"href":"https:\/\/www.fener.org\/index.php\/wp-json\/wp\/v2\/tags?post=21621"}],"curies":[{"name":"wp","href":"https:\/\/api.w.org\/{rel}","templated":true}]}}